{"id":116867,"date":"2021-05-17T10:00:17","date_gmt":"2021-05-17T14:00:17","guid":{"rendered":"https:\/\/linitiative.ca\/International\/salma-slimani-2021-lannee-de-la-reprise-et-une-bonne-affluence-des-visiteurs-tres-attendue\/"},"modified":"2021-05-17T10:00:17","modified_gmt":"2021-05-17T14:00:17","slug":"salma-slimani-2021-lannee-de-la-reprise-et-une-bonne-affluence-des-visiteurs-tres-attendue","status":"publish","type":"post","link":"https:\/\/linitiative.ca\/International\/salma-slimani-2021-lannee-de-la-reprise-et-une-bonne-affluence-des-visiteurs-tres-attendue\/","title":{"rendered":"Salma Slimani : 2021, l\u2019ann\u00e9e de la reprise et une bonne affluence des visiteurs tr\u00e8s attendue"},"content":{"rendered":"<figure class=\"post-thumbnail\" itemprop=\"associatedMedia\" itemscope=\"itemscope\" itemtype=\"http:\/\/schema.org\/ImageObject\"><img decoding=\"async\" class=\"post_layout_5_img\" src=\"http:\/\/aujourdhui.ma\/wp-content\/uploads\/2021\/05\/Salma-Slimani.jpg\" alt=\"Salma Slimani : 2021, l\u2019ann\u00e9e de la reprise et une bonne affluence des visiteurs tr\u00e8s attendue\"\/><\/figure>\n<p><span class=\"c7\"><strong>Entretien avec Salma Slimani, directrice g\u00e9n\u00e9rale d\u00e9l\u00e9gu\u00e9e du Jardin zoologique de Rabat<\/strong><\/span> <span id=\"more-376566\"\/><\/p>\n<div class=\"base-box mom_box_sc_ mom_box_sc clear c9\" readability=\"14\">\n<p><span class=\"c8\"><strong>En p\u00e9riode de crise sanitaire, la vie ne s\u2019arr\u00eate pas au sein du Jardin zoologique de Rabat. Soins, entretien, alimentation \u2026 les pensionnaires du zoo b\u00e9n\u00e9ficient d\u2019une attention tr\u00e8s particuli\u00e8re. La baisse drastique de fr\u00e9quentation n\u2019a pas emp\u00each\u00e9 ce parc de fonctionner \u00e0 son rythme normal tout en adoptant les gestes barri\u00e8res et les mesures sanitaires contre la Covid-19. Malgr\u00e9 les contraintes sanitaires et l\u2019absence des \u00e9v\u00e9nements rassembleurs d\u2019un grand nombre de personnes au sein du zoo, le parc poursuit ses activit\u00e9s et mise sur le retour des visiteurs avec l\u2019approche de l\u2019\u00e9t\u00e9 et les vacances scolaires. Les familles et les autres amoureux de la nature pourront d\u00e9couvrir les diverses esp\u00e8ces sauvages et participer \u00e0 leur protection gr\u00e2ce au programme de parrainage. Comment les animaux du Jardin zoologique de Rabat vivent la p\u00e9riode de crise sanitaire? Quelles sont les mesures prises durant cette p\u00e9riode ? Et quels sont les projets du zoo en 2021? Salma Slimani nous d\u00e9voile tout.<\/strong><\/span><\/p>\n<\/div>\n<p><strong><span class=\"c10\">ALM<\/span>: Pourriez-vous nous donner un bilan sur l\u2019activit\u00e9 du Jardin zoologique de Rabat durant cette p\u00e9riode de pand\u00e9mie?<\/strong><\/p>\n<p><span class=\"c10\"><strong>Salma Slimani<\/strong><\/span>: A l\u2019instar de l\u2019ensemble des op\u00e9rateurs du secteur des loisirs, le Jardin zoologique national de Rabat a subi avec acuit\u00e9 les effets de la crise sanitaire et du ralentissement de ses activit\u00e9s. L\u2019impact sur le chiffre d\u2019affaires est \u00e9valu\u00e9 \u00e0 60% de baisse par rapport \u00e0 2019, et plusieurs projets ont \u00e9t\u00e9 annul\u00e9s pour faire face \u00e0 la crise.<br \/>Cela \u00e9tant, et en d\u00e9pit de d\u00e9buts timides, 2021 annonce une reprise des activit\u00e9s, stimul\u00e9e par une bonne affluence de visiteurs en qu\u00eate de loisirs dans un espace ouvert respectant les mesures sanitaires en vigueur.<\/p>\n<p><strong>Comment se portent les pensionnaires du zoo, notamment les esp\u00e8ces les plus \u00e0 risque, un an apr\u00e8s l\u2019irruption de la Covid-19? Et qu\u2019est-ce qui a chang\u00e9 pour eux depuis le d\u00e9but de cette crise sanitaire ?<\/strong><\/p>\n<p>La vie \u00e0 l\u2019int\u00e9rieur du zoo n\u00e9cessite un engagement permanent de la part des \u00e9quipes techniques et v\u00e9t\u00e9rinaires, abstraction faite des conjonctures et des crises. Le but \u00e9tant de garder le mode de vie normal des animaux, avec le m\u00eame niveau de soins qu\u2019en temps normal, notamment en mati\u00e8re de sant\u00e9 animale et d\u2019hygi\u00e8ne alimentaire.<br \/>Ces efforts ont \u00e9t\u00e9 couronn\u00e9s par la naissance de plusieurs animaux en 2020 et en 2021, m\u00eame chez les esp\u00e8ces dont la reproduction est rare dans les zoos, tels que les vautours fauves, les adax, les gazelles dama Mhorr, etc.<\/p>\n<p><strong>Comment s\u2019organise le Jardin Zoologique de Rabat pour prot\u00e9ger ses employ\u00e9s, ses visiteurs ainsi que les pensionnaires du zoo contre le virus ?<\/strong><\/p>\n<p>La s\u00e9curit\u00e9 sanitaire du personnel et celle des visiteurs du zoo demeurent la priorit\u00e9 du Jardin zoologique de Rabat. Dans cette optique, une attention particuli\u00e8re est accord\u00e9e aux mesures sanitaires dict\u00e9es par les autorit\u00e9s locales pour maintenir une bonne vigilance tout au long du circuit des visites et des proc\u00e9dures de travail. A cet effet, gestes barri\u00e8res, tests, \u00e9quipement et fourniture de protection, ont \u00e9t\u00e9 autant d\u2019actions mises en \u0153uvre pour r\u00e9duire le risque de contamination et prot\u00e9ger aussi bien le personnel que les visiteurs.Les ajustements \u00e0 la situation actuelle sont apport\u00e9s au fur et \u00e0 mesure de l\u2019\u00e9volution de la situation \u00e9pid\u00e9miologique de mani\u00e8re \u00e0 contribuer efficacement \u00e0 l\u2019effort national de lutte contre la propagation du Covid19.<\/p>\n<p><strong>Quels sont les projets du Jardin zoologique de Rabat durant l\u2019ann\u00e9e 2021?<\/strong><\/p>\n<p>Compte tenu de l\u2019impact de la crise, nous \u0153uvrons pour la mise en place d\u2019actions visant \u00e0 redresser la situation, avec la reprise des activit\u00e9s suspendues durant la crise sanitaire, et ce dans le respect de l\u2019ensemble des mesures de s\u00e9curit\u00e9. Par ailleurs, la coop\u00e9ration, qui reste un axe fondamental, a permis au zoo de Rabat de diversifier sa collection et de se doter de nouvelles esp\u00e8ces telles que les les Ibis Falcinelle, des Roussettes d\u2019Egypte, des Roussards de Guin\u00e9e et des Dondes rossines. En parall\u00e8le, le zoo table sur la communication digitale, un canal strat\u00e9gique innovant pour la production de contenu de m\u00eame \u00e0 transmettre les messages sur nos valeurs et \u00e0 redonner confiance \u00e0 notre communaut\u00e9 en ligne dont le nombre avoisine les 150.000 internautes. D\u2019autres projets sont en cours de pr\u00e9paration et leur r\u00e9alisation reste tributaire des moyens qui seront mis \u00e0 la disposition du Jardin zoologique pendant et apr\u00e8s cette crise.<\/p>\n<p>Auteur: Ouchagour Leila<br \/>\n<a href=\"https:\/\/aujourdhui.ma\/societe\/salma-slimani-2021-lannee-de-la-reprise-et-une-bonne-affluence-des-visiteurs-tres-attendue\">Cliquez ici pour lire l&rsquo;article depuis sa source.<\/a><\/p>\n","protected":false},"excerpt":{"rendered":"<p>Entretien avec Salma Slimani, directrice g\u00e9n\u00e9rale d\u00e9l\u00e9gu\u00e9e du Jardin zoologique de Rabat En p\u00e9riode de crise sanitaire, la vie ne s\u2019arr\u00eate pas au sein du Jardin zoologique de Rabat. Soins, entretien, alimentation \u2026 les pensionnaires du zoo b\u00e9n\u00e9ficient d\u2019une attention tr\u00e8s particuli\u00e8re. La baisse drastique de fr\u00e9quentation n\u2019a pas emp\u00each\u00e9 ce parc de fonctionner \u00e0 [&hellip;]<\/p>\n","protected":false},"author":1759,"featured_media":0,"comment_status":"closed","ping_status":"closed","sticky":false,"template":"","format":"standard","meta":{"fifu_image_url":"http:\/\/aujourdhui.ma\/wp-content\/uploads\/2021\/05\/Salma-Slimani.jpg","fifu_image_alt":"Salma Slimani : 2021, l\u2019ann\u00e9e de la reprise et une bonne affluence des visiteurs tr\u00e8s attendue","footnotes":""},"categories":[73,54],"tags":[],"class_list":["post-116867","post","type-post","status-publish","format-standard","hentry","category-actualite","category-maroc"],"_links":{"self":[{"href":"https:\/\/linitiative.ca\/International\/wp-json\/wp\/v2\/posts\/116867","targetHints":{"allow":["GET"]}}],"collection":[{"href":"https:\/\/linitiative.ca\/International\/wp-json\/wp\/v2\/posts"}],"about":[{"href":"https:\/\/linitiative.ca\/International\/wp-json\/wp\/v2\/types\/post"}],"author":[{"embeddable":true,"href":"https:\/\/linitiative.ca\/International\/wp-json\/wp\/v2\/users\/1759"}],"replies":[{"embeddable":true,"href":"https:\/\/linitiative.ca\/International\/wp-json\/wp\/v2\/comments?post=116867"}],"version-history":[{"count":0,"href":"https:\/\/linitiative.ca\/International\/wp-json\/wp\/v2\/posts\/116867\/revisions"}],"wp:attachment":[{"href":"https:\/\/linitiative.ca\/International\/wp-json\/wp\/v2\/media?parent=116867"}],"wp:term":[{"taxonomy":"category","embeddable":true,"href":"https:\/\/linitiative.ca\/International\/wp-json\/wp\/v2\/categories?post=116867"},{"taxonomy":"post_tag","embeddable":true,"href":"https:\/\/linitiative.ca\/International\/wp-json\/wp\/v2\/tags?post=116867"}],"curies":[{"name":"wp","href":"https:\/\/api.w.org\/{rel}","templated":true}]}}