{"id":116871,"date":"2021-05-16T14:00:00","date_gmt":"2021-05-16T18:00:00","guid":{"rendered":"https:\/\/linitiative.ca\/International\/le-debat-public-simpose\/"},"modified":"2021-05-16T14:00:00","modified_gmt":"2021-05-16T18:00:00","slug":"le-debat-public-simpose","status":"publish","type":"post","link":"https:\/\/linitiative.ca\/International\/le-debat-public-simpose\/","title":{"rendered":"Le d\u00e9bat public s\u2019impose!"},"content":{"rendered":"<p class=\"has-vivid-cyan-blue-color has-text-color\"><strong>Il faudra bien avouer que le mandat actuel de l\u2019ex\u00e9cutif qui touche \u00e0 sa fin, s\u2019ach\u00e8ve en queue de poisson. Fort heureusement que la nation ait pu forger un Etat parrain, de plus en plus fort, en mesure de relever les d\u00e9fis dont la ma\u00eetrise de la pand\u00e9mie constitue, \u00e0 la diff\u00e9rence de nombre de pays avanc\u00e9s, une parfaite illustration.<\/strong><\/p>\n<p>En fait, \u00e0 seulement quelques mois du grand rendez-vous national qu\u2019est l\u2019\u00e9ch\u00e9ancier \u00e9lectoral, le gouvernement brille par une d\u00e9mission quasiment totale, en termes de mobilisation et de pr\u00e9paration massive \u00e0 cet \u00e9v\u00e9nement capital. Aucune initiative menant \u00e0 un large d\u00e9bat libre autour des th\u00e9matiques politique, socio-\u00e9conomique et culturel, auquel seraient impliqu\u00e9es les diverses couches de la soci\u00e9t\u00e9.<\/p>\n<p>Les m\u00e9dias publics sont pratiquement \u00abverrouill\u00e9s\u00bb \u00e0 tout \u00e9change soci\u00e9tal qui serait anim\u00e9 par des acteurs de tous horizons, en vue de sensibiliser, conf\u00e9d\u00e9rer les citoyens et surtout les motiver \u00e0 retrouver confiance en les institutions \u00e9lectives, toutes entit\u00e9s confondues. En lieu et place, ces supports m\u00e9diatiques versent dans la m\u00e9diocrit\u00e9 et la cacophonie les plus aga\u00e7antes, dont le paroxysme fut atteint, r\u00e9cemment lors de ce mois de Ramadan.<\/p>\n<p>A l\u2019exception donc de certaines organisations politiques, de nombre d\u2019organismes, de formations de la soci\u00e9t\u00e9 civile, notamment la fondation Lafkih T\u00e9touani et tant d\u2019autres qui ont pu vivifier le champ politique national, le son de cloche \u00e9lectoral, \u00e0 la veille de ce fait de haute acuit\u00e9, se serait compl\u00e8tement tu. Pendant ces temps cruciaux de la vie politique nationale, le gouvernement ne fait que s\u2019assoupir dans une profonde l\u00e9thargie et se contenter de se charger, tant bien que mal, des affaires au quotidien dans une disharmonie inou\u00efe entre ses constituantes.<\/p>\n<p>En effet, depuis d\u00e9j\u00e0 longtemps, la majorit\u00e9 avait toujours donn\u00e9 l\u2019impression de coque d\u00e9sagr\u00e9g\u00e9e, au sein de laquelle se \u00abquerellent\u00bb deux clans distincts, se livrant \u00e0 un combat de coq d\u00e9sempar\u00e9. R\u00e9cemment, le bras de fer entre les fers de lance de ces deux \u00a0antagonistes s\u2019est intensifi\u00e9 de plus belle par les derni\u00e8res sorties m\u00e9diatiques de la seconde \u00abt\u00eate\u00bb du lot, selon lesquelles la premi\u00e8re \u00abt\u00eate\u00bb de l\u2019ex\u00e9cutif serait tax\u00e9e d\u2019inexistante.<\/p>\n<p>Au fait, les coups de \u00abt\u00eate\u00bb sont assur\u00e9ment le fort de ce \u00abramassis\u00bb disparate\u00a0! En revanche, de l\u2019autre c\u00f4t\u00e9 de la barri\u00e8re, l\u2019opposition, il faut bien le dire, s\u2019est montr\u00e9e beaucoup plus agissante, \u00a0par ses rencontres r\u00e9guli\u00e8res, ses actions mutuelles, ses communiqu\u00e9s communs et surtout ses pressions exerc\u00e9es sur son vis-\u00e0-vis pour glaner le maximum d\u2019acquis en direction de la souverainet\u00e9 des partis et de l\u2019am\u00e9lioration de l\u2019offre \u00e9lectorale. En v\u00e9rit\u00e9, il faut bien reconna\u00eetre aussi que l\u2019envol actuel dont fait montre le trio de l\u2019opposition s\u2019est sensiblement renforc\u00e9, juste apr\u00e8s le \u00abralliement\u00bb de l\u2019un de ses formants, \u00e9vitant la discorde qui r\u00e8gne dans la majorit\u00e9.<\/p>\n<p>Sans trop dormir sur ce laurier qui pourrait para\u00eetre une flatterie vaniteuse, il y a lieu de se pr\u00e9occuper sur l\u2019avenir du paysage politique national dont le corps serait globalement sans \u00e2me ni potentiel puisqu\u2019il continue \u00e0 d\u00e9serter la sc\u00e8ne politique et, par cons\u00e9quent, se d\u00e9rober de son r\u00f4le primordial que sont l\u2019encadrement et la mise en conscience du peuple.<\/p>\n<p>Auteur: M&rsquo;hammed rahal<br \/>\n<a href=\"http:\/\/albayane.press.ma\/le-debat-public-simpose.html\">Cliquez ici pour lire l&rsquo;article depuis sa source.<\/a><\/p>\n","protected":false},"excerpt":{"rendered":"<p>Il faudra bien avouer que le mandat actuel de l\u2019ex\u00e9cutif qui touche \u00e0 sa fin, s\u2019ach\u00e8ve en queue de poisson. Fort heureusement que la nation ait pu forger un Etat parrain, de plus en plus fort, en mesure de relever les d\u00e9fis dont la ma\u00eetrise de la pand\u00e9mie constitue, \u00e0 la diff\u00e9rence de nombre de [&hellip;]<\/p>\n","protected":false},"author":1760,"featured_media":0,"comment_status":"closed","ping_status":"closed","sticky":false,"template":"","format":"standard","meta":{"fifu_image_url":"","fifu_image_alt":"","footnotes":""},"categories":[73,54],"tags":[],"class_list":["post-116871","post","type-post","status-publish","format-standard","hentry","category-actualite","category-maroc"],"_links":{"self":[{"href":"https:\/\/linitiative.ca\/International\/wp-json\/wp\/v2\/posts\/116871","targetHints":{"allow":["GET"]}}],"collection":[{"href":"https:\/\/linitiative.ca\/International\/wp-json\/wp\/v2\/posts"}],"about":[{"href":"https:\/\/linitiative.ca\/International\/wp-json\/wp\/v2\/types\/post"}],"author":[{"embeddable":true,"href":"https:\/\/linitiative.ca\/International\/wp-json\/wp\/v2\/users\/1760"}],"replies":[{"embeddable":true,"href":"https:\/\/linitiative.ca\/International\/wp-json\/wp\/v2\/comments?post=116871"}],"version-history":[{"count":0,"href":"https:\/\/linitiative.ca\/International\/wp-json\/wp\/v2\/posts\/116871\/revisions"}],"wp:attachment":[{"href":"https:\/\/linitiative.ca\/International\/wp-json\/wp\/v2\/media?parent=116871"}],"wp:term":[{"taxonomy":"category","embeddable":true,"href":"https:\/\/linitiative.ca\/International\/wp-json\/wp\/v2\/categories?post=116871"},{"taxonomy":"post_tag","embeddable":true,"href":"https:\/\/linitiative.ca\/International\/wp-json\/wp\/v2\/tags?post=116871"}],"curies":[{"name":"wp","href":"https:\/\/api.w.org\/{rel}","templated":true}]}}