{"id":116872,"date":"2021-05-16T14:00:00","date_gmt":"2021-05-16T18:00:00","guid":{"rendered":"https:\/\/linitiative.ca\/International\/adoption-du-decret-fixant-les-dates-et-calendriers-des-elections\/"},"modified":"2021-05-16T14:00:00","modified_gmt":"2021-05-16T18:00:00","slug":"adoption-du-decret-fixant-les-dates-et-calendriers-des-elections","status":"publish","type":"post","link":"https:\/\/linitiative.ca\/International\/adoption-du-decret-fixant-les-dates-et-calendriers-des-elections\/","title":{"rendered":"Adoption du d\u00e9cret fixant les dates et calendriers des \u00e9lections"},"content":{"rendered":"<p class=\"has-text-align-center has-vivid-red-color has-text-color\"><strong>Conseil de gouvernement<\/strong><\/p>\n<p class=\"has-text-color c1\"><strong>Le Conseil de gouvernement, r\u00e9uni mercredi sous la pr\u00e9sidence du Chef du gouvernement Saad Dine El Otmani, a adopt\u00e9 les projets de d\u00e9cret fixant les dates et calendriers relatifs aux op\u00e9rations \u00e9lectorales pr\u00e9vues cette ann\u00e9e dans le Royaume.<\/strong><\/p>\n<p>Il s\u2019agit du projet de d\u00e9cret N\u00b02.21.352 fixant la date d\u2019\u00e9lection des membres des chambres d\u2019agriculture, du projet de d\u00e9cret N\u00b02.21.353 fixant la date d\u2019\u00e9lection des membres des chambres de commerce, d\u2019industrie et de services, d\u2019artisanat et de p\u00eaches maritimes et du projet de d\u00e9cret N\u00b02.21.354 fixant la date d\u2019\u00e9lection des membres des conseils des communes et des arrondissements, a indiqu\u00e9 le porte-parole du gouvernement, Saaid Amzazi, dans un communiqu\u00e9 lu lors d\u2019un point de presse tenu \u00e0 l\u2019issue du Conseil.<\/p>\n<p>Il s\u2019agit \u00e9galement du projet de d\u00e9cret N\u00b02.21.355 fixant la date d\u2019\u00e9lection des membres des conseils des r\u00e9gions, du projet de d\u00e9cret N\u00b02.21.356 fixant la date d\u2019\u00e9lection des membres de la Chambre des repr\u00e9sentants, du projet de d\u00e9cret N\u00b02.21.357 fixant la date d\u2019\u00e9lection des membres des conseils des pr\u00e9fectures et provinces et du projet de d\u00e9cret N\u00b02.21.358 fixant la date d\u2019\u00e9lection des membres de la Chambre des conseillers, a-t-il pr\u00e9cis\u00e9, ajoutant que ces textes ont \u00e9t\u00e9 pr\u00e9sent\u00e9s par le ministre de l\u2019Int\u00e9rieur.<\/p>\n<p>M. Amzazi a fait savoir qu\u2019il a \u00e9t\u00e9 d\u00e9cid\u00e9 de programmer ces \u00e9ch\u00e9ances comme suit: l\u2019\u00e9lection des membres des chambres professionnelles (chambres d\u2019industrie, de commerce et de services, d\u2019artisanat, de p\u00eaches maritimes et d\u2019agriculture) le vendredi 6 ao\u00fbt prochain, des membres de la Chambre des repr\u00e9sentants, des conseils des r\u00e9gions, des communes et des arrondissements le mercredi 8 septembre 2021, des membres des conseils des pr\u00e9fectures et provinces le mardi 21 septembre 2021 et l\u2019\u00e9lection des membres de la Chambre des conseillers le mardi 5 octobre 2021.<\/p>\n<p>Auteur: M&rsquo;hammed rahal<br \/>\n<a href=\"http:\/\/albayane.press.ma\/adoption-du-decret-fixant-les-dates-et-calendriers-des-elections.html\">Cliquez ici pour lire l&rsquo;article depuis sa source.<\/a><\/p>\n","protected":false},"excerpt":{"rendered":"<p>Conseil de gouvernement Le Conseil de gouvernement, r\u00e9uni mercredi sous la pr\u00e9sidence du Chef du gouvernement Saad Dine El Otmani, a adopt\u00e9 les projets de d\u00e9cret fixant les dates et calendriers relatifs aux op\u00e9rations \u00e9lectorales pr\u00e9vues cette ann\u00e9e dans le Royaume. Il s\u2019agit du projet de d\u00e9cret N\u00b02.21.352 fixant la date d\u2019\u00e9lection des membres des [&hellip;]<\/p>\n","protected":false},"author":1760,"featured_media":0,"comment_status":"closed","ping_status":"closed","sticky":false,"template":"","format":"standard","meta":{"fifu_image_url":"","fifu_image_alt":"","footnotes":""},"categories":[73,54],"tags":[],"class_list":["post-116872","post","type-post","status-publish","format-standard","hentry","category-actualite","category-maroc"],"_links":{"self":[{"href":"https:\/\/linitiative.ca\/International\/wp-json\/wp\/v2\/posts\/116872","targetHints":{"allow":["GET"]}}],"collection":[{"href":"https:\/\/linitiative.ca\/International\/wp-json\/wp\/v2\/posts"}],"about":[{"href":"https:\/\/linitiative.ca\/International\/wp-json\/wp\/v2\/types\/post"}],"author":[{"embeddable":true,"href":"https:\/\/linitiative.ca\/International\/wp-json\/wp\/v2\/users\/1760"}],"replies":[{"embeddable":true,"href":"https:\/\/linitiative.ca\/International\/wp-json\/wp\/v2\/comments?post=116872"}],"version-history":[{"count":0,"href":"https:\/\/linitiative.ca\/International\/wp-json\/wp\/v2\/posts\/116872\/revisions"}],"wp:attachment":[{"href":"https:\/\/linitiative.ca\/International\/wp-json\/wp\/v2\/media?parent=116872"}],"wp:term":[{"taxonomy":"category","embeddable":true,"href":"https:\/\/linitiative.ca\/International\/wp-json\/wp\/v2\/categories?post=116872"},{"taxonomy":"post_tag","embeddable":true,"href":"https:\/\/linitiative.ca\/International\/wp-json\/wp\/v2\/tags?post=116872"}],"curies":[{"name":"wp","href":"https:\/\/api.w.org\/{rel}","templated":true}]}}