{"id":116874,"date":"2021-05-16T14:00:00","date_gmt":"2021-05-16T18:00:00","guid":{"rendered":"https:\/\/linitiative.ca\/International\/kenitra-interpellation-de-trois-individus-pour-possession-et-trafic-de-drogues-et-de-psychotropes\/"},"modified":"2021-05-16T14:00:00","modified_gmt":"2021-05-16T18:00:00","slug":"kenitra-interpellation-de-trois-individus-pour-possession-et-trafic-de-drogues-et-de-psychotropes","status":"publish","type":"post","link":"https:\/\/linitiative.ca\/International\/kenitra-interpellation-de-trois-individus-pour-possession-et-trafic-de-drogues-et-de-psychotropes\/","title":{"rendered":"K\u00e9nitra: interpellation de trois individus pour possession et trafic de drogues et de psychotropes"},"content":{"rendered":"<p class=\"has-text-color c1\"><strong>Les \u00e9l\u00e9ments du service pr\u00e9fectoral de la police judiciaire de K\u00e9nitra ont interpell\u00e9, samedi soir, sur la base d\u2019informations pr\u00e9cises fournies par la Direction g\u00e9n\u00e9rale de la surveillance du territoire, trois individus \u00e2g\u00e9s entre 26 et 31 ans, pour leur implication pr\u00e9sum\u00e9e dans une affaire de possession et trafic de drogues et de psychotropes.<\/strong><\/p>\n<p>Les suspects ont \u00e9t\u00e9 appr\u00e9hend\u00e9s au niveau de l\u2019autoroute reliant Tanger \u00e0 K\u00e9nitra, juste apr\u00e8s leur arriv\u00e9e \u00e0 bord d\u2019une voiture l\u00e9g\u00e8re en provenance d\u2019une ville du nord du Royaume, indique la Direction g\u00e9n\u00e9rale de la s\u00fbret\u00e9 nationale (DGSN) dans un communiqu\u00e9, ajoutant que les perquisitions effectu\u00e9es ont permis de saisir en leur possession 1435 comprim\u00e9s de drogues, dont 900 psychotropes de type \u00ab\u00a0Ecstasy\u00a0\u00bb et 535 \u00ab\u00a0Nordaz\u00a0\u00bb.<\/p>\n<p>L\u2019op\u00e9ration de pointage dans la base des donn\u00e9es de la s\u00fbret\u00e9 nationale a r\u00e9v\u00e9l\u00e9 que l\u2019un des interpell\u00e9s faisait l\u2019objet d\u2019avis de recherche au niveau national par les services de la police judiciaire de K\u00e9nitra pour son implication pr\u00e9sum\u00e9e dans une affaire pareille relative au trafic de drogues, pr\u00e9cise la DGSN.<\/p>\n<p>Les mis en cause ont \u00e9t\u00e9 plac\u00e9s en garde \u00e0 vue \u00e0 la disposition de l\u2019enqu\u00eate men\u00e9e sous la supervision du parquet comp\u00e9tent afin de d\u00e9terminer les potentielles ramifications de cette activit\u00e9 criminelle et d\u2019\u00e9lucider l\u2019ensemble des actes criminels qui leurs sont reproch\u00e9s, conclut la DGSN.<\/p>\n<p>Auteur: M&rsquo;hammed rahal<br \/>\n<a href=\"http:\/\/albayane.press.ma\/kenitra-interpellation-de-trois-individus-pour-possession-et-trafic-de-drogues-et-de-psychotropes.html\">Cliquez ici pour lire l&rsquo;article depuis sa source.<\/a><\/p>\n","protected":false},"excerpt":{"rendered":"<p>Les \u00e9l\u00e9ments du service pr\u00e9fectoral de la police judiciaire de K\u00e9nitra ont interpell\u00e9, samedi soir, sur la base d\u2019informations pr\u00e9cises fournies par la Direction g\u00e9n\u00e9rale de la surveillance du territoire, trois individus \u00e2g\u00e9s entre 26 et 31 ans, pour leur implication pr\u00e9sum\u00e9e dans une affaire de possession et trafic de drogues et de psychotropes. Les [&hellip;]<\/p>\n","protected":false},"author":1760,"featured_media":0,"comment_status":"closed","ping_status":"closed","sticky":false,"template":"","format":"standard","meta":{"fifu_image_url":"","fifu_image_alt":"","footnotes":""},"categories":[73,54],"tags":[],"class_list":["post-116874","post","type-post","status-publish","format-standard","hentry","category-actualite","category-maroc"],"_links":{"self":[{"href":"https:\/\/linitiative.ca\/International\/wp-json\/wp\/v2\/posts\/116874","targetHints":{"allow":["GET"]}}],"collection":[{"href":"https:\/\/linitiative.ca\/International\/wp-json\/wp\/v2\/posts"}],"about":[{"href":"https:\/\/linitiative.ca\/International\/wp-json\/wp\/v2\/types\/post"}],"author":[{"embeddable":true,"href":"https:\/\/linitiative.ca\/International\/wp-json\/wp\/v2\/users\/1760"}],"replies":[{"embeddable":true,"href":"https:\/\/linitiative.ca\/International\/wp-json\/wp\/v2\/comments?post=116874"}],"version-history":[{"count":0,"href":"https:\/\/linitiative.ca\/International\/wp-json\/wp\/v2\/posts\/116874\/revisions"}],"wp:attachment":[{"href":"https:\/\/linitiative.ca\/International\/wp-json\/wp\/v2\/media?parent=116874"}],"wp:term":[{"taxonomy":"category","embeddable":true,"href":"https:\/\/linitiative.ca\/International\/wp-json\/wp\/v2\/categories?post=116874"},{"taxonomy":"post_tag","embeddable":true,"href":"https:\/\/linitiative.ca\/International\/wp-json\/wp\/v2\/tags?post=116874"}],"curies":[{"name":"wp","href":"https:\/\/api.w.org\/{rel}","templated":true}]}}