{"id":116875,"date":"2021-05-17T07:00:00","date_gmt":"2021-05-17T11:00:00","guid":{"rendered":"https:\/\/linitiative.ca\/International\/actualise-seaal-se-retracte-et-maintient-le-programme-du-ramadan-en-vigueur\/"},"modified":"2021-05-17T07:00:00","modified_gmt":"2021-05-17T11:00:00","slug":"actualise-seaal-se-retracte-et-maintient-le-programme-du-ramadan-en-vigueur","status":"publish","type":"post","link":"https:\/\/linitiative.ca\/International\/actualise-seaal-se-retracte-et-maintient-le-programme-du-ramadan-en-vigueur\/","title":{"rendered":"(Actualis\u00e9) SEAAL se r\u00e9tracte et maintient le programme du ramadan en vigueur"},"content":{"rendered":"<div id=\"originalText\" readability=\"44\">\n<p>Apr\u00e8s avoir annonc\u00e9, ce matin, un nouveau plan de distribution de l\u2019eau potable dans la wilaya d\u2019Alger, assurant une alimentation quotidienne entre 12H et 20H, \u00a0la Soci\u00e9t\u00e9 des Eaux et de l\u2019Assainissement d\u2019Alger (SEAAL), s\u2019est r\u00e9tract\u00e9, pr\u00e9cisant, sur sa page facebook, que finalement \u00ab\u00a0le programme de distribution d\u2019eau potable \u00e9tabli le 7 avril 2021, durant le mois de ramadan pour Alger est toujours en vigueur et reste inchang\u00e9\u00a0\u00bb.<\/p>\n<p class=\"c6\"><strong>R\u00e9daction WEB<\/strong><\/p>\n<\/div>\n<div id=\"text_core\" readability=\"44\">\n<p>Apr\u00e8s avoir annonc\u00e9, ce matin, un nouveau plan de distribution de l\u2019eau potable dans la wilaya d\u2019Alger, assurant une alimentation quotidienne entre 12H et 20H, \u00a0la Soci\u00e9t\u00e9 des Eaux et de l\u2019Assainissement d\u2019Alger (SEAAL), s\u2019est r\u00e9tract\u00e9, pr\u00e9cisant, sur sa page facebook, que finalement \u00ab\u00a0le programme de distribution d\u2019eau potable \u00e9tabli le 7 avril 2021, durant le mois de ramadan pour Alger est toujours en vigueur et reste inchang\u00e9\u00a0\u00bb.<\/p>\n<p class=\"c6\"><strong>R\u00e9daction WEB<\/strong><\/p>\n<\/div>\n<p>Auteur:<br \/>\n<a href=\"https:\/\/www.liberte-algerie.com\/actualite\/actualise-seaal-se-retracte-et-maintient-le-programme-du-ramadan-en-vigueur-358877\">Cliquez ici pour lire l&rsquo;article depuis sa source.<\/a><\/p>\n","protected":false},"excerpt":{"rendered":"<p>Apr\u00e8s avoir annonc\u00e9, ce matin, un nouveau plan de distribution de l\u2019eau potable dans la wilaya d\u2019Alger, assurant une alimentation quotidienne entre 12H et 20H, \u00a0la Soci\u00e9t\u00e9 des Eaux et de l\u2019Assainissement d\u2019Alger (SEAAL), s\u2019est r\u00e9tract\u00e9, pr\u00e9cisant, sur sa page facebook, que finalement \u00ab\u00a0le programme de distribution d\u2019eau potable \u00e9tabli le 7 avril 2021, durant [&hellip;]<\/p>\n","protected":false},"author":1742,"featured_media":0,"comment_status":"closed","ping_status":"closed","sticky":false,"template":"","format":"standard","meta":{"fifu_image_url":"","fifu_image_alt":"","footnotes":""},"categories":[73,53],"tags":[],"class_list":["post-116875","post","type-post","status-publish","format-standard","hentry","category-actualite","category-algerie"],"_links":{"self":[{"href":"https:\/\/linitiative.ca\/International\/wp-json\/wp\/v2\/posts\/116875","targetHints":{"allow":["GET"]}}],"collection":[{"href":"https:\/\/linitiative.ca\/International\/wp-json\/wp\/v2\/posts"}],"about":[{"href":"https:\/\/linitiative.ca\/International\/wp-json\/wp\/v2\/types\/post"}],"author":[{"embeddable":true,"href":"https:\/\/linitiative.ca\/International\/wp-json\/wp\/v2\/users\/1742"}],"replies":[{"embeddable":true,"href":"https:\/\/linitiative.ca\/International\/wp-json\/wp\/v2\/comments?post=116875"}],"version-history":[{"count":0,"href":"https:\/\/linitiative.ca\/International\/wp-json\/wp\/v2\/posts\/116875\/revisions"}],"wp:attachment":[{"href":"https:\/\/linitiative.ca\/International\/wp-json\/wp\/v2\/media?parent=116875"}],"wp:term":[{"taxonomy":"category","embeddable":true,"href":"https:\/\/linitiative.ca\/International\/wp-json\/wp\/v2\/categories?post=116875"},{"taxonomy":"post_tag","embeddable":true,"href":"https:\/\/linitiative.ca\/International\/wp-json\/wp\/v2\/tags?post=116875"}],"curies":[{"name":"wp","href":"https:\/\/api.w.org\/{rel}","templated":true}]}}