{"id":116876,"date":"2021-05-17T09:26:04","date_gmt":"2021-05-17T13:26:04","guid":{"rendered":"https:\/\/linitiative.ca\/International\/journee-internationale-de-larganier-trois-questions-au-dpa\/"},"modified":"2021-05-17T09:26:04","modified_gmt":"2021-05-17T13:26:04","slug":"journee-internationale-de-larganier-trois-questions-au-dpa","status":"publish","type":"post","link":"https:\/\/linitiative.ca\/International\/journee-internationale-de-larganier-trois-questions-au-dpa\/","title":{"rendered":"Journ\u00e9e internationale de l\u2019Arganier: Trois questions au DPA"},"content":{"rendered":"<div readability=\"41\">\n<p>Propos recueillis par Mohamed KOURSI.<br \/>Essaouira \u2013 A l\u2019occasion de la c\u00e9l\u00e9bration de la Journ\u00e9e internationale de l\u2019arganier, M. Ahmed Najid, Directeur provincial de l\u2019Agriculture \u00e0 Essaouira, jette la lumi\u00e8re, dans un entretien accord\u00e9 \u00e0 la MAP, sur les principales r\u00e9alisations accumul\u00e9es au niveau de la province pour le d\u00e9veloppement de cette fili\u00e8re au cours des derni\u00e8res ann\u00e9es, ainsi que sur les actions et projets programm\u00e9s dans le cadre de la nouvelle strat\u00e9gie \u00ab\u00a0G\u00e9n\u00e9ration Green\u00a0\u00bb.<\/p>\n<\/div>\n<div readability=\"185\">\n<p><strong>En mars dernier, l\u2019Assembl\u00e9e G\u00e9n\u00e9rale des Nations Unies a proclam\u00e9 le 10 mai Journ\u00e9e internationale de l\u2019Arganier. Une d\u00e9cision qui restera grav\u00e9e dans l\u2019histoire de la biosph\u00e8re de cet arbre end\u00e9mique. Que repr\u00e9sente pour vous cette proclamation intervenue sur une initiative 100% marocaine ?.<\/strong><\/p>\n<p>Effectivement, la proclamation par l\u2019ONU de cette Journ\u00e9e est une reconnaissance internationale des efforts consentis par le Royaume en mati\u00e8re de valorisation et de promotion de l\u2019arganier, ainsi que sa contribution au d\u00e9veloppement durable.<\/p>\n<p>Cette reconnaissance constitue une source de fiert\u00e9 pour le Maroc, en g\u00e9n\u00e9ral, et pour l\u2019ensemble des acteurs et professionnels du secteur agricole, en particulier.<\/p>\n<p>La proclamation de cette Journ\u00e9e se veut aussi une reconnaissance des grands efforts d\u00e9ploy\u00e9s, des ann\u00e9es durant, par les diff\u00e9rentes parties prenantes de cette fili\u00e8re, et le minist\u00e8re de l\u2019Agriculture en particulier, pour la mise \u00e0 niveau de ce secteur sur les plans \u00e9cologique, \u00e9conomique et social, surtout qu\u2019il s\u2019agit d\u2019un arbre end\u00e9mique connu et reconnu pour ses caract\u00e9ristiques intrins\u00e8ques sp\u00e9cifiques et ses multiples vertus.<\/p>\n<p>Ainsi, la Direction provinciale de l\u2019agriculture a accord\u00e9 un int\u00e9r\u00eat tr\u00e8s particulier \u00e0 cet \u00e9cosyst\u00e8me arganier qui emploie plus de 2.000 femmes, notamment rurales, dont le revenu est intimement li\u00e9 \u00e0 leurs activit\u00e9s dans cette fili\u00e8re en s\u2019organisant dans des coop\u00e9ratives de production et de commercialisation de l\u2019huile d\u2019argan.<\/p>\n<p>Cette cons\u00e9cration mondiale de l\u2019arganier traduit \u00e9galement cet engagement infaillible pour veiller \u00e0 la pr\u00e9servation de ce patrimoine immat\u00e9riel embl\u00e9matique, sachant que l\u2019arganier couvre plus de 136.000 ha dans la province, soit 20% de l\u2019\u00e9cosyst\u00e8me arganier au niveau national.<\/p>\n<p>Consciente de l\u2019importance de l\u2019apport socio-\u00e9conomique et environnemental de cet \u00e9cosyst\u00e8me, la Direction provinciale demeure engag\u00e9e en vue d\u2019\u0153uvrer pour le d\u00e9veloppement de cette fili\u00e8re et la r\u00e9alisation des objectifs escompt\u00e9s.<\/p>\n<p><strong>\u2013 Quelles sont les principales r\u00e9alisations accomplies au niveau de la province d\u2019Essaouira pour le d\u00e9veloppement de cette fili\u00e8re au cours des derni\u00e8res ann\u00e9es ?.<\/strong><\/p>\n<p>La fili\u00e8re de l\u2019arganier compte parmi les principaux axes strat\u00e9giques du d\u00e9veloppement du secteur agricole au niveau de la province d\u2019Essaouira. En effet, depuis le lancement du Plan Maroc Vert (PMV), il a \u00e9t\u00e9 proc\u00e9d\u00e9 \u00e0 la mise en place de trois projets d\u00e9di\u00e9s au d\u00e9veloppement et \u00e0 la mise \u00e0 niveau de cette fili\u00e8re, notamment le projet \u00ab\u00a0Appui \u00e0 l\u2019\u00e9mergence et \u00e0 la bonne gouvernance des coop\u00e9ratives de production et de commercialisation d\u2019huile d\u2019argan\u00a0\u00bb, pour un co\u00fbt global estim\u00e9 \u00e0 19 millions de DH.<\/p>\n<p>Ce projet vise essentiellement \u00e0 am\u00e9liorer la situation socio-\u00e9conomique de la femme rurale, \u00e0 tripler le volume de l\u2019huile d\u2019argan produite par le secteur organis\u00e9, \u00e0 valoriser cette huile et ses sous-produits, \u00e0 mettre niveau les coop\u00e9ratives argani\u00e8res et \u00e0 soutenir la commercialisation.<\/p>\n<p>Pour la r\u00e9alisation de ces objectifs, plusieurs actions ont \u00e9t\u00e9 men\u00e9es dans le cadre dudit projet, dont l\u2019organisation des femmes dans des coop\u00e9ratives afin de passer de 37 \u00e0 50 coop\u00e9ratives au terme du projet, l\u2019am\u00e9lioration des conditions de travail des femmes rurales et de production de l\u2019huile d\u2019argan via l\u2019am\u00e9nagement, l\u2019\u00e9quipement des unit\u00e9s de production de ces organisations argani\u00e8res et l\u2019accompagnement de 25 coop\u00e9ratives pour l\u2019adoption des principes de bonne gouvernance, outre l\u2019appui \u00e0 la commercialisation des produits.<\/p>\n<p>Apr\u00e8s 10 ann\u00e9es de mise en \u0153uvre de ce projet ambitieux, les actions entreprises se sont av\u00e9r\u00e9es tr\u00e8s concluantes dans la mesure o\u00f9 la province compte actuellement plus de 100 coop\u00e9ratives de commercialisation et de production de l\u2019huile d\u2019argan, d\u00e9passant ainsi l\u2019objectif fix\u00e9, sachant que plus de 70 parmi elles ont b\u00e9n\u00e9fici\u00e9 des initiatives programm\u00e9es dans le cadre du PMV, plus de 50 coop\u00e9ratives ont tir\u00e9 profit du soutien pour l\u2019am\u00e9nagement, une soixantaine de l\u2019\u00e9quipement et 40 autres de l\u2019appui en mat\u00e9riels de valorisation (\u00e9tiquetage, bouteilles, etc\u2026).<\/p>\n<p>Une attention particuli\u00e8re a \u00e9t\u00e9 \u00e9galement accord\u00e9e au volet de la formation au niveau de l\u2019ensemble des maillons de la cha\u00eene de valeur de la fili\u00e8re, allant de la production \u00e0 la commercialisation, en passant par le stockage et la valorisation.<\/p>\n<p>C\u00f4t\u00e9 commercialisation, et pour apporter des solutions aux contraintes pos\u00e9es aux coop\u00e9ratives dans ce sens, il a \u00e9t\u00e9 proc\u00e9d\u00e9 \u00e0 la construction et l\u2019\u00e9quipement de \u00ab\u00a0Dar Argan\u00a0\u00bb (maison de l\u2019argan), un projet pilote visant l\u2019agr\u00e9gation des efforts des coop\u00e9ratives pour leur faciliter l\u2019acc\u00e8s aux march\u00e9s. Cette structure sera inaugur\u00e9e et c\u00e9d\u00e9e au porteur du projet d\u2019agr\u00e9gation dans les prochains jours et ce, dans le cadre des activit\u00e9s programm\u00e9es pour la c\u00e9l\u00e9bration de cette Journ\u00e9e internationale de l\u2019arganier au niveau provincial.<\/p>\n<p>La dimension environnementale n\u2019\u00e9tait pas en reste. En effet, avec l\u2019appui de la Banque Mondiale, deux unit\u00e9s de fabrication et de commercialisation d\u2019aliments compos\u00e9s pour b\u00e9tail, con\u00e7us \u00e0 base des sous-produits de l\u2019extraction de l\u2019huile d\u2019argan (enveloppe de l\u2019argan \u00ab\u00a0Aligue\u00a0\u00bb et tourteau issu de l\u2019extraction \u00ab\u00a0Zagmouna\u00a0\u00bb), dans le cadre d\u2019une convention de partenariat avec la recherche agronomique, ont \u00e9t\u00e9 construites dans les communes d\u2019El Hanchane et de Tamanar, pour un investissement global estim\u00e9 \u00e0 15 MDH. L\u2019objectif escompt\u00e9 est de r\u00e9duire la pression du p\u00e2turage dans la for\u00eat de l\u2019arganier, tout en pr\u00e9servant la qualit\u00e9 des aliments et fourrages voulus et recherch\u00e9s par les \u00e9leveurs pour leurs cheptels.<\/p>\n<p><strong>\u2013 Qu\u2019en est-il des futures actions et projets programm\u00e9s durant les prochaines ann\u00e9es au niveau de la province dans le cadre de la nouvelle strat\u00e9gie \u00ab\u00a0G\u00e9n\u00e9ration Green\u00a0\u00bb, qui r\u00e9serve une place de choix au d\u00e9veloppement de cette fili\u00e8re ?.<\/strong><\/p>\n<p>La fili\u00e8re de l\u2019argan occupe une place incontournable dans la nouvelle strat\u00e9gie \u00ab\u00a0G\u00e9n\u00e9ration Green\u00a0\u00bb. Des projets int\u00e9gr\u00e9s ont \u00e9t\u00e9 ainsi mis en place, portant essentiellement sur la poursuite des op\u00e9rations de plantation additionnelles d\u2019arganiers dans des exploitations et terrains agricoles priv\u00e9s sur une superficie de 12.500 ha bours et biologiques, la valorisation de la mati\u00e8re premi\u00e8re au niveau des points de collecte et le renforcement des capacit\u00e9s des professionnels, des ayant droits et des femmes membres des coop\u00e9ratives, notamment \u00e0 travers la mise en place d\u2019une assurance m\u00e9dicale, en \u00e9troite collaboration avec la F\u00e9d\u00e9ration interprofessionnelle de la fili\u00e8re, tout en continuant \u00e0 soutenir et \u00e0 \u00e9quiper les coop\u00e9ratives nouvellement cr\u00e9\u00e9es.<\/p>\n<p>Cette op\u00e9ration a \u00e9t\u00e9 lanc\u00e9e effectivement, sachant que plus de 130 femmes argani\u00e8res relevant de diff\u00e9rentes coop\u00e9ratives ont b\u00e9n\u00e9fici\u00e9 cette ann\u00e9e de cette initiative.<\/p>\n<p>Pour ce qui est des contraintes de commercialisation, la r\u00e9flexion est orient\u00e9e vers la cr\u00e9ation d\u2019une plateforme num\u00e9rique d\u00e9di\u00e9e \u00e0 cet effet, afin de renforcer la marge de b\u00e9n\u00e9fices des femmes.<\/p>\n<p>Des actions sont \u00e9galement pr\u00e9vues pour la p\u00e9rennisation de ces projets, tout en examinant la possibilit\u00e9 de l\u2019exploitation des r\u00e9sidus et de la coquille de l\u2019argan pour la production de l\u2019\u00e9nergie propre, outre l\u2019insertion de l\u2019\u00e9cosyst\u00e8me arganier dans des circuits touristiques, l\u2019objectif ultime \u00e9tant de soutenir l\u2019activit\u00e9 touristique \u00e0 l\u2019\u00e9chelle provinciale, faire davantage la lumi\u00e8re sur ces produits de terroir et, partant, de g\u00e9n\u00e9rer un revenu suppl\u00e9mentaire pour les coop\u00e9ratives, notamment les femmes rurales qui s\u2019activent dans ce domaine.<\/p>\n<\/div>\n<p>Auteur: Meriem IGASS<br \/>\n<a href=\"http:\/\/www.mapmarrakech.ma\/fr\/journee-internationale-de-larganier-trois-questions-au-dpa\/\">Cliquez ici pour lire l&rsquo;article depuis sa source.<\/a><\/p>\n","protected":false},"excerpt":{"rendered":"<p>Propos recueillis par Mohamed KOURSI.Essaouira \u2013 A l\u2019occasion de la c\u00e9l\u00e9bration de la Journ\u00e9e internationale de l\u2019arganier, M. Ahmed Najid, Directeur provincial de l\u2019Agriculture \u00e0 Essaouira, jette la lumi\u00e8re, dans un entretien accord\u00e9 \u00e0 la MAP, sur les principales r\u00e9alisations accumul\u00e9es au niveau de la province pour le d\u00e9veloppement de cette fili\u00e8re au cours des [&hellip;]<\/p>\n","protected":false},"author":1788,"featured_media":0,"comment_status":"closed","ping_status":"closed","sticky":false,"template":"","format":"standard","meta":{"fifu_image_url":"","fifu_image_alt":"","footnotes":""},"categories":[54,76],"tags":[],"class_list":["post-116876","post","type-post","status-publish","format-standard","hentry","category-maroc","category-regions"],"_links":{"self":[{"href":"https:\/\/linitiative.ca\/International\/wp-json\/wp\/v2\/posts\/116876","targetHints":{"allow":["GET"]}}],"collection":[{"href":"https:\/\/linitiative.ca\/International\/wp-json\/wp\/v2\/posts"}],"about":[{"href":"https:\/\/linitiative.ca\/International\/wp-json\/wp\/v2\/types\/post"}],"author":[{"embeddable":true,"href":"https:\/\/linitiative.ca\/International\/wp-json\/wp\/v2\/users\/1788"}],"replies":[{"embeddable":true,"href":"https:\/\/linitiative.ca\/International\/wp-json\/wp\/v2\/comments?post=116876"}],"version-history":[{"count":0,"href":"https:\/\/linitiative.ca\/International\/wp-json\/wp\/v2\/posts\/116876\/revisions"}],"wp:attachment":[{"href":"https:\/\/linitiative.ca\/International\/wp-json\/wp\/v2\/media?parent=116876"}],"wp:term":[{"taxonomy":"category","embeddable":true,"href":"https:\/\/linitiative.ca\/International\/wp-json\/wp\/v2\/categories?post=116876"},{"taxonomy":"post_tag","embeddable":true,"href":"https:\/\/linitiative.ca\/International\/wp-json\/wp\/v2\/tags?post=116876"}],"curies":[{"name":"wp","href":"https:\/\/api.w.org\/{rel}","templated":true}]}}