{"id":116878,"date":"2021-05-17T11:52:06","date_gmt":"2021-05-17T15:52:06","guid":{"rendered":"https:\/\/linitiative.ca\/International\/covid-19-la-publication-du-bulletin-quotidien-maintenue-a-16h00\/"},"modified":"2021-05-17T11:52:06","modified_gmt":"2021-05-17T15:52:06","slug":"covid-19-la-publication-du-bulletin-quotidien-maintenue-a-16h00","status":"publish","type":"post","link":"https:\/\/linitiative.ca\/International\/covid-19-la-publication-du-bulletin-quotidien-maintenue-a-16h00\/","title":{"rendered":"Covid-19: La publication du bulletin quotidien maintenue \u00e0 16H00"},"content":{"rendered":"<div class=\"single-featured\"><img alt=\"\" data-src=\"http:\/\/www.mapmarrakech.ma\/map\/uploads\/2021\/03\/minist\u00e8re-de-la-sant\u00e9-.jpg\"\/><\/div>\n<div class=\"single-post-excerpt post-excerpt-bc\" readability=\"36\">\n<p>Le minist\u00e8re de la Sant\u00e9 a annonc\u00e9, lundi, le maintien de la publication du bulletin quotidien sur la situation de la Covid-19 \u00e0 16H00, au lieu de 18H00 en vigueur avant le mois de Ramadan.<\/p>\n<\/div>\n<div class=\"entry-content clearfix single-post-content\" readability=\"45\">\n<p>Cette d\u00e9cision a \u00e9t\u00e9 prise suite \u00e0 \u00ab\u00a0la constatation de la satisfaction des citoyens\u00a0\u00bb quant au choix de cette heure, souligne le minist\u00e8re dans un communiqu\u00e9, notant que le bulletin quotidien est toujours publi\u00e9 sur le portail officiel covidmaroc.ma.<\/p>\n<p>Le minist\u00e8re appelle, par ailleurs, tous les citoyens \u00e0 continuer \u00e0 respecter, avec s\u00e9rieux et responsabilit\u00e9, les mesures pr\u00e9ventives et les gestes barri\u00e8res, afin de lutter contre la propagation de la Covid-19.<\/p>\n<\/div>\n<p>Auteur: Meriem IGASS<br \/>\n<a href=\"http:\/\/www.mapmarrakech.ma\/fr\/covid-19-la-publication-du-bulletin-quotidien-maintenue-a-16h00\/\">Cliquez ici pour lire l&rsquo;article depuis sa source.<\/a><\/p>\n","protected":false},"excerpt":{"rendered":"<p>Le minist\u00e8re de la Sant\u00e9 a annonc\u00e9, lundi, le maintien de la publication du bulletin quotidien sur la situation de la Covid-19 \u00e0 16H00, au lieu de 18H00 en vigueur avant le mois de Ramadan. Cette d\u00e9cision a \u00e9t\u00e9 prise suite \u00e0 \u00ab\u00a0la constatation de la satisfaction des citoyens\u00a0\u00bb quant au choix de cette heure, [&hellip;]<\/p>\n","protected":false},"author":1788,"featured_media":0,"comment_status":"closed","ping_status":"closed","sticky":false,"template":"","format":"standard","meta":{"fifu_image_url":"http:\/\/www.mapmarrakech.ma\/map\/uploads\/2021\/03\/minist\u00e8re-de-la-sant\u00e9-.jpg","fifu_image_alt":"Covid-19: La publication du bulletin quotidien maintenue \u00e0 16H00","footnotes":""},"categories":[54,76],"tags":[],"class_list":["post-116878","post","type-post","status-publish","format-standard","hentry","category-maroc","category-regions"],"_links":{"self":[{"href":"https:\/\/linitiative.ca\/International\/wp-json\/wp\/v2\/posts\/116878","targetHints":{"allow":["GET"]}}],"collection":[{"href":"https:\/\/linitiative.ca\/International\/wp-json\/wp\/v2\/posts"}],"about":[{"href":"https:\/\/linitiative.ca\/International\/wp-json\/wp\/v2\/types\/post"}],"author":[{"embeddable":true,"href":"https:\/\/linitiative.ca\/International\/wp-json\/wp\/v2\/users\/1788"}],"replies":[{"embeddable":true,"href":"https:\/\/linitiative.ca\/International\/wp-json\/wp\/v2\/comments?post=116878"}],"version-history":[{"count":0,"href":"https:\/\/linitiative.ca\/International\/wp-json\/wp\/v2\/posts\/116878\/revisions"}],"wp:attachment":[{"href":"https:\/\/linitiative.ca\/International\/wp-json\/wp\/v2\/media?parent=116878"}],"wp:term":[{"taxonomy":"category","embeddable":true,"href":"https:\/\/linitiative.ca\/International\/wp-json\/wp\/v2\/categories?post=116878"},{"taxonomy":"post_tag","embeddable":true,"href":"https:\/\/linitiative.ca\/International\/wp-json\/wp\/v2\/tags?post=116878"}],"curies":[{"name":"wp","href":"https:\/\/api.w.org\/{rel}","templated":true}]}}