{"id":116879,"date":"2021-05-17T12:54:27","date_gmt":"2021-05-17T16:54:27","guid":{"rendered":"https:\/\/linitiative.ca\/International\/reconnaissance-des-efforts-pour-la-promotion-de-lecosysteme-arganier\/"},"modified":"2021-05-17T12:54:27","modified_gmt":"2021-05-17T16:54:27","slug":"reconnaissance-des-efforts-pour-la-promotion-de-lecosysteme-arganier","status":"publish","type":"post","link":"https:\/\/linitiative.ca\/International\/reconnaissance-des-efforts-pour-la-promotion-de-lecosysteme-arganier\/","title":{"rendered":"Reconnaissance des efforts pour la promotion de l\u2019\u00e9cosyst\u00e8me arganier"},"content":{"rendered":"<div readability=\"39\">\n<p>Par Mohamed KOURSI.<br \/>Essaouira \u2013 La proclamation par les Nations Unies du 10 mai Journ\u00e9e internationale de l\u2019Arganier est une reconnaissance des efforts consentis, des ann\u00e9es durant, par le Royaume pour la valorisation et la promotion de cet \u00e9cosyst\u00e8me, a affirm\u00e9 le Directeur provincial de l\u2019Agriculture \u00e0 Essaouira, M. Ahmed Najid.<\/p>\n<\/div>\n<div readability=\"171\">\n<p>Cette r\u00e9solution onusienne constitue une source de fiert\u00e9 pour le Maroc, en g\u00e9n\u00e9ral, et pour l\u2019ensemble des acteurs et professionnels du secteur agricole, en particulier, a ajout\u00e9 le responsable dans un entretien accord\u00e9 \u00e0 la MAP, \u00e0 l\u2019occasion de la c\u00e9l\u00e9bration de cette Journ\u00e9e.<\/p>\n<p>Et de poursuivre que la proclamation de cette Journ\u00e9e se veut aussi une reconnaissance des grands efforts d\u00e9ploy\u00e9s par les diff\u00e9rentes parties prenantes de cette fili\u00e8re, et le minist\u00e8re de l\u2019Agriculture en particulier, pour la mise \u00e0 niveau de ce secteur sur les plans \u00e9cologique et socio-\u00e9conomique, surtout qu\u2019il s\u2019agit d\u2019un arbre end\u00e9mique connu et reconnu pour ses caract\u00e9ristiques intrins\u00e8ques sp\u00e9cifiques et ses multiples vertus.<\/p>\n<p>Ainsi, la Direction provinciale de l\u2019agriculture a accord\u00e9 un int\u00e9r\u00eat tr\u00e8s particulier \u00e0 cet \u00e9cosyst\u00e8me arganier qui emploie plus de 2.000 femmes, notamment rurales, dont le revenu est intimement li\u00e9 \u00e0 leurs activit\u00e9s dans cette fili\u00e8re en s\u2019organisant dans des coop\u00e9ratives de production et de commercialisation de l\u2019huile d\u2019argan, a-t-il relev\u00e9.<\/p>\n<p>Cette cons\u00e9cration mondiale de l\u2019arganier refl\u00e8te aussi cet engagement infaillible pour la pr\u00e9servation de ce patrimoine immat\u00e9riel embl\u00e9matique, sachant que l\u2019arganier couvre plus de 136.000 ha dans la province, soit 20% de l\u2019\u00e9cosyst\u00e8me arganier au niveau national, a encha\u00een\u00e9 M. Najid, soulignant la d\u00e9termination constante de la Direction provinciale pour le d\u00e9veloppement de cette fili\u00e8re et la r\u00e9alisation des objectifs escompt\u00e9s.<\/p>\n<p>Abordant les principales r\u00e9alisations accomplies au niveau de la province d\u2019Essaouira pour la promotion de cette fili\u00e8re, M. Najid a indiqu\u00e9 que depuis le lancement du Plan Maroc Vert (PMV), il a \u00e9t\u00e9 proc\u00e9d\u00e9 \u00e0 la mise en place de trois projets d\u00e9di\u00e9s au d\u00e9veloppement et \u00e0 la mise \u00e0 niveau de cette fili\u00e8re, notamment le projet \u00ab\u00a0Appui \u00e0 l\u2019\u00e9mergence et \u00e0 la bonne gouvernance des coop\u00e9ratives de production et de commercialisation d\u2019huile d\u2019argan\u00a0\u00bb, pour un co\u00fbt global de 19 millions de DH (MDH).<\/p>\n<p>Ce projet, a-t-il expliqu\u00e9, vise \u00e0 am\u00e9liorer la situation socio-\u00e9conomique de la femme rurale, \u00e0 tripler le volume de l\u2019huile d\u2019argan produite par le secteur organis\u00e9, \u00e0 valoriser cette huile et ses sous-produits, \u00e0 mettre \u00e0 niveau les coop\u00e9ratives argani\u00e8res et \u00e0 soutenir la commercialisation.<\/p>\n<p>Pour la r\u00e9alisation de ces objectifs, plusieurs actions ont \u00e9t\u00e9 men\u00e9es dans le cadre de ce projet, dont l\u2019organisation des femmes dans des coop\u00e9ratives pour passer de 37 \u00e0 50 coop\u00e9ratives au terme du projet, l\u2019am\u00e9lioration des conditions de travail des femmes rurales et de production de l\u2019huile d\u2019argan via l\u2019am\u00e9nagement, l\u2019\u00e9quipement des unit\u00e9s de production de ces organisations argani\u00e8res et l\u2019accompagnement de 25 coop\u00e9ratives pour l\u2019adoption des principes de bonne gouvernance, outre l\u2019appui \u00e0 la commercialisation des produits, a fait savoir le responsable.<\/p>\n<p>Et d\u2019ajouter qu\u2019apr\u00e8s 10 ann\u00e9es de mise en \u0153uvre de ce projet ambitieux, les actions entreprises se sont av\u00e9r\u00e9es tr\u00e8s concluantes dans la mesure o\u00f9 la province compte actuellement plus de 100 coop\u00e9ratives de commercialisation et de production de l\u2019huile d\u2019argan, d\u00e9passant ainsi l\u2019objectif fix\u00e9, sachant que plus de 70 parmi elles ont b\u00e9n\u00e9fici\u00e9 des initiatives programm\u00e9es dans le cadre du PMV, alors que 50 coop\u00e9ratives ont tir\u00e9 profit du soutien pour l\u2019am\u00e9nagement, une soixantaine de l\u2019\u00e9quipement et 40 autres de l\u2019appui en mat\u00e9riels de valorisation (\u00e9tiquetage, bouteilles, etc\u2026).<\/p>\n<p>De m\u00eame, une attention particuli\u00e8re a \u00e9t\u00e9 accord\u00e9e au volet de la formation au niveau de l\u2019ensemble de la cha\u00eene de valeur de la fili\u00e8re, allant de la production \u00e0 la commercialisation, en passant par le stockage et la valorisation, alors que pour ce qui est de la commercialisation, il a \u00e9t\u00e9 proc\u00e9d\u00e9 \u00e0 la construction et l\u2019\u00e9quipement de \u00ab\u00a0Dar Argan\u00a0\u00bb (maison de l\u2019argan), un projet pilote visant l\u2019agr\u00e9gation des efforts des coop\u00e9ratives pour leur faciliter l\u2019acc\u00e8s aux march\u00e9s, selon M. Najid, qui a pr\u00e9cis\u00e9 que cette structure sera inaugur\u00e9e et c\u00e9d\u00e9e au porteur du projet d\u2019agr\u00e9gation dans les prochains jours et ce, dans le cadre des activit\u00e9s programm\u00e9es pour la c\u00e9l\u00e9bration de cette Journ\u00e9e internationale au niveau provincial.<\/p>\n<p>La dimension environnementale n\u2019\u00e9tait pas en reste, a-t-il dit, pr\u00e9cisant qu\u2019avec l\u2019appui de la Banque Mondiale, deux unit\u00e9s de fabrication et de commercialisation d\u2019aliments compos\u00e9s pour b\u00e9tail, con\u00e7us \u00e0 base des sous-produits de l\u2019extraction de l\u2019huile d\u2019argan, dans le cadre d\u2019une convention de partenariat avec la recherche agronomique, ont \u00e9t\u00e9 construites dans les communes d\u2019El Hanchane et de Tamanar, pour un investissement global estim\u00e9 \u00e0 15 MDH, afin de r\u00e9duire la pression du p\u00e2turage dans la for\u00eat de l\u2019arganier, tout en pr\u00e9servant la qualit\u00e9 des aliments et fourrages recherch\u00e9s par les \u00e9leveurs pour leurs cheptels.<\/p>\n<p>Evoquant les futures actions et projets programm\u00e9s au niveau de la province dans le cadre de la nouvelle strat\u00e9gie \u00ab\u00a0G\u00e9n\u00e9ration Green\u00a0\u00bb, M. Najid a indiqu\u00e9 que des projets int\u00e9gr\u00e9s ont \u00e9t\u00e9 mis en place, portant essentiellement sur la poursuite des op\u00e9rations de plantation d\u2019arganiers dans des exploitations et terrains agricoles priv\u00e9s sur une superficie de 12.500 ha bours et biologiques, la valorisation de la mati\u00e8re premi\u00e8re au niveau des points de collecte et le renforcement des capacit\u00e9s des professionnels, des ayant droits et des femmes membres des coop\u00e9ratives, notamment \u00e0 travers la mise en place d\u2019une assurance m\u00e9dicale, en \u00e9troite collaboration avec la F\u00e9d\u00e9ration interprofessionnelle de la fili\u00e8re, tout en continuant \u00e0 soutenir et \u00e0 \u00e9quiper les coop\u00e9ratives nouvellement cr\u00e9\u00e9es.<\/p>\n<p>Cette op\u00e9ration a \u00e9t\u00e9 lanc\u00e9e effectivement, sachant que plus de 130 femmes argani\u00e8res relevant de diff\u00e9rentes coop\u00e9ratives ont b\u00e9n\u00e9fici\u00e9 cette ann\u00e9e de cette initiative, a-t-il pr\u00e9cis\u00e9.<\/p>\n<p>Pour ce qui est des contraintes de commercialisation, le responsable a estim\u00e9 que la r\u00e9flexion est orient\u00e9e vers la cr\u00e9ation d\u2019une plateforme num\u00e9rique d\u00e9di\u00e9e \u00e0 cet effet, afin de renforcer la marge des b\u00e9n\u00e9fices des femmes.<\/p>\n<p>Ainsi, des actions sont pr\u00e9vues pour la p\u00e9rennisation de ces projets, tout en examinant la possibilit\u00e9 d\u2019exploiter les r\u00e9sidus et de la coquille de l\u2019argan pour la production de l\u2019\u00e9nergie propre, outre l\u2019insertion de l\u2019\u00e9cosyst\u00e8me arganier dans des circuits touristiques, l\u2019objectif ultime \u00e9tant de soutenir l\u2019activit\u00e9 touristique \u00e0 l\u2019\u00e9chelle provinciale, faire davantage la lumi\u00e8re sur ces produits de terroir, et de g\u00e9n\u00e9rer un revenu suppl\u00e9mentaire pour les coop\u00e9ratives, notamment les femmes rurales qui s\u2019activent dans ce domaine, a-t-il conclu.<\/p>\n<\/div>\n<p>Auteur: Meriem IGASS<br \/>\n<a href=\"http:\/\/www.mapmarrakech.ma\/fr\/larganier-une-reconnaissance-des-efforts-pour-la-promotion-de-cet-ecosysteme\/\">Cliquez ici pour lire l&rsquo;article depuis sa source.<\/a><\/p>\n","protected":false},"excerpt":{"rendered":"<p>Par Mohamed KOURSI.Essaouira \u2013 La proclamation par les Nations Unies du 10 mai Journ\u00e9e internationale de l\u2019Arganier est une reconnaissance des efforts consentis, des ann\u00e9es durant, par le Royaume pour la valorisation et la promotion de cet \u00e9cosyst\u00e8me, a affirm\u00e9 le Directeur provincial de l\u2019Agriculture \u00e0 Essaouira, M. Ahmed Najid. Cette r\u00e9solution onusienne constitue une [&hellip;]<\/p>\n","protected":false},"author":1788,"featured_media":0,"comment_status":"closed","ping_status":"closed","sticky":false,"template":"","format":"standard","meta":{"fifu_image_url":"","fifu_image_alt":"","footnotes":""},"categories":[54,76],"tags":[],"class_list":["post-116879","post","type-post","status-publish","format-standard","hentry","category-maroc","category-regions"],"_links":{"self":[{"href":"https:\/\/linitiative.ca\/International\/wp-json\/wp\/v2\/posts\/116879","targetHints":{"allow":["GET"]}}],"collection":[{"href":"https:\/\/linitiative.ca\/International\/wp-json\/wp\/v2\/posts"}],"about":[{"href":"https:\/\/linitiative.ca\/International\/wp-json\/wp\/v2\/types\/post"}],"author":[{"embeddable":true,"href":"https:\/\/linitiative.ca\/International\/wp-json\/wp\/v2\/users\/1788"}],"replies":[{"embeddable":true,"href":"https:\/\/linitiative.ca\/International\/wp-json\/wp\/v2\/comments?post=116879"}],"version-history":[{"count":0,"href":"https:\/\/linitiative.ca\/International\/wp-json\/wp\/v2\/posts\/116879\/revisions"}],"wp:attachment":[{"href":"https:\/\/linitiative.ca\/International\/wp-json\/wp\/v2\/media?parent=116879"}],"wp:term":[{"taxonomy":"category","embeddable":true,"href":"https:\/\/linitiative.ca\/International\/wp-json\/wp\/v2\/categories?post=116879"},{"taxonomy":"post_tag","embeddable":true,"href":"https:\/\/linitiative.ca\/International\/wp-json\/wp\/v2\/tags?post=116879"}],"curies":[{"name":"wp","href":"https:\/\/api.w.org\/{rel}","templated":true}]}}