{"id":116880,"date":"2021-05-17T13:21:09","date_gmt":"2021-05-17T17:21:09","guid":{"rendered":"https:\/\/linitiative.ca\/International\/79-cas-plus-de-6-millions-ont-recu-la-1ere-dose-du-vaccin\/"},"modified":"2021-05-17T13:21:09","modified_gmt":"2021-05-17T17:21:09","slug":"79-cas-plus-de-6-millions-ont-recu-la-1ere-dose-du-vaccin","status":"publish","type":"post","link":"https:\/\/linitiative.ca\/International\/79-cas-plus-de-6-millions-ont-recu-la-1ere-dose-du-vaccin\/","title":{"rendered":"79 cas, plus de 6 millions ont re\u00e7u la 1\u00e8re dose du vaccin"},"content":{"rendered":"<div class=\"single-featured\"><img alt=\"\" data-src=\"http:\/\/www.mapmarrakech.ma\/map\/uploads\/2021\/05\/Bilan-Vaccin-fr-1.png\"\/><\/div>\n<div class=\"single-post-excerpt post-excerpt-bc\" readability=\"36\">\n<p>Un total de 79 nouveaux cas d\u2019infection au coronavirus et de 302 gu\u00e9risons ont \u00e9t\u00e9 enregistr\u00e9s au Maroc au cours des derni\u00e8res 24 heures, alors que le nombre de personnes ayant re\u00e7u la premi\u00e8re dose du vaccin a atteint 6.458.947, a annonc\u00e9 lundi le minist\u00e8re de la Sant\u00e9.<\/p>\n<\/div>\n<div class=\"entry-content clearfix single-post-content\" readability=\"66\">\n<p>Les personnes qui ont \u00e9t\u00e9 compl\u00e8tement vaccin\u00e9es (1\u00e8re et 2\u00e8me doses) sont au nombre de 4.542.426, a pr\u00e9cis\u00e9 le minist\u00e8re dans son bulletin quotidien sur la situation de la Covid-19.<\/p>\n<p>Ce nouveau bilan porte \u00e0 515.023 le nombre total des contaminations depuis le premier cas signal\u00e9 en mars 2020, tandis que le nombre des personnes r\u00e9tablies est pass\u00e9 \u00e0 503.483, soit un taux de gu\u00e9rison de 97,8%.<\/p>\n<p>A ce jour, le nombre total des d\u00e9c\u00e8s est de 9.104, apr\u00e8s 6 cas de d\u00e9c\u00e8s enregistr\u00e9s au cours des derni\u00e8res 24 heures, pr\u00e9cise le minist\u00e8re, notant que le taux de l\u00e9talit\u00e9 est de 1,8%.<\/p>\n<p>Les nouvelles contaminations ont \u00e9t\u00e9 enregistr\u00e9es dans les r\u00e9gions de Casablanca-Settat (33), Rabat-Sal\u00e9-K\u00e9nitra (26), Dara\u00e2-Tafilalet (6), Souss-Massa (5), Marrakech-Safi (3), F\u00e8s-Mekn\u00e8s (2), Tanger-T\u00e9touan-Al Hoceima (2), La\u00e2youne-Sakia El Hamra (1), et Beni Mellal-Kh\u00e9nifra (1).<\/p>\n<p>Les cas actifs sont au nombre de 2.436, tandis que les cas s\u00e9v\u00e8res ou critiques ont atteint 215, dont 10 plac\u00e9s sous intubation et 85 cas sous ventilation non invasive.<\/p>\n<\/div>\n<p>Auteur: Meriem IGASS<br \/>\n<a href=\"http:\/\/www.mapmarrakech.ma\/fr\/79-cas-plus-de-6-millions-de-personnes-ont-recu-la-1ere-dose-du-vaccin\/\">Cliquez ici pour lire l&rsquo;article depuis sa source.<\/a><\/p>\n","protected":false},"excerpt":{"rendered":"<p>Un total de 79 nouveaux cas d\u2019infection au coronavirus et de 302 gu\u00e9risons ont \u00e9t\u00e9 enregistr\u00e9s au Maroc au cours des derni\u00e8res 24 heures, alors que le nombre de personnes ayant re\u00e7u la premi\u00e8re dose du vaccin a atteint 6.458.947, a annonc\u00e9 lundi le minist\u00e8re de la Sant\u00e9. Les personnes qui ont \u00e9t\u00e9 compl\u00e8tement vaccin\u00e9es [&hellip;]<\/p>\n","protected":false},"author":1788,"featured_media":0,"comment_status":"closed","ping_status":"closed","sticky":false,"template":"","format":"standard","meta":{"fifu_image_url":"http:\/\/www.mapmarrakech.ma\/map\/uploads\/2021\/05\/Bilan-Vaccin-fr-1.png","fifu_image_alt":"79 cas, plus de 6 millions ont re\u00e7u la 1\u00e8re dose du vaccin","footnotes":""},"categories":[54,76],"tags":[],"class_list":["post-116880","post","type-post","status-publish","format-standard","hentry","category-maroc","category-regions"],"_links":{"self":[{"href":"https:\/\/linitiative.ca\/International\/wp-json\/wp\/v2\/posts\/116880","targetHints":{"allow":["GET"]}}],"collection":[{"href":"https:\/\/linitiative.ca\/International\/wp-json\/wp\/v2\/posts"}],"about":[{"href":"https:\/\/linitiative.ca\/International\/wp-json\/wp\/v2\/types\/post"}],"author":[{"embeddable":true,"href":"https:\/\/linitiative.ca\/International\/wp-json\/wp\/v2\/users\/1788"}],"replies":[{"embeddable":true,"href":"https:\/\/linitiative.ca\/International\/wp-json\/wp\/v2\/comments?post=116880"}],"version-history":[{"count":0,"href":"https:\/\/linitiative.ca\/International\/wp-json\/wp\/v2\/posts\/116880\/revisions"}],"wp:attachment":[{"href":"https:\/\/linitiative.ca\/International\/wp-json\/wp\/v2\/media?parent=116880"}],"wp:term":[{"taxonomy":"category","embeddable":true,"href":"https:\/\/linitiative.ca\/International\/wp-json\/wp\/v2\/categories?post=116880"},{"taxonomy":"post_tag","embeddable":true,"href":"https:\/\/linitiative.ca\/International\/wp-json\/wp\/v2\/tags?post=116880"}],"curies":[{"name":"wp","href":"https:\/\/api.w.org\/{rel}","templated":true}]}}