{"id":116881,"date":"2021-05-16T16:28:02","date_gmt":"2021-05-16T20:28:02","guid":{"rendered":"https:\/\/linitiative.ca\/International\/covid-19-la-vaccination-elargie-aux-personnes-agees-entre-45-et-50-ans\/"},"modified":"2021-05-16T16:28:02","modified_gmt":"2021-05-16T20:28:02","slug":"covid-19-la-vaccination-elargie-aux-personnes-agees-entre-45-et-50-ans","status":"publish","type":"post","link":"https:\/\/linitiative.ca\/International\/covid-19-la-vaccination-elargie-aux-personnes-agees-entre-45-et-50-ans\/","title":{"rendered":"Covid-19: La vaccination \u00e9largie aux personnes \u00e2g\u00e9es entre 45 et 50 ans"},"content":{"rendered":"<div class=\"single-featured\"><img alt=\"\" data-src=\"http:\/\/www.mapoujda.ma\/map\/uploads\/2021\/02\/Campagne-de-vaccination-contre-la-Covid-19-750\u00d7430-MAP.jpg\"\/><\/div>\n<div class=\"entry-content clearfix single-post-content\" readability=\"47\">\n<p class=\"c4\">La campagne nationale de vaccination\u00a0contre le nouveau coronavirus\u00a0sera \u00e9largie\u00a0aux personnes \u00e2g\u00e9es entre 45 et 50 ans, a annonc\u00e9 dimanche le minist\u00e8re de la Sant\u00e9.<\/p>\n<p class=\"c4\">Dans un communiqu\u00e9, le minist\u00e8re a appel\u00e9 tous les citoyens qui font partie des cat\u00e9gories cibl\u00e9es \u00e0 continuer \u00e0 adh\u00e9rer \u00e0 ce grand chantier national afin d\u2019atteindre l\u2019immunit\u00e9 collective, en envoyant un SMS gratuit au 1717 ou via le portail \u00e9lectronique www.liqahcorona.ma pour avoir un rendez-vous et des informations sur le centre de vaccination.<\/p>\n<p class=\"c4\">Le minist\u00e8re a aussi mis l\u2019accent sur la n\u00e9cessit\u00e9 de continuer \u00e0 respecter les mesures de pr\u00e9vention, et ce avant et apr\u00e8s la vaccination, afin de contribuer aux efforts visant \u00e0 contenir la propagation du virus dans le pays.<\/p>\n<\/div>\n<p>Auteur: Soufiane ELAHMAR<br \/>\n<a href=\"http:\/\/www.mapoujda.ma\/fr\/covid-19-la-vaccination-elargie-aux-personnes-agees-entre-45-et-50-ans\/\">Cliquez ici pour lire l&rsquo;article depuis sa source.<\/a><\/p>\n","protected":false},"excerpt":{"rendered":"<p>La campagne nationale de vaccination\u00a0contre le nouveau coronavirus\u00a0sera \u00e9largie\u00a0aux personnes \u00e2g\u00e9es entre 45 et 50 ans, a annonc\u00e9 dimanche le minist\u00e8re de la Sant\u00e9. Dans un communiqu\u00e9, le minist\u00e8re a appel\u00e9 tous les citoyens qui font partie des cat\u00e9gories cibl\u00e9es \u00e0 continuer \u00e0 adh\u00e9rer \u00e0 ce grand chantier national afin d\u2019atteindre l\u2019immunit\u00e9 collective, en envoyant [&hellip;]<\/p>\n","protected":false},"author":1788,"featured_media":0,"comment_status":"closed","ping_status":"closed","sticky":false,"template":"","format":"standard","meta":{"fifu_image_url":"http:\/\/www.mapoujda.ma\/map\/uploads\/2021\/02\/Campagne-de-vaccination-contre-la-Covid-19-750\u00d7430-MAP.jpg","fifu_image_alt":"Covid-19: La vaccination \u00e9largie aux personnes \u00e2g\u00e9es entre 45 et 50 ans","footnotes":""},"categories":[54,76],"tags":[],"class_list":["post-116881","post","type-post","status-publish","format-standard","hentry","category-maroc","category-regions"],"_links":{"self":[{"href":"https:\/\/linitiative.ca\/International\/wp-json\/wp\/v2\/posts\/116881","targetHints":{"allow":["GET"]}}],"collection":[{"href":"https:\/\/linitiative.ca\/International\/wp-json\/wp\/v2\/posts"}],"about":[{"href":"https:\/\/linitiative.ca\/International\/wp-json\/wp\/v2\/types\/post"}],"author":[{"embeddable":true,"href":"https:\/\/linitiative.ca\/International\/wp-json\/wp\/v2\/users\/1788"}],"replies":[{"embeddable":true,"href":"https:\/\/linitiative.ca\/International\/wp-json\/wp\/v2\/comments?post=116881"}],"version-history":[{"count":0,"href":"https:\/\/linitiative.ca\/International\/wp-json\/wp\/v2\/posts\/116881\/revisions"}],"wp:attachment":[{"href":"https:\/\/linitiative.ca\/International\/wp-json\/wp\/v2\/media?parent=116881"}],"wp:term":[{"taxonomy":"category","embeddable":true,"href":"https:\/\/linitiative.ca\/International\/wp-json\/wp\/v2\/categories?post=116881"},{"taxonomy":"post_tag","embeddable":true,"href":"https:\/\/linitiative.ca\/International\/wp-json\/wp\/v2\/tags?post=116881"}],"curies":[{"name":"wp","href":"https:\/\/api.w.org\/{rel}","templated":true}]}}