{"id":116883,"date":"2021-05-17T10:07:04","date_gmt":"2021-05-17T14:07:04","guid":{"rendered":"https:\/\/linitiative.ca\/International\/sar-la-princesse-lalla-hasnaa-participe-a-travers-un-message-video-a-la-conference-mondiale-de-lunesco-sur-leducation-au-developpement-durable\/"},"modified":"2021-05-17T10:07:04","modified_gmt":"2021-05-17T14:07:04","slug":"sar-la-princesse-lalla-hasnaa-participe-a-travers-un-message-video-a-la-conference-mondiale-de-lunesco-sur-leducation-au-developpement-durable","status":"publish","type":"post","link":"https:\/\/linitiative.ca\/International\/sar-la-princesse-lalla-hasnaa-participe-a-travers-un-message-video-a-la-conference-mondiale-de-lunesco-sur-leducation-au-developpement-durable\/","title":{"rendered":"SAR la Princesse Lalla Hasnaa participe \u00e0 travers un message-vid\u00e9o \u00e0 la Conf\u00e9rence mondiale de l\u2019UNESCO sur l\u2019\u00e9ducation au d\u00e9veloppement durable"},"content":{"rendered":"<p class=\"c4\">Son Altesse Royale la Princesse Lalla Hasnaa, pr\u00e9sidente de la Fondation Mohammed VI pour la protection de l\u2019environnement, a particip\u00e9 \u00e0 travers un message-vid\u00e9o \u00e0 la Conf\u00e9rence mondiale de l\u2019UNESCO sur l\u2019\u00e9ducation au d\u00e9veloppement durable, qui se tient du 17 au 19 mai sous forme virtuelle.<\/p>\n<p class=\"c4\">Voici le texte int\u00e9gral de ce message :<\/p>\n<p class=\"c4\">\u00ab\u00a0Louange \u00e0 Dieu, Pri\u00e8re et salut sur le Proph\u00e8te, Sa famille et Ses compagnons.<\/p>\n<p class=\"c4\">Excellences, Mesdames et Messieurs,<\/p>\n<p class=\"c4\">Dans le contexte si particulier que nous vivons, il nous appartient de construire, en commun, un nouveau et n\u00e9cessaire consensus, en d\u00e9finissant les priorit\u00e9s que nous nous fixons en tant qu\u2019\u00eatres humains li\u00e9s par une communaut\u00e9 de destin.<\/p>\n<p class=\"c4\">La crise du covid-19 nous rappelle en particulier l\u2019urgence de r\u00e9aliser un D\u00e9veloppement Durable global, \u00e9quitable et au service de tous.<\/p>\n<p class=\"c4\">La protection de l\u2019environnement et la sauvegarde de notre plan\u00e8te, \u00ab notre maison \u00e0 tous \u00bb, constituent un des piliers fondamentaux de cette d\u00e9marche.<\/p>\n<p class=\"c4\">C\u2019est \u00e0 cette noble et passionnante mission que s\u2019attelle, avec d\u00e9termination, la Fondation Mohammed VI pour la Protection de l\u2019Environnement que J\u2019ai l\u2019Honneur de pr\u00e9sider. Elle s\u2019emploie, depuis plus de deux d\u00e9cennies, \u00e0 d\u00e9velopper diff\u00e9rents programmes destin\u00e9s \u00e0 r\u00e9duire ou supprimer l\u2019impact n\u00e9gatif de l\u2019Homme sur la Nature. Mon Fr\u00e8re, Sa Majest\u00e9 Le Roi Mohammed VI, dont l\u2019int\u00e9r\u00eat pour cette th\u00e9matique remonte \u00e0 ses plus jeunes ann\u00e9es, nous a toujours incit\u00e9s \u00e0 d\u00e9velopper les approches les plus ambitieuses, ancr\u00e9es dans le pr\u00e9sent et r\u00e9solument tourn\u00e9es vers l\u2019avenir.<\/p>\n<p class=\"c4\">Dans ce cadre, le Souverain n\u2019a de cesse de nous rappeler combien l\u2019Ecole est au c\u0153ur de ces enjeux de d\u00e9veloppement et, en particulier, du pari environnemental. Charg\u00e9e de l\u2019enseignement et de la transmission des savoirs, l\u2019Ecole est, plus largement et plus prioritairement encore, un espace d\u2019\u00e9ducation et de transmission des valeurs. Eduquer la jeunesse au respect de l\u2019environnement, c\u2019est croire \u00e0 la promesse d\u2019un monde nouveau plus harmonieux et durable.<\/p>\n<p class=\"c4\">L\u2019\u00e9ducation au D\u00e9veloppement Durable, th\u00e8me qui nous r\u00e9unit aujourd\u2019hui, est la cl\u00e9 de la r\u00e9ussite. Nous avons donc souhait\u00e9 que l\u2019action de notre Fondation soit centr\u00e9e sur la sensibilisation et la formation des plus jeunes \u00e0 ces probl\u00e9matiques. Ainsi, nous semons les graines de la conscience environnementale pour faire \u00e9clore, \u00e0 terme, une soci\u00e9t\u00e9 consciente du milieu naturel dans lequel elle vit et capable d\u2019adopter un comportement vertueux adapt\u00e9.<\/p>\n<p class=\"c4\">Nous sommes fiers d\u2019\u00eatre les partenaires de l\u2019UNESCO avec qui nous \u0153uvrons de concert depuis 2020 pour que soit int\u00e9gr\u00e9e l\u2019\u00e9ducation \u00e0 l\u2019environnement, dans les curricula (scolaires), \u00e0 tous les niveaux jusqu\u2019au baccalaur\u00e9at. A cet \u00e9gard, le Maroc est l\u2019un des trois pays dans le monde qui m\u00e8ne une exp\u00e9rience pilote pour le programme Global Schools de l\u2019UNESCO.<\/p>\n<p class=\"c4\">Car la mobilisation sur les sujets li\u00e9s \u00e0 l\u2019environnement ne saurait produire d\u2019effet durable que si elle devient un r\u00e9flexe acquis d\u00e8s la formation initiale : l\u2019\u00e9ducation d\u00e8s le jeune \u00e2ge est donc une essentielle priorit\u00e9.<\/p>\n<p class=\"c4\">Une g\u00e9n\u00e9ration nous s\u00e9pare du sommet de Rio : il est imp\u00e9ratif de r\u00e9fl\u00e9chir aux motivations qui ont pu freiner l\u2019introduction de l\u2019enseignement au d\u00e9veloppement durable dans les curricula.<\/p>\n<p class=\"c4\">H\u00e2tons-nous de mettre en \u0153uvre cette mesure primordiale. Engageons-nous r\u00e9solument, pendant cette d\u00e9cennie, \u00e0 instituer l\u2019\u00e9ducation au d\u00e9veloppement durable comme une priorit\u00e9 imp\u00e9rative. C\u2019est urgent. C\u2019est vital !<\/p>\n<p class=\"c4\">Wassalamou alaikoum warahmatoullahi wabarakatouh\u00a0\u00bb.<\/p>\n<p>Auteur: Soufiane ELAHMAR<br \/>\n<a href=\"http:\/\/www.mapoujda.ma\/fr\/sar-la-princesse-lalla-hasnaa-participe-a-travers-un-message-video-a-la-conference-mondiale-de-lunesco-sur-leducation-au-developpement-durable\/\">Cliquez ici pour lire l&rsquo;article depuis sa source.<\/a><\/p>\n","protected":false},"excerpt":{"rendered":"<p>Son Altesse Royale la Princesse Lalla Hasnaa, pr\u00e9sidente de la Fondation Mohammed VI pour la protection de l\u2019environnement, a particip\u00e9 \u00e0 travers un message-vid\u00e9o \u00e0 la Conf\u00e9rence mondiale de l\u2019UNESCO sur l\u2019\u00e9ducation au d\u00e9veloppement durable, qui se tient du 17 au 19 mai sous forme virtuelle. Voici le texte int\u00e9gral de ce message : \u00ab\u00a0Louange [&hellip;]<\/p>\n","protected":false},"author":1788,"featured_media":0,"comment_status":"closed","ping_status":"closed","sticky":false,"template":"","format":"standard","meta":{"fifu_image_url":"","fifu_image_alt":"","footnotes":""},"categories":[54,76],"tags":[],"class_list":["post-116883","post","type-post","status-publish","format-standard","hentry","category-maroc","category-regions"],"_links":{"self":[{"href":"https:\/\/linitiative.ca\/International\/wp-json\/wp\/v2\/posts\/116883","targetHints":{"allow":["GET"]}}],"collection":[{"href":"https:\/\/linitiative.ca\/International\/wp-json\/wp\/v2\/posts"}],"about":[{"href":"https:\/\/linitiative.ca\/International\/wp-json\/wp\/v2\/types\/post"}],"author":[{"embeddable":true,"href":"https:\/\/linitiative.ca\/International\/wp-json\/wp\/v2\/users\/1788"}],"replies":[{"embeddable":true,"href":"https:\/\/linitiative.ca\/International\/wp-json\/wp\/v2\/comments?post=116883"}],"version-history":[{"count":0,"href":"https:\/\/linitiative.ca\/International\/wp-json\/wp\/v2\/posts\/116883\/revisions"}],"wp:attachment":[{"href":"https:\/\/linitiative.ca\/International\/wp-json\/wp\/v2\/media?parent=116883"}],"wp:term":[{"taxonomy":"category","embeddable":true,"href":"https:\/\/linitiative.ca\/International\/wp-json\/wp\/v2\/categories?post=116883"},{"taxonomy":"post_tag","embeddable":true,"href":"https:\/\/linitiative.ca\/International\/wp-json\/wp\/v2\/tags?post=116883"}],"curies":[{"name":"wp","href":"https:\/\/api.w.org\/{rel}","templated":true}]}}