{"id":116886,"date":"2021-05-17T07:58:06","date_gmt":"2021-05-17T11:58:06","guid":{"rendered":"https:\/\/linitiative.ca\/International\/formation-professionnelle-16-etablissements-en-creation-a-tanger-tetouan-al-hoceima\/"},"modified":"2021-05-17T07:58:06","modified_gmt":"2021-05-17T11:58:06","slug":"formation-professionnelle-16-etablissements-en-creation-a-tanger-tetouan-al-hoceima","status":"publish","type":"post","link":"https:\/\/linitiative.ca\/International\/formation-professionnelle-16-etablissements-en-creation-a-tanger-tetouan-al-hoceima\/","title":{"rendered":"Formation professionnelle: 16 \u00e9tablissements en cr\u00e9ation \u00e0 Tanger-T\u00e9touan-Al Hoceima"},"content":{"rendered":"<p class=\"rtejustify\">Quelque 16 \u00e9tablissements de formation professionnelle sont en cours de cr\u00e9ation dans la r\u00e9gion de Tanger-T\u00e9touan-Al Hoceima. Ces projets mobilisent un investissement global de 590 millions de DH e s\u2019inscrivent dans le cadre du deuxi\u00e8me projet relatif au d\u00e9veloppement et \u00e0 la diversification de l\u2019offre de formation professionnelle.<\/p>\n<p class=\"rtejustify\">Parmi les projets en cours de r\u00e9alisation figure la Cit\u00e9 des m\u00e9tiers et des comp\u00e9tences (CMC) de Tanger. L\u2019infrastructure n\u00e9cessite \u00e0 elle seule un investissement de 400 millions de DH. Lanc\u00e9e en ao\u00fbt dernier, elle accueillera 3.250 stagiaires \u00e0 partir de 2022 et sera dot\u00e9e d\u2019un internat d\u2019une capacit\u00e9 d\u2019accueil de 450 lits. Le CMC proposera une offre de formation dans 87 fili\u00e8res, r\u00e9parties sur 8 p\u00f4les, notamment l\u2019industrie, l\u2019offshoring, le tourisme\/h\u00f4tellerie et l\u2019agriculture\/agro-industrie.<\/p>\n<p>Auteur: hgueye<br \/>\n<a href=\"https:\/\/www.leconomiste.com\/flash-infos\/formation-professionnelle-16-etablissements-en-creation-tanger-tetouan-al-hoceima\">Cliquez ici pour lire l&rsquo;article depuis sa source.<\/a><\/p>\n","protected":false},"excerpt":{"rendered":"<p>Quelque 16 \u00e9tablissements de formation professionnelle sont en cours de cr\u00e9ation dans la r\u00e9gion de Tanger-T\u00e9touan-Al Hoceima. Ces projets mobilisent un investissement global de 590 millions de DH e s\u2019inscrivent dans le cadre du deuxi\u00e8me projet relatif au d\u00e9veloppement et \u00e0 la diversification de l\u2019offre de formation professionnelle. Parmi les projets en cours de r\u00e9alisation [&hellip;]<\/p>\n","protected":false},"author":1763,"featured_media":0,"comment_status":"closed","ping_status":"closed","sticky":false,"template":"","format":"standard","meta":{"fifu_image_url":"","fifu_image_alt":"","footnotes":""},"categories":[78,54],"tags":[],"class_list":["post-116886","post","type-post","status-publish","format-standard","hentry","category-economie","category-maroc"],"_links":{"self":[{"href":"https:\/\/linitiative.ca\/International\/wp-json\/wp\/v2\/posts\/116886","targetHints":{"allow":["GET"]}}],"collection":[{"href":"https:\/\/linitiative.ca\/International\/wp-json\/wp\/v2\/posts"}],"about":[{"href":"https:\/\/linitiative.ca\/International\/wp-json\/wp\/v2\/types\/post"}],"author":[{"embeddable":true,"href":"https:\/\/linitiative.ca\/International\/wp-json\/wp\/v2\/users\/1763"}],"replies":[{"embeddable":true,"href":"https:\/\/linitiative.ca\/International\/wp-json\/wp\/v2\/comments?post=116886"}],"version-history":[{"count":0,"href":"https:\/\/linitiative.ca\/International\/wp-json\/wp\/v2\/posts\/116886\/revisions"}],"wp:attachment":[{"href":"https:\/\/linitiative.ca\/International\/wp-json\/wp\/v2\/media?parent=116886"}],"wp:term":[{"taxonomy":"category","embeddable":true,"href":"https:\/\/linitiative.ca\/International\/wp-json\/wp\/v2\/categories?post=116886"},{"taxonomy":"post_tag","embeddable":true,"href":"https:\/\/linitiative.ca\/International\/wp-json\/wp\/v2\/tags?post=116886"}],"curies":[{"name":"wp","href":"https:\/\/api.w.org\/{rel}","templated":true}]}}