{"id":116887,"date":"2021-05-17T09:19:23","date_gmt":"2021-05-17T13:19:23","guid":{"rendered":"https:\/\/linitiative.ca\/International\/emploi-le-job-fair-dal-akhawayn-revient-en-juin\/"},"modified":"2021-05-17T09:19:23","modified_gmt":"2021-05-17T13:19:23","slug":"emploi-le-job-fair-dal-akhawayn-revient-en-juin","status":"publish","type":"post","link":"https:\/\/linitiative.ca\/International\/emploi-le-job-fair-dal-akhawayn-revient-en-juin\/","title":{"rendered":"Emploi: Le \u00ab\u00a0Job Fair\u00a0\u00bb d&rsquo;Al Akhawayn revient en juin"},"content":{"rendered":"<p class=\"rtejustify\">Oeuvrant pour le rapprochement de ses \u00e9tudiants des meilleurs employeurs, l&rsquo;Universit\u00e9 Al Akhawayn \u00e0 Ifrane (AUI) organise, du 1er au 4 juin 2021, son \u00e9v\u00e9nement annuel \u00ab\u00a0Job Fair\u00a0\u00bb. Cette rencontre, qui se tient virtuellement cette ann\u00e9e, vise \u00e0 mettre en contact les \u00e9tudiants et laur\u00e9ats d&rsquo;AUI avec les meilleurs employeurs nationaux et internationaux, grandes entreprises, PME et startups, op\u00e9rant dans diff\u00e9rents secteurs.<\/p>\n<p class=\"rtejustify\">V\u00e9ritable rendez vous de l&#8217;emploi, le Job Fair d&rsquo;Al Akhawayn repr\u00e9sente \u00e9galement une occasion pour les candidats de mettre en avant leurs talents, qualifications, ambitions et id\u00e9es. \u00c0 noter qu&rsquo;Al Akhawayn forme ses \u00e9tudiants aux m\u00e9tiers d&rsquo;ing\u00e9nierie, de la logistique, de la finance, du management, du marketing, de la communication, des relations internationales et des ressources humaines. Gr\u00e2ce \u00e0 une formation suivant le mod\u00e8le nord-am\u00e9ricain des arts lib\u00e9raux, les \u00e9tudiants de l&rsquo;Universit\u00e9 se distinguent par leur capacit\u00e9 \u00e0 s&rsquo;adapter aux changements rapides du march\u00e9 du travail et aux challenges de la globalisation.<\/p>\n<p class=\"rtejustify\"><em>Y.S.A.<\/em><\/p>\n<p>Auteur: hgueye<br \/>\n<a href=\"https:\/\/www.leconomiste.com\/flash-infos\/emploi-le-job-fair-d-al-akhawayn-revient-en-juin\">Cliquez ici pour lire l&rsquo;article depuis sa source.<\/a><\/p>\n","protected":false},"excerpt":{"rendered":"<p>Oeuvrant pour le rapprochement de ses \u00e9tudiants des meilleurs employeurs, l&rsquo;Universit\u00e9 Al Akhawayn \u00e0 Ifrane (AUI) organise, du 1er au 4 juin 2021, son \u00e9v\u00e9nement annuel \u00ab\u00a0Job Fair\u00a0\u00bb. Cette rencontre, qui se tient virtuellement cette ann\u00e9e, vise \u00e0 mettre en contact les \u00e9tudiants et laur\u00e9ats d&rsquo;AUI avec les meilleurs employeurs nationaux et internationaux, grandes entreprises, [&hellip;]<\/p>\n","protected":false},"author":1763,"featured_media":0,"comment_status":"closed","ping_status":"closed","sticky":false,"template":"","format":"standard","meta":{"fifu_image_url":"","fifu_image_alt":"","footnotes":""},"categories":[78,54],"tags":[],"class_list":["post-116887","post","type-post","status-publish","format-standard","hentry","category-economie","category-maroc"],"_links":{"self":[{"href":"https:\/\/linitiative.ca\/International\/wp-json\/wp\/v2\/posts\/116887","targetHints":{"allow":["GET"]}}],"collection":[{"href":"https:\/\/linitiative.ca\/International\/wp-json\/wp\/v2\/posts"}],"about":[{"href":"https:\/\/linitiative.ca\/International\/wp-json\/wp\/v2\/types\/post"}],"author":[{"embeddable":true,"href":"https:\/\/linitiative.ca\/International\/wp-json\/wp\/v2\/users\/1763"}],"replies":[{"embeddable":true,"href":"https:\/\/linitiative.ca\/International\/wp-json\/wp\/v2\/comments?post=116887"}],"version-history":[{"count":0,"href":"https:\/\/linitiative.ca\/International\/wp-json\/wp\/v2\/posts\/116887\/revisions"}],"wp:attachment":[{"href":"https:\/\/linitiative.ca\/International\/wp-json\/wp\/v2\/media?parent=116887"}],"wp:term":[{"taxonomy":"category","embeddable":true,"href":"https:\/\/linitiative.ca\/International\/wp-json\/wp\/v2\/categories?post=116887"},{"taxonomy":"post_tag","embeddable":true,"href":"https:\/\/linitiative.ca\/International\/wp-json\/wp\/v2\/tags?post=116887"}],"curies":[{"name":"wp","href":"https:\/\/api.w.org\/{rel}","templated":true}]}}