{"id":116890,"date":"2021-05-17T11:20:00","date_gmt":"2021-05-17T15:20:00","guid":{"rendered":"https:\/\/linitiative.ca\/International\/covid-64-millions-de-vaccines-plus-de-329-000-nouvelles-doses-injectees\/"},"modified":"2021-05-17T11:20:00","modified_gmt":"2021-05-17T15:20:00","slug":"covid-64-millions-de-vaccines-plus-de-329-000-nouvelles-doses-injectees","status":"publish","type":"post","link":"https:\/\/linitiative.ca\/International\/covid-64-millions-de-vaccines-plus-de-329-000-nouvelles-doses-injectees\/","title":{"rendered":"Covid: 6,4 millions de vaccin\u00e9s, plus de 329.000 nouvelles doses inject\u00e9es"},"content":{"rendered":"<p>Un total de 79 nouveaux cas d&rsquo;infection au nouveau coronavirus et de 302\u00a0gu\u00e9risons a \u00e9t\u00e9 enregistr\u00e9 au Maroc au cours des derni\u00e8res 24 heures, a annonc\u00e9 ce lundi\u00a0le minist\u00e8re de la Sant\u00e9. Le nombre des personnes vaccin\u00e9es \u00e0 ce jour (1\u00e8re dose) a atteint 6.458.947, indique le minist\u00e8re dans son bulletin quotidien sur la situation de la Covid-19, relevant que les personnes qui ont \u00e9t\u00e9 compl\u00e8tement vaccin\u00e9es (1\u00e8re et 2\u00e8me doses) sont au nombre de 4.542.426 . Au total, plus de 329.000 nouvelles doses ont \u00e9t\u00e9 inject\u00e9es.<\/p>\n<p>Ce nouveau bilan porte \u00e9galement \u00e0 515.023\u00a0le nombre total des contaminations depuis le premier cas signal\u00e9 en mars 2020, tandis que le nombre des personnes r\u00e9tablies est pass\u00e9 \u00e0 503.483 soit un taux de gu\u00e9rison de 97,7%, pr\u00e9cise-t-on.. Quant au nombre total des d\u00e9c\u00e8s, il s&rsquo;\u00e9tablit \u00e0 9.104, avec 6\u00a0d\u00e9c\u00e8s enregistr\u00e9s en 24 heures. Par ailleurs, les cas actifs s&rsquo;\u00e9tablissent \u00e0 2.436, tandis que les cas s\u00e9v\u00e8res ou critiques atteignent 215, dont 10 plac\u00e9s sous intubation.<\/p>\n<blockquote readability=\"4.75\">\n<p><strong>Pour plus de d\u00e9tails, voir l&rsquo;\u00e9volution en temps r\u00e9el de l&rsquo;\u00e9pid\u00e9mie sur <a href=\"https:\/\/www.leconomiste.com\/covid19\/\">https:\/\/www.leconomiste.com\/covid19\/<\/a><\/strong><\/p>\n<\/blockquote>\n<p>Auteur: hgueye<br \/>\n<a href=\"https:\/\/www.leconomiste.com\/flash-infos\/covid19-6-4-millions-de-vaccines-plus-de-329-000-nouvelles-doses-injectees\">Cliquez ici pour lire l&rsquo;article depuis sa source.<\/a><\/p>\n","protected":false},"excerpt":{"rendered":"<p>Un total de 79 nouveaux cas d&rsquo;infection au nouveau coronavirus et de 302\u00a0gu\u00e9risons a \u00e9t\u00e9 enregistr\u00e9 au Maroc au cours des derni\u00e8res 24 heures, a annonc\u00e9 ce lundi\u00a0le minist\u00e8re de la Sant\u00e9. Le nombre des personnes vaccin\u00e9es \u00e0 ce jour (1\u00e8re dose) a atteint 6.458.947, indique le minist\u00e8re dans son bulletin quotidien sur la situation [&hellip;]<\/p>\n","protected":false},"author":1763,"featured_media":0,"comment_status":"closed","ping_status":"closed","sticky":false,"template":"","format":"standard","meta":{"fifu_image_url":"","fifu_image_alt":"","footnotes":""},"categories":[78,54],"tags":[],"class_list":["post-116890","post","type-post","status-publish","format-standard","hentry","category-economie","category-maroc"],"_links":{"self":[{"href":"https:\/\/linitiative.ca\/International\/wp-json\/wp\/v2\/posts\/116890","targetHints":{"allow":["GET"]}}],"collection":[{"href":"https:\/\/linitiative.ca\/International\/wp-json\/wp\/v2\/posts"}],"about":[{"href":"https:\/\/linitiative.ca\/International\/wp-json\/wp\/v2\/types\/post"}],"author":[{"embeddable":true,"href":"https:\/\/linitiative.ca\/International\/wp-json\/wp\/v2\/users\/1763"}],"replies":[{"embeddable":true,"href":"https:\/\/linitiative.ca\/International\/wp-json\/wp\/v2\/comments?post=116890"}],"version-history":[{"count":0,"href":"https:\/\/linitiative.ca\/International\/wp-json\/wp\/v2\/posts\/116890\/revisions"}],"wp:attachment":[{"href":"https:\/\/linitiative.ca\/International\/wp-json\/wp\/v2\/media?parent=116890"}],"wp:term":[{"taxonomy":"category","embeddable":true,"href":"https:\/\/linitiative.ca\/International\/wp-json\/wp\/v2\/categories?post=116890"},{"taxonomy":"post_tag","embeddable":true,"href":"https:\/\/linitiative.ca\/International\/wp-json\/wp\/v2\/tags?post=116890"}],"curies":[{"name":"wp","href":"https:\/\/api.w.org\/{rel}","templated":true}]}}