{"id":116891,"date":"2021-05-17T15:14:04","date_gmt":"2021-05-17T19:14:04","guid":{"rendered":"https:\/\/linitiative.ca\/International\/pros-un-joueur-marocain-pour-remplacer-boulaya-a-metz\/"},"modified":"2021-05-17T15:14:04","modified_gmt":"2021-05-17T19:14:04","slug":"pros-un-joueur-marocain-pour-remplacer-boulaya-a-metz","status":"publish","type":"post","link":"https:\/\/linitiative.ca\/International\/pros-un-joueur-marocain-pour-remplacer-boulaya-a-metz\/","title":{"rendered":"Pros : Un joueur marocain pour remplacer Boulaya \u00e0 Metz ?"},"content":{"rendered":"<div readability=\"32\">\n<p>Auteur : <span class=\"time\">lundi 17 mai 2021 13:29<\/span><\/p>\n<\/div>\n<div id=\"post_core\" readability=\"39\">\n<p>En fin de contrat en juin prochain avec l&rsquo;AS Nancy Lorraine, le milieu de terrain offensif marocain Amine Bassi (23 ans) est proche de s&rsquo;engager avec le FC Metz r\u00e9v\u00e8le le journal L&rsquo;\u00c9quipe que rapporte Madeinfoot. Auteur de sept buts \u00e9t\u00e9 trois passes d\u00e9cisives cette saison en Ligue 2, le num\u00e9ro 10 arriverait pour palier le probable d\u00e9part de Farid Boulaya (28 ans). Interrog\u00e9 hier en conf\u00e9rence de presse, le coach des Grenats Fr\u00e9d\u00e9ric Antonetti a reconnu avoir \u00ab\u00a0un int\u00e9r\u00eat pour Amine Bassi, comme pour beaucoup de joueurs.\u00a0\u00bb<\/p>\n<p><strong>Publi\u00e9 dans :<\/strong> <span>Boulaya<\/span><\/p>\n<\/div>\n<p>Auteur:<br \/>\n<a href=\"http:\/\/www.lebuteur.com\/article\/detail?titre=un-joueur-marocain-pour-remplacer-boulaya-a-metz&#038;id=100089&#038;utm_source=feedburner&#038;utm_medium=feed&#038;utm_campaign=Feed%3A+GalerieFArtciles+%28Les+derniers+articles++-+lebuteur.com%29\">Cliquez ici pour lire l&rsquo;article depuis sa source.<\/a><\/p>\n","protected":false},"excerpt":{"rendered":"<p>Auteur : lundi 17 mai 2021 13:29 En fin de contrat en juin prochain avec l&rsquo;AS Nancy Lorraine, le milieu de terrain offensif marocain Amine Bassi (23 ans) est proche de s&rsquo;engager avec le FC Metz r\u00e9v\u00e8le le journal L&rsquo;\u00c9quipe que rapporte Madeinfoot. Auteur de sept buts \u00e9t\u00e9 trois passes d\u00e9cisives cette saison en Ligue [&hellip;]<\/p>\n","protected":false},"author":1738,"featured_media":0,"comment_status":"closed","ping_status":"closed","sticky":false,"template":"","format":"standard","meta":{"fifu_image_url":"\/\/cdn.lebuteur.com\/data\/images\/article\/thumbs\/large-un-joueur-marocain-pour-remplacer-boulaya-a-metz-5c6d8.jpg","fifu_image_alt":"Pros : Un joueur marocain pour remplacer Boulaya \u00e0 Metz ?","footnotes":""},"categories":[53,75],"tags":[],"class_list":["post-116891","post","type-post","status-publish","format-standard","hentry","category-algerie","category-sport"],"_links":{"self":[{"href":"https:\/\/linitiative.ca\/International\/wp-json\/wp\/v2\/posts\/116891","targetHints":{"allow":["GET"]}}],"collection":[{"href":"https:\/\/linitiative.ca\/International\/wp-json\/wp\/v2\/posts"}],"about":[{"href":"https:\/\/linitiative.ca\/International\/wp-json\/wp\/v2\/types\/post"}],"author":[{"embeddable":true,"href":"https:\/\/linitiative.ca\/International\/wp-json\/wp\/v2\/users\/1738"}],"replies":[{"embeddable":true,"href":"https:\/\/linitiative.ca\/International\/wp-json\/wp\/v2\/comments?post=116891"}],"version-history":[{"count":0,"href":"https:\/\/linitiative.ca\/International\/wp-json\/wp\/v2\/posts\/116891\/revisions"}],"wp:attachment":[{"href":"https:\/\/linitiative.ca\/International\/wp-json\/wp\/v2\/media?parent=116891"}],"wp:term":[{"taxonomy":"category","embeddable":true,"href":"https:\/\/linitiative.ca\/International\/wp-json\/wp\/v2\/categories?post=116891"},{"taxonomy":"post_tag","embeddable":true,"href":"https:\/\/linitiative.ca\/International\/wp-json\/wp\/v2\/tags?post=116891"}],"curies":[{"name":"wp","href":"https:\/\/api.w.org\/{rel}","templated":true}]}}