{"id":116892,"date":"2021-05-17T15:14:06","date_gmt":"2021-05-17T19:14:06","guid":{"rendered":"https:\/\/linitiative.ca\/International\/ligue-1-2-deces-de-lancien-gardien-international-algerien-samir-hadjaoui\/"},"modified":"2021-05-17T15:14:06","modified_gmt":"2021-05-17T19:14:06","slug":"ligue-1-2-deces-de-lancien-gardien-international-algerien-samir-hadjaoui","status":"publish","type":"post","link":"https:\/\/linitiative.ca\/International\/ligue-1-2-deces-de-lancien-gardien-international-algerien-samir-hadjaoui\/","title":{"rendered":"Ligue 1 &amp; 2 : D\u00e9c\u00e8s de l&rsquo;ancien gardien international alg\u00e9rien, Samir Hadjaoui"},"content":{"rendered":"<div readability=\"32\">\n<p>Auteur : <span>APS<\/span> <span class=\"time\">lundi 17 mai 2021 13:50<\/span><\/p>\n<\/div>\n<div id=\"post_core\" readability=\"61\">\n<p>L&rsquo;ancien gardien international alg\u00e9rien Samir Hadjaoui est d\u00e9c\u00e9d\u00e9 dimanche soir \u00e0 Paris, des suites d&rsquo;une longue maladie, a appris l&rsquo;APS aupr\u00e8s du minist\u00e8re de la Jeunesse et des Sports (MJS). \u00ab\u00a0Samir Hadjaoui avait demand\u00e9 \u00e0 \u00eatre rapatri\u00e9, et il \u00e9tait pr\u00e9vu que cela se fasse demain (ndlr, lundi). Malheureusement, il est d\u00e9c\u00e9d\u00e9 quelques heures avant\u00a0\u00bb a d\u00e9taill\u00e9 le MJS. Gravement malade, cet ancien portier de 42 ans avait sollicit\u00e9 les hautes instances du sport national au mois de d\u00e9cembre dernier pour lui procurer une prise en charge m\u00e9dicale \u00e0 l&rsquo;\u00e9tranger, et son v\u0153ux a \u00e9t\u00e9 exauc\u00e9, puisqu&rsquo;il a \u00e9t\u00e9 rapidement transf\u00e9r\u00e9 dans la capitale fran\u00e7aise. Seulement, et comme s&rsquo;il avait compris que sa fin \u00e9tait proche, Hadjaoui a lanc\u00e9 de nouveaux appels de d\u00e9tresse au cours des derni\u00e8res 72 heures pour demander \u00e0 \u00eatre rapatri\u00e9 au plus vite. Ce qui devait se faire ce lundi. Malheureusement, il est d\u00e9c\u00e9d\u00e9 juste avant.<\/p>\n<p>Samir Hadjaoui, en bref<\/p>\n<p>&#8211; N\u00e9 le 16 f\u00e9vrier 1979 \u00e0 Tlemcen. Il compte trois s\u00e9lections en \u00e9quipe nationale \u00ab\u00a0senior\u00a0\u00bb pendant l&rsquo;ann\u00e9e 2007.<\/p>\n<p>&#8211; Champion d&rsquo;Alg\u00e9rie en 2007 et 2009 avec l&rsquo;ES S\u00e9tif.<\/p>\n<p>&#8211; Vainqueur de la Coupe d&rsquo;Alg\u00e9rie en 1998 et 2002 avec le WA Tlemcen.<\/p>\n<p>&#8211; Vainqueur de la coupe d&rsquo;Alg\u00e9rie en 2005 avec l&rsquo;ASO Chlef.<\/p>\n<p>&#8211; Vainqueur de la Coupe de l&rsquo;UAFA en 1998 avec le WA Tlemcen.<\/p>\n<p>&#8211; Vainqueur de la Ligue des Champions arabes en 2007 et 2008 avec l&rsquo;ES S\u00e9tif.<\/p>\n<p><strong>Publi\u00e9 dans :<\/strong> <span>Samir Hadjaoui<\/span><\/p>\n<\/div>\n<p>Auteur:<br \/>\n<a href=\"http:\/\/www.lebuteur.com\/article\/detail?titre=deces-de-lancien-gardien-international-algerien-samir-hadjaoui&#038;id=100091&#038;utm_source=feedburner&#038;utm_medium=feed&#038;utm_campaign=Feed%3A+GalerieFArtciles+%28Les+derniers+articles++-+lebuteur.com%29\">Cliquez ici pour lire l&rsquo;article depuis sa source.<\/a><\/p>\n","protected":false},"excerpt":{"rendered":"<p>Auteur : APS lundi 17 mai 2021 13:50 L&rsquo;ancien gardien international alg\u00e9rien Samir Hadjaoui est d\u00e9c\u00e9d\u00e9 dimanche soir \u00e0 Paris, des suites d&rsquo;une longue maladie, a appris l&rsquo;APS aupr\u00e8s du minist\u00e8re de la Jeunesse et des Sports (MJS). \u00ab\u00a0Samir Hadjaoui avait demand\u00e9 \u00e0 \u00eatre rapatri\u00e9, et il \u00e9tait pr\u00e9vu que cela se fasse demain (ndlr, [&hellip;]<\/p>\n","protected":false},"author":1738,"featured_media":0,"comment_status":"closed","ping_status":"closed","sticky":false,"template":"","format":"standard","meta":{"fifu_image_url":"\/\/cdn.lebuteur.com\/data\/images\/article\/thumbs\/large-deces-de-lancien-gardien-international-algerien-samir-hadjaoui-c6359.jpg","fifu_image_alt":"Ligue 1 & 2 : D\u00e9c\u00e8s de l'ancien gardien international alg\u00e9rien, Samir Hadjaoui","footnotes":""},"categories":[53,75],"tags":[],"class_list":["post-116892","post","type-post","status-publish","format-standard","hentry","category-algerie","category-sport"],"_links":{"self":[{"href":"https:\/\/linitiative.ca\/International\/wp-json\/wp\/v2\/posts\/116892","targetHints":{"allow":["GET"]}}],"collection":[{"href":"https:\/\/linitiative.ca\/International\/wp-json\/wp\/v2\/posts"}],"about":[{"href":"https:\/\/linitiative.ca\/International\/wp-json\/wp\/v2\/types\/post"}],"author":[{"embeddable":true,"href":"https:\/\/linitiative.ca\/International\/wp-json\/wp\/v2\/users\/1738"}],"replies":[{"embeddable":true,"href":"https:\/\/linitiative.ca\/International\/wp-json\/wp\/v2\/comments?post=116892"}],"version-history":[{"count":0,"href":"https:\/\/linitiative.ca\/International\/wp-json\/wp\/v2\/posts\/116892\/revisions"}],"wp:attachment":[{"href":"https:\/\/linitiative.ca\/International\/wp-json\/wp\/v2\/media?parent=116892"}],"wp:term":[{"taxonomy":"category","embeddable":true,"href":"https:\/\/linitiative.ca\/International\/wp-json\/wp\/v2\/categories?post=116892"},{"taxonomy":"post_tag","embeddable":true,"href":"https:\/\/linitiative.ca\/International\/wp-json\/wp\/v2\/tags?post=116892"}],"curies":[{"name":"wp","href":"https:\/\/api.w.org\/{rel}","templated":true}]}}