{"id":116894,"date":"2021-05-17T15:14:11","date_gmt":"2021-05-17T19:14:11","guid":{"rendered":"https:\/\/linitiative.ca\/International\/international-everton-james-rodriguez-se-rapproche-de-la-retraite\/"},"modified":"2021-05-17T15:14:11","modified_gmt":"2021-05-17T19:14:11","slug":"international-everton-james-rodriguez-se-rapproche-de-la-retraite","status":"publish","type":"post","link":"https:\/\/linitiative.ca\/International\/international-everton-james-rodriguez-se-rapproche-de-la-retraite\/","title":{"rendered":"International : Everton : James Rodriguez se rapproche de la retraite !"},"content":{"rendered":"<div readability=\"32\">\n<p>Auteur : <span class=\"time\">lundi 17 mai 2021 14:00<\/span><\/p>\n<\/div>\n<div id=\"post_core\" readability=\"45\">\n<p>En effet, le joueur de 29 ans, auteur de 6 buts en 22 rencontres de Premier League, a affirm\u00e9 qu\u2019il se rapprochait de la fin de sa carri\u00e8re.<\/p>\n<p>\u00ab\u00a0Dans quel club j\u2019aimerais terminer ma carri\u00e8re ? Je n\u2019y ai pas beaucoup r\u00e9fl\u00e9chi, je ne saurais pas dire o\u00f9 je voudrais prendre ma retraite. Je pense qu\u2019il reste peu de temps parce que je ne veux pas jouer trop vieux. Pour le moment, je veux profiter au maximum. Je veux apprendre et aider les jeunes joueurs.\u00a0\u00bb Des propos rapport\u00e9s par Les-Transferts.<\/p>\n<p><strong>Publi\u00e9 dans :<\/strong> <span>Everton : James Rodriguez<\/span><\/p>\n<\/div>\n<p>Auteur:<br \/>\n<a href=\"http:\/\/www.lebuteur.com\/article\/detail?titre=everton-james-rodriguez-se-rapproche-de-la-retraite&#038;id=100090&#038;utm_source=feedburner&#038;utm_medium=feed&#038;utm_campaign=Feed%3A+GalerieFArtciles+%28Les+derniers+articles++-+lebuteur.com%29\">Cliquez ici pour lire l&rsquo;article depuis sa source.<\/a><\/p>\n","protected":false},"excerpt":{"rendered":"<p>Auteur : lundi 17 mai 2021 14:00 En effet, le joueur de 29 ans, auteur de 6 buts en 22 rencontres de Premier League, a affirm\u00e9 qu\u2019il se rapprochait de la fin de sa carri\u00e8re. \u00ab\u00a0Dans quel club j\u2019aimerais terminer ma carri\u00e8re ? Je n\u2019y ai pas beaucoup r\u00e9fl\u00e9chi, je ne saurais pas dire o\u00f9 [&hellip;]<\/p>\n","protected":false},"author":1738,"featured_media":0,"comment_status":"closed","ping_status":"closed","sticky":false,"template":"","format":"standard","meta":{"fifu_image_url":"\/\/cdn.lebuteur.com\/data\/images\/article\/thumbs\/large-everton-james-rodriguez-se-rapproche-de-la-retraite-94357.jpg","fifu_image_alt":"International : Everton : James Rodriguez se rapproche de la retraite !","footnotes":""},"categories":[53,75],"tags":[],"class_list":["post-116894","post","type-post","status-publish","format-standard","hentry","category-algerie","category-sport"],"_links":{"self":[{"href":"https:\/\/linitiative.ca\/International\/wp-json\/wp\/v2\/posts\/116894","targetHints":{"allow":["GET"]}}],"collection":[{"href":"https:\/\/linitiative.ca\/International\/wp-json\/wp\/v2\/posts"}],"about":[{"href":"https:\/\/linitiative.ca\/International\/wp-json\/wp\/v2\/types\/post"}],"author":[{"embeddable":true,"href":"https:\/\/linitiative.ca\/International\/wp-json\/wp\/v2\/users\/1738"}],"replies":[{"embeddable":true,"href":"https:\/\/linitiative.ca\/International\/wp-json\/wp\/v2\/comments?post=116894"}],"version-history":[{"count":0,"href":"https:\/\/linitiative.ca\/International\/wp-json\/wp\/v2\/posts\/116894\/revisions"}],"wp:attachment":[{"href":"https:\/\/linitiative.ca\/International\/wp-json\/wp\/v2\/media?parent=116894"}],"wp:term":[{"taxonomy":"category","embeddable":true,"href":"https:\/\/linitiative.ca\/International\/wp-json\/wp\/v2\/categories?post=116894"},{"taxonomy":"post_tag","embeddable":true,"href":"https:\/\/linitiative.ca\/International\/wp-json\/wp\/v2\/tags?post=116894"}],"curies":[{"name":"wp","href":"https:\/\/api.w.org\/{rel}","templated":true}]}}