{"id":116895,"date":"2021-05-17T15:14:12","date_gmt":"2021-05-17T19:14:12","guid":{"rendered":"https:\/\/linitiative.ca\/International\/international-arsenal-un-flop-deja-sur-le-depart\/"},"modified":"2021-05-17T15:14:12","modified_gmt":"2021-05-17T19:14:12","slug":"international-arsenal-un-flop-deja-sur-le-depart","status":"publish","type":"post","link":"https:\/\/linitiative.ca\/International\/international-arsenal-un-flop-deja-sur-le-depart\/","title":{"rendered":"International : Arsenal : Un flop d\u00e9j\u00e0 sur le d\u00e9part ?"},"content":{"rendered":"<div readability=\"32\">\n<p>Auteur : <span class=\"time\">lundi 17 mai 2021 16:00<\/span><\/p>\n<\/div>\n<div id=\"post_core\" readability=\"45\">\n<p>Les dirigeants londoniens seraient dans l\u2019attente d\u2019offres officielles pour le footballeur de 32 ans, d\u00e9barqu\u00e9 libre l\u2019\u00e9t\u00e9 dernier suite \u00e0 son d\u00e9part de Chelsea. Sous contrat jusqu\u2019en juin 2023, l&rsquo;international br\u00e9silien a disput\u00e9 37 matches toutes comp\u00e9titions confondues, pour un maigre bilan d\u2019un but et de sept passes d\u00e9cisives pas \u00e0 la hauteur de son pedigree et de ses prestations pass\u00e9es avec les Blues. Si la tendance se confirme, il rejoindrait la liste des joueurs d\u2019Arsenal amen\u00e9s \u00e0 se trouver un nouveau point de chute \u00e0 l\u2019intersaison. Bernd Leno, Hector Bellerin, Granit Xhaka et David Luiz devraient \u00eatre invit\u00e9s \u00e0 changer d\u2019air dans ces prochains mois. Apr\u00e8s une saison 2020-2021 tr\u00e8s difficile, qui ne permettra pas aux co\u00e9quipiers de Pierre-Emerick Aubameyang d\u2019accrocher une qualification pour la prochaine Ligue des champions, le club qui \u00e9volue \u00e0 l\u2019Emirates Stadium vise un d\u00e9graissage cons\u00e9quent pour tenter de repartir sur de meilleures bases.\u00a0<\/p>\n<p><strong>Publi\u00e9 dans :<\/strong> <span>Arsenal<\/span> <span>Willian<\/span><\/p>\n<\/div>\n<p>Auteur:<br \/>\n<a href=\"http:\/\/www.lebuteur.com\/article\/detail?titre=arsenal-un-flop-deja-sur-le-depart&#038;id=100092&#038;utm_source=feedburner&#038;utm_medium=feed&#038;utm_campaign=Feed%3A+GalerieFArtciles+%28Les+derniers+articles++-+lebuteur.com%29\">Cliquez ici pour lire l&rsquo;article depuis sa source.<\/a><\/p>\n","protected":false},"excerpt":{"rendered":"<p>Auteur : lundi 17 mai 2021 16:00 Les dirigeants londoniens seraient dans l\u2019attente d\u2019offres officielles pour le footballeur de 32 ans, d\u00e9barqu\u00e9 libre l\u2019\u00e9t\u00e9 dernier suite \u00e0 son d\u00e9part de Chelsea. Sous contrat jusqu\u2019en juin 2023, l&rsquo;international br\u00e9silien a disput\u00e9 37 matches toutes comp\u00e9titions confondues, pour un maigre bilan d\u2019un but et de sept passes [&hellip;]<\/p>\n","protected":false},"author":1738,"featured_media":0,"comment_status":"closed","ping_status":"closed","sticky":false,"template":"","format":"standard","meta":{"fifu_image_url":"\/\/cdn.lebuteur.com\/data\/images\/article\/thumbs\/large-100092arsenal-un-flop-deja-sur-le-depart-dab4d.jpg","fifu_image_alt":"International : Arsenal : Un flop d\u00e9j\u00e0 sur le d\u00e9part ?","footnotes":""},"categories":[53,75],"tags":[],"class_list":["post-116895","post","type-post","status-publish","format-standard","hentry","category-algerie","category-sport"],"_links":{"self":[{"href":"https:\/\/linitiative.ca\/International\/wp-json\/wp\/v2\/posts\/116895","targetHints":{"allow":["GET"]}}],"collection":[{"href":"https:\/\/linitiative.ca\/International\/wp-json\/wp\/v2\/posts"}],"about":[{"href":"https:\/\/linitiative.ca\/International\/wp-json\/wp\/v2\/types\/post"}],"author":[{"embeddable":true,"href":"https:\/\/linitiative.ca\/International\/wp-json\/wp\/v2\/users\/1738"}],"replies":[{"embeddable":true,"href":"https:\/\/linitiative.ca\/International\/wp-json\/wp\/v2\/comments?post=116895"}],"version-history":[{"count":0,"href":"https:\/\/linitiative.ca\/International\/wp-json\/wp\/v2\/posts\/116895\/revisions"}],"wp:attachment":[{"href":"https:\/\/linitiative.ca\/International\/wp-json\/wp\/v2\/media?parent=116895"}],"wp:term":[{"taxonomy":"category","embeddable":true,"href":"https:\/\/linitiative.ca\/International\/wp-json\/wp\/v2\/categories?post=116895"},{"taxonomy":"post_tag","embeddable":true,"href":"https:\/\/linitiative.ca\/International\/wp-json\/wp\/v2\/tags?post=116895"}],"curies":[{"name":"wp","href":"https:\/\/api.w.org\/{rel}","templated":true}]}}