{"id":116896,"date":"2021-05-17T07:47:00","date_gmt":"2021-05-17T11:47:00","guid":{"rendered":"https:\/\/linitiative.ca\/International\/palestine-lappel-des-intellectuels-tunisiens-et-figures-de-la-societe-civile-pour-la-cessation-immediate-de-lagression-israelienne-sur-gaza\/"},"modified":"2021-05-17T07:47:00","modified_gmt":"2021-05-17T11:47:00","slug":"palestine-lappel-des-intellectuels-tunisiens-et-figures-de-la-societe-civile-pour-la-cessation-immediate-de-lagression-israelienne-sur-gaza","status":"publish","type":"post","link":"https:\/\/linitiative.ca\/International\/palestine-lappel-des-intellectuels-tunisiens-et-figures-de-la-societe-civile-pour-la-cessation-immediate-de-lagression-israelienne-sur-gaza\/","title":{"rendered":"Palestine: L\u2019appel des intellectuels tunisiens et figures de la soci\u00e9t\u00e9 civile pour la cessation imm\u00e9diate de l\u2019agression isra\u00e9lienne sur Gaza"},"content":{"rendered":"<p class=\"c2\"><strong>Plusieurs dizaines de personnalit\u00e9s tunisiennes de premier plan, parmi des intellectuels et des figures embl\u00e9matiques de la soci\u00e9t\u00e9 civiles sont parmi les signataires d\u2019une p\u00e9tition d\u00e9non\u00e7ant vigoureusement l\u2019agression isra\u00e9lienne sur Gaza et appelant \u00e0 une cessation imm\u00e9diate et sans conditions de ce crime humanitaire. Ci-apr\u00e8s le texte int\u00e9gral et la liste des premiers signataires.<\/strong><\/p>\n<p>Suite \u00e0 la nouvelle agression isra\u00e9lienne dont les populations palestiniennes de Gaza et de J\u00e9rusalem-Est sont les victimes depuis le 10 mai 2021;<\/p>\n<p>Nous, hommes et femmes des lettres, des arts,des sciences, de la culture et des m\u00e9dias, signataires de la pr\u00e9sente p\u00e9tition<\/p>\n<p><span class=\"c3\"><strong>1- Constatons<\/strong><\/span> avec consternation, qu&rsquo;Isra\u00ebl use, encore une fois, sous couvert de l\u00e9gitime d\u00e9fense, des armes et d\u2019une force brutale, injustifi\u00e9e et disproportionn\u00e9e en m\u00e9connaissance des r\u00e8gles les plus \u00e9l\u00e9mentaires du droit international humanitaire et des droits de l\u2019homme;<\/p>\n<p><span class=\"c3\"><strong>2- Condamnons<\/strong><\/span> fermement les actes de destruction d\u00e9lib\u00e9r\u00e9e et syst\u00e9matique des biens civils, des habitations, des \u00e9quipements collectifs et installations publiques causant des centaines de bless\u00e9s, plus d\u2019une centaine de morts parmi lesquels des enfants et des femmes;<\/p>\n<p><span class=\"c3\"><strong>3- Consid\u00e9rons<\/strong><\/span> que ces actes perp\u00e9tr\u00e9s contre les civils constituent des crimes de guerre et des crimes contre l\u2019humanit\u00e9 au sens du Statut de Rome de la Cour p\u00e9nale internationale \u00ab CPI \u00bb)<\/p>\n<p><span class=\"c3\"><strong>4- Exprimons<\/strong><\/span> notre\u00a0 profonde indignation \u00e0 l\u2019\u00e9gard de la politique isra\u00e9lienne de colonisation des territoires palestiniens occup\u00e9s, dont notamment la volont\u00e9 des autorit\u00e9s d\u2019occupation isra\u00e9liennes de d\u00e9loger de force les propri\u00e9taires palestiniens du quartier de Cheikh Jarrah \u00e0 J\u00e9rusalem-Est en vue d\u2019y implanter des colons isra\u00e9liens et ce, en m\u00e9connaissance totale des r\u00e9solutions pertinentes du Conseil de s\u00e9curit\u00e9 des Nations Unies relatives \u00e0 l\u2019ill\u00e9galit\u00e9 internationales, sp\u00e9cifiquement la R\u00e9solution 2334 (2016) selon laquelle le Conseil:<\/p>\n<p class=\"c2\"><em>\u00ab R\u00e9affirme que la cr\u00e9ation par Isra\u00ebl de colonies de peuplement dans le Territoire palestinien occup\u00e9 depuis 1967, y compris J\u00e9rusalem-Est, n\u2019a aucun fondement en droit et constitue une violation flagrante du droit international et un obstacle majeur \u00e0 la r\u00e9alisation de la solution des deux \u00c9tats et \u00e0 l\u2019instauration d\u2019une paix globale, juste et durable;<br \/>Exige de nouveau d\u2019Isra\u00ebl qu\u2019il arr\u00eate imm\u00e9diatement et compl\u00e8tement toutes ses activit\u00e9s de peuplement dans le Territoire palestinien occup\u00e9, y compris J\u00e9rusalem-Est, et respecte pleinement toutes les obligations juridiques qui lui incombent \u00e0 cet \u00e9gard \u00bb<\/em><\/p>\n<p><span class=\"c3\"><strong>5- Rappelons<\/strong><\/span> que la Cour internationale de Justice (CIJ), dans son avis consultatif du 9 juillet 2004 \u00ab Cons\u00e9quences juridiques de 1&rsquo;\u00e9dification d&rsquo;un mur dans le territoire palestinien occup\u00e9 \u00bb, ar\u00e9affirm\u00e9 que:<br \/>\u00ab Les colonies de peuplement install\u00e9es par Isra\u00ebl dans le territoire palestinien occup\u00e9 (y compris J\u00e9rusalem-Est) l&rsquo;ont \u00e9t\u00e9 en m\u00e9connaissance du droit international \u00bb et que \u00ab la construction [d\u2019un mur], s&rsquo;ajoutant aux mesures prises ant\u00e9rieurement, dresse ainsi un obstacle grave \u00e0 l&rsquo;exercice par le peuple palestinien de son droit \u00e0 l&rsquo;autod\u00e9termination et viole de ce fait l&rsquo;obligation incombant \u00e0 Isra\u00ebl de respecter ce droit \u00bb<\/p>\n<p><span class=\"c3\"><strong>6- D\u00e9non\u00e7ons<\/strong><\/span> la politique s\u00e9gr\u00e9gationniste d&rsquo;Isra\u00ebl \u00e0 l\u2019\u00e9gard des Palestiniens d\u2019Isra\u00ebl, rel\u00e9gu\u00e9s au statut de citoyens de seconde zone par la\u00a0 loi du 19 juillet 2018, Isra\u00ebl, \u00c9tat-nation du peuple juif, et subissant aujourd\u2019hui les attaques des supr\u00e9matistes isra\u00e9liens. Cette politique viole la Convention internationale sur l&rsquo;\u00e9limination de toutes les formes de discrimination raciale du 21 d\u00e9cembre 1965 et la Convention internationale sur l&rsquo;\u00e9limination et la r\u00e9pression du crime d&rsquo;apartheid du 30 novembre 1973;<\/p>\n<p><span class=\"c3\"><strong>7- Affirmons<\/strong><\/span> que la politique de violation continue du droit international par la puissance occupante des territoires palestinien range Isra\u00ebl dans la cat\u00e9gorie des \u00ab \u00c9tats voyous \u00bb et que les perspectives d\u2019une solution n\u00e9goci\u00e9e \u00e0 l\u2019\u00e9dification de deux \u00c9tats en Palestine devient de plus en plus difficile \u00e0 r\u00e9aliser;<\/p>\n<p><span class=\"c3\"><strong>8- D\u00e9non\u00e7ons<\/strong><\/span> l\u2019impunit\u00e9 dont jouit Isra\u00ebl du fait du soutien inconditionnel dont il b\u00e9n\u00e9ficie de la part des administrations am\u00e9ricaines successives et de l\u2019absence de sanctions de la part de l\u2019Union europ\u00e9enne, faisant ainsi du peuple palestinien la victime innocente de cette impunit\u00e9, largement tributaire de la mauvaise conscience europ\u00e9enne provoqu\u00e9e par le g\u00e9nocide hitl\u00e9rien,<\/p>\n<p><span class=\"c3\"><strong>9- Exprimons<\/strong><\/span> notre solidarit\u00e9 au peuple palestinien dans son juste combat pour l\u2019autod\u00e9termination et rendons hommage aux victimes innocentes tomb\u00e9es sous la puissance de feu de la force occupante.<\/p>\n<p><span class=\"c3\"><strong>10- Appelons<\/strong><\/span> \u00e0 la cessation imm\u00e9diate et sans condition de l\u2019agression isra\u00e9lienne sur Gaza;<\/p>\n<p><span class=\"c3\"><strong>11- Exhortons<\/strong><\/span> les instances internationales comp\u00e9tentes (Conseil de s\u00e9curit\u00e9, Assembl\u00e9e g\u00e9n\u00e9rale, Conseil des droits de l\u2019homme, CPI,) \u00e0 exercer leurs pr\u00e9rogatives respectives pour faire cesser l\u2019agression et prendre toutes les mesures coercitives qui s\u2019imposent;<\/p>\n<p><span class=\"c4\"><strong>Liste des signataires<\/strong><\/span><\/p>\n<p><span class=\"c5\"><strong>(Ordre alphab\u00e9tique)<\/strong><\/span><\/p>\n<p><span class=\"c3\">\u2022<\/span> Abdeljaouad Mehdi<\/p>\n<p><span class=\"c3\">\u2022<\/span> Baccar Jalila<\/p>\n<p><span class=\"c3\">\u2022<\/span> Baccouche N\u00e9ji<\/p>\n<p><span class=\"c3\">\u2022<\/span> Bel haj Hmida Bochra<\/p>\n<p><span class=\"c3\">\u2022<\/span> Belhaj Yahia Emna<\/p>\n<p><span class=\"c3\">\u2022<\/span> Belhassen Souhayr<\/p>\n<p><span class=\"c3\">\u2022<\/span> Ben Achour Rab\u00e2a<\/p>\n<p><span class=\"c3\">\u2022<\/span> Ben Achour Rafaa<\/p>\n<p><span class=\"c3\">\u2022<\/span> Ben Achour Sana<\/p>\n<p><span class=\"c3\">\u2022<\/span> Ben Achour Souhayma<\/p>\n<p><span class=\"c3\">\u2022<\/span> Ben Achour Yadh<\/p>\n<p><span class=\"c3\">\u2022<\/span> Ben Frej Hechmi<\/p>\n<p><span class=\"c3\">\u2022<\/span> Ben Hamida Esma<\/p>\n<p><span class=\"c3\">\u2022<\/span> Ben Kaddour Anouar<\/p>\n<p><span class=\"c3\">\u2022<\/span> Ben Messaoud Kemal<\/p>\n<p><span class=\"c3\">\u2022<\/span> Ben Mheni Sadok<\/p>\n<p><span class=\"c3\">\u2022<\/span> Ben Ouan\u00e8s Kamel<\/p>\n<p><span class=\"c3\">\u2022<\/span> Ben Romdhane Habiba<\/p>\n<p><span class=\"c3\">\u2022<\/span> Ben Romdhane Mahmoud<\/p>\n<p><span class=\"c3\">\u2022<\/span> Ben Sma\u00efl Karim<\/p>\n<p><span class=\"c3\">\u2022<\/span> Ben Sma\u00efl Nedra<\/p>\n<p><span class=\"c3\">\u2022<\/span> Ben Sa\u00efd Zeineb<\/p>\n<p><span class=\"c3\">\u2022<\/span> Bendana Kmar<br \/><span class=\"c3\">\u2022<\/span> Bessis Sophie<\/p>\n<p><span class=\"c3\">\u2022<\/span> Bostanji Sami<\/p>\n<p><span class=\"c3\">\u2022<\/span> Bouchoucha Dorra<\/p>\n<p><span class=\"c3\">\u2022<\/span> Bouguerra Ridha<\/p>\n<p><span class=\"c3\">\u2022<\/span> Bouraoui Soukaina<\/p>\n<p><span class=\"c3\">\u2022<\/span> Chaabane Nadia<\/p>\n<p><span class=\"c3\">\u2022<\/span> Chamkhi Sonia<\/p>\n<p><span class=\"c3\">\u2022<\/span> Chammari Alia<\/p>\n<p><span class=\"c3\">\u2022<\/span> Chammari Khama\u00efs<\/p>\n<p><span class=\"c3\">\u2022<\/span> Chapoutot Mounira<\/p>\n<p><span class=\"c3\">\u2022<\/span> Charfi Abdelmajid<\/p>\n<p><span class=\"c3\">\u2022<\/span> Charfi Faouzi<\/p>\n<p><span class=\"c3\">\u2022<\/span> Charfi Faouzia<\/p>\n<p><span class=\"c3\">\u2022<\/span> Charfi Salwa<\/p>\n<p><span class=\"c3\">\u2022<\/span> Chelbi Afif<\/p>\n<p><span class=\"c3\">\u2022<\/span> Ch\u00e9rif Khadija<\/p>\n<p><span class=\"c3\">\u2022<\/span> Fatma Bouraoui<\/p>\n<p><span class=\"c3\">\u2022<\/span> Fennich Frej<\/p>\n<p><span class=\"c3\">\u2022<\/span> Ferchichi Wahid<\/p>\n<p><span class=\"c3\">\u2022<\/span> Ferjani Ch\u00e9rif<\/p>\n<p><span class=\"c3\">\u2022<\/span> Grami Amal<\/p>\n<p><span class=\"c3\">\u2022<\/span> Gu\u00e9diche Jalila<\/p>\n<p><span class=\"c3\">\u2022<\/span> Habaieb Taoufik<\/p>\n<p><span class=\"c3\">\u2022<\/span> Hanine Maher<\/p>\n<p><span class=\"c3\">\u2022<\/span> Ja\u00efbi Fadhel<\/p>\n<p><span class=\"c3\">\u2022<\/span> Jenayah Ridha<\/p>\n<p><span class=\"c3\">\u2022<\/span> Jendoubi Kemal<\/p>\n<p><span class=\"c3\">\u2022<\/span> Jouirou Zahia<\/p>\n<p><span class=\"c3\">\u2022<\/span> Kacem Abdelaziz<\/p>\n<p><span class=\"c3\">\u2022<\/span> Kchir Khaled<\/p>\n<p><span class=\"c3\">\u2022<\/span> Keskes Sadika<\/p>\n<p><span class=\"c3\">\u2022<\/span> Khouaja Ahmed<\/p>\n<p><span class=\"c3\">\u2022<\/span> Krichen Ziyed<\/p>\n<p><span class=\"c3\">\u2022<\/span> Laabidi Kemal<\/p>\n<p><span class=\"c3\">\u2022<\/span> Lakhdhar Latifa<\/p>\n<p><span class=\"c3\">\u2022<\/span> Lakhdhar Mohamed<\/p>\n<p><span class=\"c3\">\u2022<\/span> Larbi Walid<\/p>\n<p><span class=\"c3\">\u2022<\/span> Letaief Mustapha<\/p>\n<p><span class=\"c3\">\u2022<\/span> Mahjoubi Ammar<\/p>\n<p><span class=\"c3\">\u2022<\/span> Mellakh Habib<\/p>\n<p><span class=\"c3\">\u2022<\/span> Melliti Imed<\/p>\n<p><span class=\"c3\">\u2022<\/span> Mezghani Ali<\/p>\n<p><span class=\"c3\">\u2022<\/span> M\u00e9ziou Kalthoum<\/p>\n<p><span class=\"c3\">\u2022<\/span> Moalla Anouar<\/p>\n<p><span class=\"c3\">\u2022<\/span> Moussa Fadhel<\/p>\n<p><span class=\"c3\">\u2022<\/span> Nabli Mustapha Kamal<\/p>\n<p><span class=\"c3\">\u2022<\/span> Nouira Asma<\/p>\n<p><span class=\"c3\">\u2022<\/span> Ounaies Ahmed<\/p>\n<p><span class=\"c3\">\u2022<\/span> Redissi Hamadi<\/p>\n<p><span class=\"c3\">\u2022<\/span> Sallami Meryem<\/p>\n<p><span class=\"c3\">\u2022<\/span> Souid Karima<\/p>\n<p><span class=\"c3\">\u2022<\/span> Toujani Zeineb<\/p>\n<p><span class=\"c3\">\u2022<\/span> Youssef\u00a0 Olfa<\/p>\n<p><span class=\"c3\">\u2022<\/span> Zghlal Riadh<\/p>\n<p>Auteur:<br \/>\n<a href=\"https:\/\/www.leaders.com.tn\/article\/31881-palestine-l-appel-des-intellectuels-tunisiens-et-figures-de-la-societe-civile-pour-la-cessation-immediate-de-l-agression-israelienne-sur-gaza\">Cliquez ici pour lire l&rsquo;article depuis sa source.<\/a><\/p>\n","protected":false},"excerpt":{"rendered":"<p>Plusieurs dizaines de personnalit\u00e9s tunisiennes de premier plan, parmi des intellectuels et des figures embl\u00e9matiques de la soci\u00e9t\u00e9 civiles sont parmi les signataires d\u2019une p\u00e9tition d\u00e9non\u00e7ant vigoureusement l\u2019agression isra\u00e9lienne sur Gaza et appelant \u00e0 une cessation imm\u00e9diate et sans conditions de ce crime humanitaire. Ci-apr\u00e8s le texte int\u00e9gral et la liste des premiers signataires. Suite [&hellip;]<\/p>\n","protected":false},"author":1772,"featured_media":0,"comment_status":"closed","ping_status":"closed","sticky":false,"template":"","format":"standard","meta":{"fifu_image_url":"","fifu_image_alt":"","footnotes":""},"categories":[73,55],"tags":[],"class_list":["post-116896","post","type-post","status-publish","format-standard","hentry","category-actualite","category-tunisie"],"_links":{"self":[{"href":"https:\/\/linitiative.ca\/International\/wp-json\/wp\/v2\/posts\/116896","targetHints":{"allow":["GET"]}}],"collection":[{"href":"https:\/\/linitiative.ca\/International\/wp-json\/wp\/v2\/posts"}],"about":[{"href":"https:\/\/linitiative.ca\/International\/wp-json\/wp\/v2\/types\/post"}],"author":[{"embeddable":true,"href":"https:\/\/linitiative.ca\/International\/wp-json\/wp\/v2\/users\/1772"}],"replies":[{"embeddable":true,"href":"https:\/\/linitiative.ca\/International\/wp-json\/wp\/v2\/comments?post=116896"}],"version-history":[{"count":0,"href":"https:\/\/linitiative.ca\/International\/wp-json\/wp\/v2\/posts\/116896\/revisions"}],"wp:attachment":[{"href":"https:\/\/linitiative.ca\/International\/wp-json\/wp\/v2\/media?parent=116896"}],"wp:term":[{"taxonomy":"category","embeddable":true,"href":"https:\/\/linitiative.ca\/International\/wp-json\/wp\/v2\/categories?post=116896"},{"taxonomy":"post_tag","embeddable":true,"href":"https:\/\/linitiative.ca\/International\/wp-json\/wp\/v2\/tags?post=116896"}],"curies":[{"name":"wp","href":"https:\/\/api.w.org\/{rel}","templated":true}]}}