{"id":116897,"date":"2021-05-17T10:52:00","date_gmt":"2021-05-17T14:52:00","guid":{"rendered":"https:\/\/linitiative.ca\/International\/bernie-sanders-propose-une-alternative-a-la-politique-du-president-joe-biden-au-moyen-orient\/"},"modified":"2021-05-17T10:52:00","modified_gmt":"2021-05-17T14:52:00","slug":"bernie-sanders-propose-une-alternative-a-la-politique-du-president-joe-biden-au-moyen-orient","status":"publish","type":"post","link":"https:\/\/linitiative.ca\/International\/bernie-sanders-propose-une-alternative-a-la-politique-du-president-joe-biden-au-moyen-orient\/","title":{"rendered":"Bernie Sanders propose une alternative \u00e0 la politique du pr\u00e9sident Joe Biden au Moyen-Orient"},"content":{"rendered":"<p class=\"c2\"><strong>Alors que les critiques de la Gauche et des d\u00e9mocrates montent face \u00e0 l\u2019attitude de l\u2019administration Biden, Bernie Sanders, s\u00e9nateur ind\u00e9pendant de l\u2019Etat du Vermont qui se dit \u00ab socialiste d\u00e9mocrate \u00bb &#8211; rattach\u00e9 au Parti D\u00e9mocrate- a publi\u00e9 le texte ci-dessous qui propose une alternative aux atermoiements et \u00e0 l\u2019immobilisme de l\u2019administration Biden. Candidat aux pr\u00e9sidentielles de 2020, Bernie Sanders a \u00e9t\u00e9 rattrap\u00e9 aux primaires par l\u2019ancien vice-pr\u00e9sident d\u00e9mocrate Joe Biden. En d\u00e9pit de son \u00e9chec, il est cr\u00e9dit\u00e9 de la renaissance id\u00e9ologique et \u00e9lectorale de la gauche sociale-d\u00e9mocrate aux \u00c9tats-Unis et devient une figure politique majeure, s&rsquo;investissant activement dans le d\u00e9bat public<br \/>\u00a0Il a publi\u00e9 le point de vue ci-dessous dans The New York Times du 14 mai 2021; point de vue qui peut faire office d\u2019une proposition en vue d\u2019une autre strat\u00e9gie am\u00e9ricaine pour le Moyen-Orient.<br \/>En \u00e9cho \u00e0 une frange de plus en plus importante de la soci\u00e9t\u00e9 am\u00e9ricaine, il conclut son texte en reprenant un mot d\u2019ordre qui a \u00e9t\u00e9 d\u2019abord un hastag: \u00ab Palestinians lives matter \u00bb (Les vies palestiniennes comptent.) \u00bb<\/strong><\/p>\n<p><span class=\"c3\"><strong>Bernie Sanders: Les \u00c9tats-Unis doivent cesser de faire l&rsquo;apologie du gouvernement Netanyahu<\/strong><\/span><\/p>\n<p><em>\u00ab\u00a0Isra\u00ebl a le droit de se d\u00e9fendre.\u00a0\u00bb<\/em><\/p>\n<p>Ce sont les mots que nous entendons de la part des administrations d\u00e9mocrates et r\u00e9publicaines chaque fois que le gouvernement d&rsquo;Isra\u00ebl, avec son \u00e9norme puissance militaire, r\u00e9pond \u00e0 des attaques \u00e0 la roquette depuis Gaza.<\/p>\n<p>Soyons clairs. Personne ne pr\u00e9tend qu&rsquo;Isra\u00ebl, ou tout autre gouvernement, n&rsquo;a pas le droit de se d\u00e9fendre ou de prot\u00e9ger son peuple. Alors pourquoi ces mots sont-ils r\u00e9p\u00e9t\u00e9s ann\u00e9e apr\u00e8s ann\u00e9e, guerre apr\u00e8s-guerre ? Et pourquoi la question n&rsquo;est-elle presque jamais pos\u00e9e : \u00ab\u00a0Quels sont les droits du peuple palestinien ?\u00a0\u00bb<\/p>\n<p>Et pourquoi semblons-nous prendre conscience de la violence en Isra\u00ebl et en Palestine uniquement lorsque des roquettes tombent sur Isra\u00ebl ?<\/p>\n<p>En \u00e0 l\u2019occasion de la crise actuelle, les \u00c9tats-Unis devraient appeler \u00e0 un cessez-le-feu imm\u00e9diat. Nous devrions \u00e9galement comprendre que, si les tirs de roquettes du Hamas sur les communaut\u00e9s isra\u00e9liennes sont absolument inacceptables, le conflit d&rsquo;aujourd&rsquo;hui n&rsquo;a pas commenc\u00e9 avec ces roquettes.<\/p>\n<p>Les familles palestiniennes du quartier de Sheikh Jarrah \u00e0 J\u00e9rusalem vivent sous la menace d&rsquo;une expulsion depuis de nombreuses ann\u00e9es, se d\u00e9battant dans un syst\u00e8me juridique con\u00e7u pour faciliter leur d\u00e9placement forc\u00e9. Et ces derni\u00e8res semaines, les colons extr\u00e9mistes ont intensifi\u00e9 leurs efforts pour les expulser.<\/p>\n<p>Et, tragiquement, ces expulsions ne sont qu&rsquo;une partie d&rsquo;un syst\u00e8me plus grand d&rsquo;oppression politique et \u00e9conomique. Depuis des ann\u00e9es, nous assistons \u00e0 l&rsquo;aggravation de l&rsquo;occupation isra\u00e9lienne en Cisjordanie et \u00e0 J\u00e9rusalem-Est et \u00e0 la poursuite du blocus de Gaza, qui rendent la vie des Palestiniens de plus en plus intol\u00e9rable. \u00c0 Gaza, qui compte environ deux millions d&rsquo;habitants, 70 % des jeunes sont au ch\u00f4mage et ont peu d&rsquo;espoir dans l&rsquo;avenir.<\/p>\n<p>En outre, nous avons vu le gouvernement de Benjamin Netanyahu s&#8217;employer \u00e0 marginaliser et \u00e0 diaboliser les citoyens palestiniens d&rsquo;Isra\u00ebl, \u00e0 poursuivre des politiques de colonisation con\u00e7ues pour exclure la possibilit\u00e9 d&rsquo;une solution \u00e0 deux \u00c9tats et \u00e0 adopter des lois qui consacrent l&rsquo;in\u00e9galit\u00e9 syst\u00e9mique entre les citoyens juifs et palestiniens d&rsquo;Isra\u00ebl.<\/p>\n<p>Rien de tout cela n&rsquo;excuse les attaques du Hamas, qui a tent\u00e9 d&rsquo;exploiter les troubles \u00e0 J\u00e9rusalem, ni les \u00e9checs de l&rsquo;Autorit\u00e9 palestinienne, corrompue et inefficace, qui a r\u00e9cemment report\u00e9 des \u00e9lections attendues depuis longtemps. Mais le fait est qu&rsquo;Isra\u00ebl reste la seule autorit\u00e9 souveraine sur la terre d&rsquo;Isra\u00ebl et de Palestine, et qu&rsquo;au lieu de se pr\u00e9parer \u00e0 la paix et \u00e0 la justice, il a consolid\u00e9 son contr\u00f4le in\u00e9gal et antid\u00e9mocratique.<\/p>\n<p>Pendant plus d&rsquo;une d\u00e9cennie de son r\u00e8gne de droite en Isra\u00ebl, M. Netanyahu a cultiv\u00e9 un nationalisme raciste de plus en plus intol\u00e9rant et autoritaire. Dans son effort fr\u00e9n\u00e9tique pour rester au pouvoir et \u00e9viter les poursuites pour corruption, M. Netanyahu a l\u00e9gitim\u00e9 ces forces, y compris Itamar Ben Gvir<span class=\"c4\"><sup><strong>**<\/strong><\/sup><\/span> et son parti extr\u00e9miste \u00ab Jewish Power \u00bb, (Pouvoir juif) en les faisant entrer au gouvernement. Il est choquant et attristant que des bandes racistes qui attaquent les Palestiniens dans les rues de J\u00e9rusalem soient d\u00e9sormais repr\u00e9sent\u00e9es \u00e0 la Knesset.<\/p>\n<p>Ces tendances dangereuses ne sont pas propres \u00e0 Isra\u00ebl. Dans le monde entier, en Europe, en Asie, en Am\u00e9rique du Sud et ici aux \u00c9tats-Unis, nous avons assist\u00e9 \u00e0 la mont\u00e9e de mouvements nationalistes autoritaires similaires. Ces mouvements exploitent les haines ethniques et raciales afin de renforcer le pouvoir de quelques personnes corrompues plut\u00f4t que la prosp\u00e9rit\u00e9, la justice et la paix pour le plus grand nombre. Au cours des quatre derni\u00e8res ann\u00e9es, ces mouvements ont eu un ami \u00e0 la Maison Blanche.<\/p>\n<p>Dans le m\u00eame temps, nous assistons \u00e0 la mont\u00e9e d&rsquo;une nouvelle g\u00e9n\u00e9ration de militants qui veulent construire des soci\u00e9t\u00e9s fond\u00e9es sur les besoins humains et l&rsquo;\u00e9galit\u00e9 politique. Nous avons vu ces militants dans les rues am\u00e9ricaines l&rsquo;\u00e9t\u00e9 dernier \u00e0 la suite du meurtre de George Floyd. Nous les voyons en Isra\u00ebl. Nous les voyons dans les territoires palestiniens.<\/p>\n<p>Avec un nouveau pr\u00e9sident, les \u00c9tats-Unis ont maintenant l&rsquo;occasion de d\u00e9velopper une nouvelle approche du monde &#8211; une approche fond\u00e9e sur la justice et la d\u00e9mocratie. Qu&rsquo;il s&rsquo;agisse d&rsquo;aider les pays pauvres \u00e0 obtenir les vaccins dont ils ont besoin, de diriger la lutte contre le changement climatique ou de se battre pour la d\u00e9mocratie et les droits de l&rsquo;homme dans le monde entier, les \u00c9tats-Unis doivent montrer la voie en favorisant la coop\u00e9ration plut\u00f4t que le conflit.<\/p>\n<p>Au Moyen-Orient, o\u00f9 nous fournissons pr\u00e8s de 4 milliards de dollars par an d&rsquo;aide \u00e0 Isra\u00ebl, nous ne pouvons plus faire l&rsquo;apologie du gouvernement de droite de Netanyahu et de son comportement antid\u00e9mocratique et raciste. Nous devons changer de cap et adopter une approche impartiale, qui respecte et renforce le droit international en mati\u00e8re de protection des civils, ainsi que la loi am\u00e9ricaine existante qui stipule que l&rsquo;aide militaire am\u00e9ricaine ne doit pas permettre les violations des droits de l&rsquo;homme.<\/p>\n<p>Cette approche doit reconna\u00eetre qu&rsquo;Isra\u00ebl a le droit absolu de vivre en paix et en s\u00e9curit\u00e9, ainsi que les Palestiniens. Je crois fermement que les \u00c9tats-Unis ont un r\u00f4le majeur \u00e0 jouer pour aider les Isra\u00e9liens et les Palestiniens \u00e0 construire cet avenir. Mais si les \u00c9tats-Unis veulent \u00eatre une voix cr\u00e9dible en mati\u00e8re de droits de l&rsquo;homme sur la sc\u00e8ne mondiale, nous devons faire respecter les normes internationales en mati\u00e8re de droits de l&rsquo;homme de mani\u00e8re coh\u00e9rente, m\u00eame lorsque c&rsquo;est politiquement difficile. Nous devons reconna\u00eetre que les droits des Palestiniens sont importants. La vie des Palestiniens compte.<\/p>\n<p><span class=\"c5\"><em>** Itamar Ben Gvir, d\u2019origine irakienne, est d\u00e9put\u00e9 kahaniste du Parti extr\u00e9miste sioniste religieux Otzma Yehudit. C\u2019est un adepte de Meir Kahane, un rabbin extr\u00e9miste n\u00e9 \u00e0 Brooklyn (New York) pr\u00f4nant le transfert des Palestiniens et fondateur du parti Kach qui a \u00e9t\u00e9 interdit en Isra\u00ebl. Kahane a \u00e9t\u00e9 assassin\u00e9 en 1990 \u00e0 Manhattan (New York) Itmar Ben Gvir est consid\u00e9r\u00e9 comme l\u2019instigateur des \u00e9v\u00e8nements tragiques d\u2019al Aqsa et de Cheikh Jarrah o\u00f9 il soutenait les colons voulant d\u00e9pouiller les Palestiniens de leurs maisons.<\/em><\/span><\/p>\n<p><strong>(Note du traducteur)<br \/>The New York Times, 14 mai 2021<br \/><\/strong> <em><strong>Traduction de l\u2019anglais de Mohamed Larbi Bouguerra<\/strong><\/em><\/p>\n<p>Auteur:<br \/>\n<a href=\"https:\/\/www.leaders.com.tn\/article\/31882-bernie-sanders-propose-une-alternative-a-la-politique-du-president-joe-biden-au-moyen-orient\">Cliquez ici pour lire l&rsquo;article depuis sa source.<\/a><\/p>\n","protected":false},"excerpt":{"rendered":"<p>Alors que les critiques de la Gauche et des d\u00e9mocrates montent face \u00e0 l\u2019attitude de l\u2019administration Biden, Bernie Sanders, s\u00e9nateur ind\u00e9pendant de l\u2019Etat du Vermont qui se dit \u00ab socialiste d\u00e9mocrate \u00bb &#8211; rattach\u00e9 au Parti D\u00e9mocrate- a publi\u00e9 le texte ci-dessous qui propose une alternative aux atermoiements et \u00e0 l\u2019immobilisme de l\u2019administration Biden. Candidat [&hellip;]<\/p>\n","protected":false},"author":1772,"featured_media":0,"comment_status":"closed","ping_status":"closed","sticky":false,"template":"","format":"standard","meta":{"fifu_image_url":"","fifu_image_alt":"","footnotes":""},"categories":[73,55],"tags":[],"class_list":["post-116897","post","type-post","status-publish","format-standard","hentry","category-actualite","category-tunisie"],"_links":{"self":[{"href":"https:\/\/linitiative.ca\/International\/wp-json\/wp\/v2\/posts\/116897","targetHints":{"allow":["GET"]}}],"collection":[{"href":"https:\/\/linitiative.ca\/International\/wp-json\/wp\/v2\/posts"}],"about":[{"href":"https:\/\/linitiative.ca\/International\/wp-json\/wp\/v2\/types\/post"}],"author":[{"embeddable":true,"href":"https:\/\/linitiative.ca\/International\/wp-json\/wp\/v2\/users\/1772"}],"replies":[{"embeddable":true,"href":"https:\/\/linitiative.ca\/International\/wp-json\/wp\/v2\/comments?post=116897"}],"version-history":[{"count":0,"href":"https:\/\/linitiative.ca\/International\/wp-json\/wp\/v2\/posts\/116897\/revisions"}],"wp:attachment":[{"href":"https:\/\/linitiative.ca\/International\/wp-json\/wp\/v2\/media?parent=116897"}],"wp:term":[{"taxonomy":"category","embeddable":true,"href":"https:\/\/linitiative.ca\/International\/wp-json\/wp\/v2\/categories?post=116897"},{"taxonomy":"post_tag","embeddable":true,"href":"https:\/\/linitiative.ca\/International\/wp-json\/wp\/v2\/tags?post=116897"}],"curies":[{"name":"wp","href":"https:\/\/api.w.org\/{rel}","templated":true}]}}