{"id":116898,"date":"2021-05-17T12:16:00","date_gmt":"2021-05-17T16:16:00","guid":{"rendered":"https:\/\/linitiative.ca\/International\/toute-strategie-de-paix-durable-qui-ignore-les-droits-des-palestiniens-est-vouee-a-lechec\/"},"modified":"2021-05-17T12:16:00","modified_gmt":"2021-05-17T16:16:00","slug":"toute-strategie-de-paix-durable-qui-ignore-les-droits-des-palestiniens-est-vouee-a-lechec","status":"publish","type":"post","link":"https:\/\/linitiative.ca\/International\/toute-strategie-de-paix-durable-qui-ignore-les-droits-des-palestiniens-est-vouee-a-lechec\/","title":{"rendered":"Toute strat\u00e9gie de paix durable qui ignore les droits des Palestiniens est vou\u00e9e \u00e0 l\u2019\u00e9chec!"},"content":{"rendered":"<p><span class=\"c2\"><em><strong><img decoding=\"async\" src=\"\/uploads\/FCK_files\/Taoufik-Ayadi-.jpg\" width=\"20%\" vspace=\"5\" hspace=\"5\" align=\"left\" alt=\"\"\/>Par Taoufik Ayadi &#8211;<\/strong><\/em><\/span> Pour plusieurs strat\u00e8ges isra\u00e9liens la question palestinienne est tomb\u00e9e dans les oubliettes depuis plusieurs ann\u00e9es avec la mort de Yasser Arafat en 2004 et particuli\u00e8rement avec les derniers accords de normalisation des relations entre Isra\u00ebl et certains pays arabes, les Emirats arabes unis, Bahre\u00efn, le Soudan et le Maroc. Cependant depuis le d\u00e9but du mois de mai 2021, la cause palestinienne est revenue au centre de l\u2019actualit\u00e9 internationale suite \u00e0 l\u2019agression sanglante des forces d\u2019Isra\u00ebl contre les palestiniens qui a entrain\u00e9 jusqu\u2019au 17 mai 2021 \u00e0 14H00 pr\u00e8s de 200 morts palestiniens parmi les quels 58 enfants et 34 femmes avec un nombre de bless\u00e9s qui s\u2019\u00e9l\u00e8ve \u00e0 1235, d\u2019apr\u00e8s la chaine de t\u00e9l\u00e9vision \u00abPalestine today\u00bb. Un bilan humain important auquel s\u2019ajoute les d\u00e9g\u00e2ts mat\u00e9riels \u00e9normes dans la bande de Gaza sous les tirs de l\u2019arm\u00e9e d\u2019Isra\u00ebl depuis plus d\u2019une semaine.<\/p>\n<p>La plupart des observateurs et sources d\u2019information sur les lieux affirment que la r\u00e9action isra\u00e9lienne est extr\u00eamement d\u00e9mesur\u00e9e compar\u00e9e \u00e0 l\u2019action de l\u2019adversaire qui ne cherchait qu\u2019\u00e0 d\u00e9fendre ses droits l\u00e9gitimes \u00e0 exister et \u00e0 exercer ses rites religieux. Ces \u00e9v\u00e8nements ont provoqu\u00e9 une vague de manifestations de soutien au peuple palestinien partout dans le monde et prouvent plus que jamais que la paix au Moyen-Orient ne peut \u00eatre construite sans le r\u00e8glement du conflit central de cette r\u00e9gion du monde; le conflit entre la Palestine et Isra\u00ebl, quelque soit le nombre des pays et des monarchies arabes qui pourraient normaliser leurs relations avec Isra\u00ebl dans l\u2019avenir.<\/p>\n<p>Dans ce contexte douloureux de mont\u00e9e des tensions, de violence et d\u2019escalade dans les territoires palestiniens quelles sont alors les principaux \u00e9v\u00e8nements qui ont g\u00e9n\u00e9r\u00e9 et marqu\u00e9 la crise actuelle? Par quoi se caract\u00e9risent les positions et les r\u00e9actions \u00e0 l\u2019\u00e9chelle internationale? Et quelles sont les enseignements que l\u2019on peut tirer, \u00ab\u00a0\u00e0 chaud\u00a0\u00bb?<\/p>\n<p><span class=\"c3\"><strong>Les principaux \u00e9v\u00e8nements qui ont g\u00e9n\u00e9r\u00e9 et marqu\u00e9 la crise<\/strong><\/span><\/p>\n<p>La premi\u00e8re \u00e9tincelle de cette crise remonte \u00e0 la fin du mois d\u2019avril 2021 lorsque des extr\u00e9mistes isra\u00e9liens en manifestation \u00e0 J\u00e9rusalem ont cri\u00e9 \u00abmort aux arabes\u00bb. Ces manifestations et ces slogans, tr\u00e8s peu m\u00e9diatis\u00e9es, ont provoqu\u00e9 de violents affrontements entre des palestiniens et des policiers impliquant plus d\u2019une centaine de bless\u00e9s en quelques jours.<\/p>\n<p>Les choses se sont aggrav\u00e9es avec les manifestations des palestiniens en soutien aux familles qui devaient \u00eatre expuls\u00e9es de leurs maisons \u00e0 J\u00e9rusalem-Est au profit de colons juifs. Les autorit\u00e9s isra\u00e9liennes ont consid\u00e9r\u00e9 que les causes de ces manifestations sont dues \u00e0 un diff\u00e9rend foncier qui rel\u00e8ve des comp\u00e9tences de la justice; selon la loi isra\u00e9lienne les juifs qui disposent de titres fonciers ant\u00e9rieurs \u00e0 1948 ont le droit de demander la restitution de leurs biens alors que les palestiniens ne peuvent pas jouir de ce droit. Les palestiniens comme le reste du monde, \u00e0 part les alli\u00e9s d\u2019Isra\u00ebl, consid\u00e8rent que l\u2019objectif pour suivi par cette loi et cette strat\u00e9gie est de faire de J\u00e9rusalem une ville enti\u00e8rement juive en les expulsant de leurs maisons.<\/p>\n<p>Les affrontements qui ont eu lieu au d\u00e9but de mai sur l\u2019esplanade des mosqu\u00e9es de J\u00e9rusalem-Est entre les palestiniens et la police isra\u00e9lienne ont provoqu\u00e9 aussi plus de 300 bless\u00e9s en majorit\u00e9 des palestiniens. Les choses ont empir\u00e9 lorsque les isra\u00e9liens n\u2019ont pas respect\u00e9 l\u2019ultimatum donn\u00e9 par le Hamas aux forces de l\u2019ordre de se retirer de l\u2019esplanade des mosqu\u00e9es. Les roquettes tir\u00e9es depuis le territoire de Gaza par le Hamas avant la f\u00eate de \u00abl\u2019A\u00efd el fitr\u00bb sur des cibles situ\u00e9es \u00e0 J\u00e9rusalem et \u00e0 Tel-Aviv ont caus\u00e9 5 morts du c\u00f4t\u00e9 des isra\u00e9liens selon des sources isra\u00e9liennes et occidentales.<\/p>\n<p>Ensuite Isra\u00ebl a mobilis\u00e9 son arm\u00e9e avec des moyens lourds qui a accentu\u00e9 ses frappes dans la bande de Gaza causant un important nombre de morts palestiniens (ci-dessus cit\u00e9, pr\u00e8s de 200) et la destruction de l\u2019infrastructure de plusieurs sites. Aujourd\u2019hui les sources isra\u00e9liennes parlent de 10 morts de leur c\u00f4t\u00e9.<\/p>\n<p><span class=\"c3\"><strong>Les r\u00e9actions \u00e0 l\u2019\u00e9gard de la crise<\/strong><\/span><\/p>\n<p>Le premier ministre isra\u00e9lien Netanyahou a f\u00e9licit\u00e9 la fermet\u00e9 avec laquelle ses forces de l\u2019ordre et son arm\u00e9e ont r\u00e9agi \u00e0 l\u2019encontre des palestiniens et leurs tirs de roquettes. En affirmant \u00abNous les soutenons dans cette juste lutte\u00bb, pour lui cette r\u00e9action est indispensable \u00e0 la stabilit\u00e9 de J\u00e9rusalem.<\/p>\n<p>Le chef de l\u2019autorit\u00e9 palestinienne Mahmoud Abbas a fermement d\u00e9nonc\u00e9 l\u2019action des forces d\u2019Isra\u00ebl en la qualifiant \u00abd\u2019agression barbare\u00bb. Tandisque le chef du Hamas Isma\u00efl Hanieh a confirm\u00e9 \u00e0 plusieurs reprises que \u00abla r\u00e9sistance palestinienne ne peut pas rester les bras crois\u00e9s\u00bb.<\/p>\n<p>Les observateurs ind\u00e9pendants (et non influenc\u00e9s) dans les territoires palestiniens et dans le monde soutiennent que la r\u00e9action isra\u00e9lienne est extr\u00eamement d\u00e9mesur\u00e9e compar\u00e9e \u00e0 l\u2019action de l\u2019adversaire. C\u2019est ce qui explique les pertes en vies humaine du c\u00f4t\u00e9 palestinien, sans compter les d\u00e9g\u00e2ts mat\u00e9riels \u00e9normes dans la bande de Gaza.<\/p>\n<p>Face \u00e0 l\u2019escalade en Palestine <span class=\"c4\"><strong>la Tunisie, qui est depuis le 1er janvier 2020 membre non-permanent du Conseil de S\u00e9curit\u00e9 pour la p\u00e9riode (2020-2021),<\/strong><\/span> a demand\u00e9 la r\u00e9union du Conseil de s\u00e9curit\u00e9 de l\u2019ONU pour le 10 mai 2021 pour cause de la situation d\u00e9grad\u00e9e \u00e0 J\u00e9rusalem-Est. C\u2019est \u00e0 partir de cette date que les appels au calme \u00e0 l\u2019\u00e9chelle mondiale ont commenc\u00e9 \u00e0 se multiplier, alors que les forces isra\u00e9liennes ont accentu\u00e9 d\u00e9mesur\u00e9ment leurs frappes sur Gaza.<\/p>\n<p>Le Conseil de s\u00e9curit\u00e9 s\u2019est r\u00e9uni dimanche dernier le 16 mai 2021 pour la troisi\u00e8me fois sur le conflit isra\u00e9lo-palestinien depuis une semaine sans arriver \u00e0 une d\u00e9claration commune ou une solution pour permettre la fin des hostilit\u00e9s \u00e0 cause du blocage de la part des USA.<\/p>\n<p><span class=\"c4\"><strong>Jusqu\u2019\u00e0 nos jours la r\u00e9action de la \u00abcommunaut\u00e9 internationale\u00bb est jug\u00e9e tr\u00e8s timide.<\/strong><\/span> Du c\u00f4t\u00e9 des pays occidentaux, les observateurs soutiennent que si les m\u00eames types d\u2019\u00e9v\u00e8nements et de violence se sont produits dans d\u2019autres coins du monde la r\u00e9action et les prises de positions seraient compl\u00e8tement diff\u00e9rentes, faisant ainsi allusion \u00e0 la position des USA et de l\u2019Union Europ\u00e9enne vis-\u00e0-vis du diff\u00e9rend entre la Russie et l\u2019Ukraine concernant le Donbass et leurs appels intenses \u00e0 Moscou de retirer ses forces en man\u0153uvre dans la Crim\u00e9e d\u00e9but du mois d\u2019avril 2021.<\/p>\n<p><span class=\"c3\"><strong>Les enseignements tir\u00e9s<\/strong><\/span><\/p>\n<p>Tout d\u2019abord cette crise a d\u00e9montr\u00e9 que les accords d\u2019Isra\u00ebl de normalisation de ses relations avec certains pays arabes avant et r\u00e9cemment en 2020 (avec les Emirats arabes unis, le Bahre\u00efn, le Soudan et le Maroc) est une strat\u00e9gie inefficace pour enterrer la cause palestinienne, tant que le droit de ce peuple \u00e0 vivre dans un Etat ind\u00e9pendant et souverain reste ignor\u00e9.<\/p>\n<p>M\u00eame si certains r\u00e9gimes politiques des pays et des monarchies arabes s\u2019accordent avec le r\u00e9gime isra\u00e9lien, les peuples arabes restent toujours du c\u00f4t\u00e9 des palestiniens d\u2019o\u00f9 la fragilit\u00e9 des accords qu\u2019Isra\u00ebl avec le soutien des USA cherche \u00e0 multiplier mettant ainsi les Etats arabes en porte \u00e0 faux avec leurs peuples.<\/p>\n<p>En outre il faut aussi noter le silence et le manque d\u2019engagement de certains paysd\u00e9mocratiques qui \u00e9taient traditionnellement en pointe sur la d\u00e9fense de la cause palestinienne, c\u2019est surtout les cas des pays de l\u2019Union Europ\u00e9enne comme la France. Les causes principales reviennent \u00e0 deux facteurs; tout d\u2019abord le manque de dynamisme diplomatique de la direction palestinienne sous le leadership de Mahmoud Abbas compar\u00e9 \u00e0 l\u2019\u00e9poque de Yasser Arafat et bien s\u00fbr la strat\u00e9gie soutenue de la part d\u2019Isra\u00ebl \u00e0 \u00e9carter la question palestinienne de l\u2019actualit\u00e9 internationale et \u00e0 l\u2019isoler de sa dimension arabe. Mais cette strat\u00e9gie est vou\u00e9e \u00e0 l\u2019\u00e9chec \u00e0 moyen et \u00e0 long terme, car la question palestinienne est le centre de gravit\u00e9 de tout projet de paix durable au Moyen-Orient.<\/p>\n<p class=\"c6\"><strong>Taoufik Ayadi<\/strong><br \/><span class=\"c5\"><em>Consultant et formateur ind\u00e9pendant en g\u00e9opolitique et strat\u00e9gie<br \/>Capitaine de vaisseau major (r)<\/em><\/span><br \/>\u00a0<\/p>\n<p>Auteur:<br \/>\n<a href=\"https:\/\/www.leaders.com.tn\/article\/31883-toute-strategie-de-paix-durable-qui-ignore-les-droits-des-palestiniens-est-vouee-a-l-echec\">Cliquez ici pour lire l&rsquo;article depuis sa source.<\/a><\/p>\n","protected":false},"excerpt":{"rendered":"<p>Par Taoufik Ayadi &#8211; Pour plusieurs strat\u00e8ges isra\u00e9liens la question palestinienne est tomb\u00e9e dans les oubliettes depuis plusieurs ann\u00e9es avec la mort de Yasser Arafat en 2004 et particuli\u00e8rement avec les derniers accords de normalisation des relations entre Isra\u00ebl et certains pays arabes, les Emirats arabes unis, Bahre\u00efn, le Soudan et le Maroc. Cependant depuis [&hellip;]<\/p>\n","protected":false},"author":1772,"featured_media":0,"comment_status":"closed","ping_status":"closed","sticky":false,"template":"","format":"standard","meta":{"fifu_image_url":"\/uploads\/FCK_files\/Taoufik-Ayadi-.jpg","fifu_image_alt":"Toute strat\u00e9gie de paix durable qui ignore les droits des Palestiniens est vou\u00e9e \u00e0 l\u2019\u00e9chec!","footnotes":""},"categories":[73,55],"tags":[],"class_list":["post-116898","post","type-post","status-publish","format-standard","hentry","category-actualite","category-tunisie"],"_links":{"self":[{"href":"https:\/\/linitiative.ca\/International\/wp-json\/wp\/v2\/posts\/116898","targetHints":{"allow":["GET"]}}],"collection":[{"href":"https:\/\/linitiative.ca\/International\/wp-json\/wp\/v2\/posts"}],"about":[{"href":"https:\/\/linitiative.ca\/International\/wp-json\/wp\/v2\/types\/post"}],"author":[{"embeddable":true,"href":"https:\/\/linitiative.ca\/International\/wp-json\/wp\/v2\/users\/1772"}],"replies":[{"embeddable":true,"href":"https:\/\/linitiative.ca\/International\/wp-json\/wp\/v2\/comments?post=116898"}],"version-history":[{"count":0,"href":"https:\/\/linitiative.ca\/International\/wp-json\/wp\/v2\/posts\/116898\/revisions"}],"wp:attachment":[{"href":"https:\/\/linitiative.ca\/International\/wp-json\/wp\/v2\/media?parent=116898"}],"wp:term":[{"taxonomy":"category","embeddable":true,"href":"https:\/\/linitiative.ca\/International\/wp-json\/wp\/v2\/categories?post=116898"},{"taxonomy":"post_tag","embeddable":true,"href":"https:\/\/linitiative.ca\/International\/wp-json\/wp\/v2\/tags?post=116898"}],"curies":[{"name":"wp","href":"https:\/\/api.w.org\/{rel}","templated":true}]}}