{"id":116899,"date":"2021-05-17T13:00:00","date_gmt":"2021-05-17T17:00:00","guid":{"rendered":"https:\/\/linitiative.ca\/International\/premier-entretien-blinken-jerandi-la-situation-preoccupante-en-cisjordanie-et-a-gaza-et-lurgence-de-mettre-fin-aux-pertes-tragiques-en-vies-humaines\/"},"modified":"2021-05-17T13:00:00","modified_gmt":"2021-05-17T17:00:00","slug":"premier-entretien-blinken-jerandi-la-situation-preoccupante-en-cisjordanie-et-a-gaza-et-lurgence-de-mettre-fin-aux-pertes-tragiques-en-vies-humaines","status":"publish","type":"post","link":"https:\/\/linitiative.ca\/International\/premier-entretien-blinken-jerandi-la-situation-preoccupante-en-cisjordanie-et-a-gaza-et-lurgence-de-mettre-fin-aux-pertes-tragiques-en-vies-humaines\/","title":{"rendered":"Premier entretien Blinken &#8211; Jerandi : La situation pr\u00e9occupante en Cisjordanie et \u00e0 Gaza, et l&rsquo;urgence de mettre fin aux pertes tragiques en vies humaines"},"content":{"rendered":"<p>Les Etats-Unis et la Tunisie ont exprim\u00e9 leur pr\u00e9occupation concernant \u00ab\u00a0la violence en Isra\u00ebl, en Cisjordanie et \u00e0 Gaza\u00a0\u00bb.\u00a0 Dans un entretien t\u00e9l\u00e9phonique aujourd\u2019hui entre le secr\u00e9taire d\u2019Etat am\u00e9ricain Antony J. Blinken (ministre des Affaires \u00e9trang\u00e8res) et son homologue tunisien, Othman Jerandi, ils ont convenu de \u00ab\u00a0la n\u00e9cessit\u00e9 urgente de r\u00e9tablir le calme et de mettre fin aux pertes tragiques de vies civiles\u00a0\u00bb, indique Ned Price, porte-parole du D\u00e9partement d\u2019Etat.<\/p>\n<p>Antony J. Blinken dont c\u2019est le premier contact avec Jerandi, depuis l\u2019entr\u00e9e en fonction de la nouvelle administration Biden, n\u2019a pas manqu\u00e9 de souligner \u00e0 cette occasion \u00ab l&rsquo;importance du solide partenariat bilat\u00e9ral avec la Tunisie.\u00bb M\u00eame si la d\u00e9claration du D\u00e9partement d\u2019Etat ne le mentionne pas, cet \u00e9change n\u2019est pas sans lien avec l\u2019action diplomatique qui se d\u00e9roule au sein du Conseil de S\u00e9curit\u00e9 de l\u2019ONU et les d\u00e9marches pressantes entreprises par plusieurs capitales en vue d\u2019obtenir un cessez-le-feu.<\/p>\n<p>Il intervient, une semaine seulement apr\u00e8s <a href=\"https:\/\/www.leaders.com.tn\/article\/31864-entretien-telephonique-kais-saied-et-la-vice-presidente-mericaine-kamala-harris-soutien-renouvele-aupres-du-fmi-contre-le-covid-et-pour-la-securite\">l\u2019entretien t\u00e9l\u00e9phonique, le 11 mai courant<\/a>, entre la vice-pr\u00e9sidente am\u00e9ricaine Kamila Harris et le pr\u00e9sident Kais Sa\u00efed.<br \/>\u00a0<\/p>\n<p>Auteur:<br \/>\n<a href=\"https:\/\/www.leaders.com.tn\/article\/31884-premier-entretien-blinken-jerandi-la-situation-preoccupante-en-cisjordanie-et-a-gaza-et-l-urgence-de-mettre-fin-aux-pertes-tragiques-en-vies-humaines\">Cliquez ici pour lire l&rsquo;article depuis sa source.<\/a><\/p>\n","protected":false},"excerpt":{"rendered":"<p>Les Etats-Unis et la Tunisie ont exprim\u00e9 leur pr\u00e9occupation concernant \u00ab\u00a0la violence en Isra\u00ebl, en Cisjordanie et \u00e0 Gaza\u00a0\u00bb.\u00a0 Dans un entretien t\u00e9l\u00e9phonique aujourd\u2019hui entre le secr\u00e9taire d\u2019Etat am\u00e9ricain Antony J. Blinken (ministre des Affaires \u00e9trang\u00e8res) et son homologue tunisien, Othman Jerandi, ils ont convenu de \u00ab\u00a0la n\u00e9cessit\u00e9 urgente de r\u00e9tablir le calme et de [&hellip;]<\/p>\n","protected":false},"author":1772,"featured_media":0,"comment_status":"closed","ping_status":"closed","sticky":false,"template":"","format":"standard","meta":{"fifu_image_url":"","fifu_image_alt":"","footnotes":""},"categories":[73,55],"tags":[],"class_list":["post-116899","post","type-post","status-publish","format-standard","hentry","category-actualite","category-tunisie"],"_links":{"self":[{"href":"https:\/\/linitiative.ca\/International\/wp-json\/wp\/v2\/posts\/116899","targetHints":{"allow":["GET"]}}],"collection":[{"href":"https:\/\/linitiative.ca\/International\/wp-json\/wp\/v2\/posts"}],"about":[{"href":"https:\/\/linitiative.ca\/International\/wp-json\/wp\/v2\/types\/post"}],"author":[{"embeddable":true,"href":"https:\/\/linitiative.ca\/International\/wp-json\/wp\/v2\/users\/1772"}],"replies":[{"embeddable":true,"href":"https:\/\/linitiative.ca\/International\/wp-json\/wp\/v2\/comments?post=116899"}],"version-history":[{"count":0,"href":"https:\/\/linitiative.ca\/International\/wp-json\/wp\/v2\/posts\/116899\/revisions"}],"wp:attachment":[{"href":"https:\/\/linitiative.ca\/International\/wp-json\/wp\/v2\/media?parent=116899"}],"wp:term":[{"taxonomy":"category","embeddable":true,"href":"https:\/\/linitiative.ca\/International\/wp-json\/wp\/v2\/categories?post=116899"},{"taxonomy":"post_tag","embeddable":true,"href":"https:\/\/linitiative.ca\/International\/wp-json\/wp\/v2\/tags?post=116899"}],"curies":[{"name":"wp","href":"https:\/\/api.w.org\/{rel}","templated":true}]}}