{"id":116904,"date":"2021-05-17T06:00:00","date_gmt":"2021-05-17T10:00:00","guid":{"rendered":"https:\/\/linitiative.ca\/International\/chiche\/"},"modified":"2021-05-17T06:00:00","modified_gmt":"2021-05-17T10:00:00","slug":"chiche","status":"publish","type":"post","link":"https:\/\/linitiative.ca\/International\/chiche\/","title":{"rendered":"Chiche !"},"content":{"rendered":"<p class=\"c3\">J\u2019allais \u00e9voquer ici la derni\u00e8re mise \u00e0 jour du D\u00e9mo Atlas 200 qui donne enfin acc\u00e8s \u00e0 l\u2019IPTV, mais j\u2019ai eu peur, vu la gravit\u00e9 strat\u00e9gique du sujet, de\u2026\u00a0<\/p>\n<p class=\"c3\"><strong>\u2026 me faire lyncher !<\/strong><\/p>\n<p class=\"c3\">Je ne fixe pas la feuille de route du Hirak ! Je ne suis s\u00fbrement pas donneur d\u2019ordre au Hirak ! Qui je suis, moi, pour le faire, n\u2019est-ce pas ? Mais j\u2019ai une id\u00e9e, comme \u00e7a qui me trotte dans la t\u00eate. Et si le Hirak, ou du moins des repr\u00e9sentants du Hirak, ou du moins des figures admises par le Hirak comme pouvant parler en son nom, des personnes \u00ab habilit\u00e9es \u00bb introduisaient en bonne et due forme une\u2026 demande officielle d\u2019autorisation de marcher vendredi prochain ? Qu\u2019ils soumettent \u00e0 l\u2019autorit\u00e9, la Wilaya ou la DRAG ou le minist\u00e8re de l\u2019Int\u00e9rieur une bonne et conforme demande d\u2019autorisation de marcher. \u00c7a aurait l\u2019avantage d\u2019\u00e9claircir un peu, voire m\u00eame beaucoup les choses, non ? Genre \u00ab par la pr\u00e9sente, nous, d\u00e9l\u00e9gu\u00e9s ou mandat\u00e9s par le Hirak, demandons officiellement \u00e0 proc\u00e9der l\u00e9galement \u00e0 une marche sur l\u2019itin\u00e9raire flen, \u00e0 l\u2019heure flania, le jour flani \u00bb. \u00c7a ne mangerait pas de pain ! \u00c7a replacerait le d\u00e9bat dans un cadre d\u00e9mocratique et transparent. Et sans pr\u00e9juger de la r\u00e9ponse, \u00e7a ne pr\u00e9sente que des avantages. Si les autorit\u00e9s \u2026 autorisent, Allah ou ma barek ! Les manifestants auraient l\u2019assurance qu\u2019ils sont dans les clous, qu\u2019ils marchent sans enfreindre les r\u00e8gles de la R\u00e9publique et \u00e7a rassurerait tout le monde. Maintenant, si les m\u00eames autorit\u00e9s refusent sans motif valable, et je n\u2019en vois pas lorsque la seule motivation de marcheurs est de marcher pacifiquement pour exprimer publiquement un avis, une ou des revendications citoyennes, alors, il faudra \u00e9nergiquement d\u00e9noncer ce r\u00e9gime castrateur ! Dire son fait \u00e0 ces dirigeants qui invoquent la s\u00e9curit\u00e9 sanitaire et publique pour rappeler l\u2019obligation d\u2019autorisation avant d\u2019aller marcher dehors. Y a sidi, nous serions enfin fix\u00e9s sur les intentions des uns. Et des autres. Et pour l\u2019\u00eatre de mani\u00e8re apais\u00e9e, je ne vois qu\u2019un moyen : d\u00e9poser cette demande dans les formes ! Ce n\u2019est qu\u2019une id\u00e9e, une piste de travail vers le dialogue renou\u00e9. Pour le reste, chacun fait ce qu\u2019il veut ! Moi, je fume du th\u00e9 et je reste \u00e9veill\u00e9 \u00e0 mon cauchemar qui continue.<br \/><em><strong>H. L.<\/strong><\/em><\/p>\n<p>Auteur:<br \/>\n<a href=\"https:\/\/www.lesoirdalgerie.com\/pousse-avec-eux\/chiche-61205\">Cliquez ici pour lire l&rsquo;article depuis sa source.<\/a><\/p>\n","protected":false},"excerpt":{"rendered":"<p>J\u2019allais \u00e9voquer ici la derni\u00e8re mise \u00e0 jour du D\u00e9mo Atlas 200 qui donne enfin acc\u00e8s \u00e0 l\u2019IPTV, mais j\u2019ai eu peur, vu la gravit\u00e9 strat\u00e9gique du sujet, de\u2026\u00a0 \u2026 me faire lyncher ! Je ne fixe pas la feuille de route du Hirak ! Je ne suis s\u00fbrement pas donneur d\u2019ordre au Hirak ! [&hellip;]<\/p>\n","protected":false},"author":1741,"featured_media":0,"comment_status":"closed","ping_status":"closed","sticky":false,"template":"","format":"standard","meta":{"fifu_image_url":"","fifu_image_alt":"","footnotes":""},"categories":[73,53],"tags":[],"class_list":["post-116904","post","type-post","status-publish","format-standard","hentry","category-actualite","category-algerie"],"_links":{"self":[{"href":"https:\/\/linitiative.ca\/International\/wp-json\/wp\/v2\/posts\/116904","targetHints":{"allow":["GET"]}}],"collection":[{"href":"https:\/\/linitiative.ca\/International\/wp-json\/wp\/v2\/posts"}],"about":[{"href":"https:\/\/linitiative.ca\/International\/wp-json\/wp\/v2\/types\/post"}],"author":[{"embeddable":true,"href":"https:\/\/linitiative.ca\/International\/wp-json\/wp\/v2\/users\/1741"}],"replies":[{"embeddable":true,"href":"https:\/\/linitiative.ca\/International\/wp-json\/wp\/v2\/comments?post=116904"}],"version-history":[{"count":0,"href":"https:\/\/linitiative.ca\/International\/wp-json\/wp\/v2\/posts\/116904\/revisions"}],"wp:attachment":[{"href":"https:\/\/linitiative.ca\/International\/wp-json\/wp\/v2\/media?parent=116904"}],"wp:term":[{"taxonomy":"category","embeddable":true,"href":"https:\/\/linitiative.ca\/International\/wp-json\/wp\/v2\/categories?post=116904"},{"taxonomy":"post_tag","embeddable":true,"href":"https:\/\/linitiative.ca\/International\/wp-json\/wp\/v2\/tags?post=116904"}],"curies":[{"name":"wp","href":"https:\/\/api.w.org\/{rel}","templated":true}]}}