{"id":116906,"date":"2021-05-17T07:12:29","date_gmt":"2021-05-17T11:12:29","guid":{"rendered":"https:\/\/linitiative.ca\/International\/coronavirus-sanofi-lancera-fin-mai-la-production-de-son-vaccin\/"},"modified":"2021-05-17T07:12:29","modified_gmt":"2021-05-17T11:12:29","slug":"coronavirus-sanofi-lancera-fin-mai-la-production-de-son-vaccin","status":"publish","type":"post","link":"https:\/\/linitiative.ca\/International\/coronavirus-sanofi-lancera-fin-mai-la-production-de-son-vaccin\/","title":{"rendered":"Coronavirus : Sanofi lancera fin mai la production de son vaccin"},"content":{"rendered":"<p><strong>Le laboratoire fran\u00e7ais Sanofi pr\u00e9voit de lancer la production de son vaccin anti-Covid avec adjuvant \u00e0 base de prot\u00e9ine recombinante \u00ab\u00a0simultan\u00e9ment\u00a0\u00bb aux essais de phase 3, soit \u00ab\u00a0fin mai, d\u00e9but juin\u00a0\u00bb, a annonc\u00e9 lundi Olivier Bogillot, pr\u00e9sident de Sanofi France.<\/strong><\/p>\n<div class=\"c10\">\n<\/div>\n<p>\u00ab\u00a0C\u2019est une production \u00e0 risque qui nous permettra d\u2019avoir imm\u00e9diatement, d\u00e8s qu\u2019on aura l\u2019autorisation de mise sur le march\u00e9 qui est attendue pour le dernier trimestre de cette ann\u00e9e, des doses disponibles pour les Fran\u00e7ais et pour le reste du monde\u00a0\u00bb, a-t-il expliqu\u00e9 sur Europe 1.<\/p>\n<p>Face aux critiques ciblant le groupe fran\u00e7ais, un des leaders mondiaux en mati\u00e8re de conception de vaccins, M. Bogillot a soulign\u00e9 que le vaccin du groupe fran\u00e7ais \u00ab\u00a0pourrait \u00eatre un tr\u00e8s bon vaccin de rappel\u00a0\u00bb compte tenu de l\u2019apparition r\u00e9guli\u00e8re de nouveaux variants. \u00ab\u00a0On va voir au cours du temps si, lorsque vous avez \u00e9t\u00e9 vaccin\u00e9 ou contamin\u00e9, votre niveau d\u2019anticorps finit par baisser. Dans ce cas l\u00e0, il faudra se faire vacciner \u00e0 nouveau\u00a0\u00bb, a-t-il pr\u00e9venu. En outre, seuls \u00ab\u00a010%\u00a0\u00bb de la population mondiale \u00ab\u00a0est vaccin\u00e9e avec une seule dose\u00a0\u00bb, a-t-il rappel\u00e9.<\/p>\n<p><strong>Lire aussi |<\/strong> <a href=\"https:\/\/www.challenge.ma\/onmt-3-partenariats-conclus-a-dubai-184720\/\"><strong>ONMT : 3 partenariats conclus \u00e0 Duba\u00ef<\/strong><\/a><\/p>\n<p>Le pr\u00e9sident de Sanofi France s\u2019est f\u00e9licit\u00e9 des r\u00e9sultats positifs du candidat-vaccin d\u00e9velopp\u00e9 par le laboratoire pour lutter contre le Covid-19. \u00ab\u00a0C\u2019est une \u00e9tape tr\u00e8s importante qu\u2019on vient de franchir\u00a0\u00bb, a-t-il dit, alors que les r\u00e9sultats des essais de phase 2 ont montr\u00e9 une s\u00e9roconversion (production d\u2019anticorps) dans 95 \u00e0 100% des cas apr\u00e8s l\u2019administration d\u2019une deuxi\u00e8me dose.<\/p>\n<p>Face aux retards dans la mise au point d\u2019un vaccin pour lutter contre le coronavirus, Sanofi a d\u00e9cid\u00e9 de mettre son r\u00e9seau industriel et son savoir-faire \u00e0 la disposition de trois fabricants diff\u00e9rents de vaccins Covid-19 pour r\u00e9pondre \u00e0 la demande mondiale de vaccins et contribuer \u00e0 la lutte contre la pand\u00e9mie.<\/p>\n<p>Le laboratoire avait annonc\u00e9 fin avril qu\u2019il va fabriquer jusqu\u2019\u00e0 200 millions de doses du vaccin de Moderna aux \u00c9tats-Unis \u00e0 partir de septembre 2021, afin de rem\u00e9dier \u00e0 la pand\u00e9mie et de satisfaire \u00e0 la demande mondiale de vaccins.<\/p>\n<p><strong>Lire aussi |\u00a0<a rel=\"noreferrer noopener\" href=\"https:\/\/www.challenge.ma\/une-face-cachee-de-la-france-au-sujet-du-conflit-israelo-palestinien-184678\/\" target=\"_blank\">Une face cach\u00e9e de la France au sujet du conflit isra\u00e9lo-palestinien [Vid\u00e9o]<\/a><\/strong><\/p>\n<p>Avec MAP<\/p>\n<p>Auteur: challenge<br \/>\n<a href=\"https:\/\/www.challenge.ma\/coronavirus-sanofi-lancera-fin-mai-la-production-de-son-vaccin-184738\/\">Cliquez ici pour lire l&rsquo;article depuis sa source.<\/a><\/p>\n","protected":false},"excerpt":{"rendered":"<p>Le laboratoire fran\u00e7ais Sanofi pr\u00e9voit de lancer la production de son vaccin anti-Covid avec adjuvant \u00e0 base de prot\u00e9ine recombinante \u00ab\u00a0simultan\u00e9ment\u00a0\u00bb aux essais de phase 3, soit \u00ab\u00a0fin mai, d\u00e9but juin\u00a0\u00bb, a annonc\u00e9 lundi Olivier Bogillot, pr\u00e9sident de Sanofi France. \u00ab\u00a0C\u2019est une production \u00e0 risque qui nous permettra d\u2019avoir imm\u00e9diatement, d\u00e8s qu\u2019on aura l\u2019autorisation de [&hellip;]<\/p>\n","protected":false},"author":1787,"featured_media":0,"comment_status":"closed","ping_status":"closed","sticky":false,"template":"","format":"standard","meta":{"fifu_image_url":"","fifu_image_alt":"","footnotes":""},"categories":[78,54],"tags":[],"class_list":["post-116906","post","type-post","status-publish","format-standard","hentry","category-economie","category-maroc"],"_links":{"self":[{"href":"https:\/\/linitiative.ca\/International\/wp-json\/wp\/v2\/posts\/116906","targetHints":{"allow":["GET"]}}],"collection":[{"href":"https:\/\/linitiative.ca\/International\/wp-json\/wp\/v2\/posts"}],"about":[{"href":"https:\/\/linitiative.ca\/International\/wp-json\/wp\/v2\/types\/post"}],"author":[{"embeddable":true,"href":"https:\/\/linitiative.ca\/International\/wp-json\/wp\/v2\/users\/1787"}],"replies":[{"embeddable":true,"href":"https:\/\/linitiative.ca\/International\/wp-json\/wp\/v2\/comments?post=116906"}],"version-history":[{"count":0,"href":"https:\/\/linitiative.ca\/International\/wp-json\/wp\/v2\/posts\/116906\/revisions"}],"wp:attachment":[{"href":"https:\/\/linitiative.ca\/International\/wp-json\/wp\/v2\/media?parent=116906"}],"wp:term":[{"taxonomy":"category","embeddable":true,"href":"https:\/\/linitiative.ca\/International\/wp-json\/wp\/v2\/categories?post=116906"},{"taxonomy":"post_tag","embeddable":true,"href":"https:\/\/linitiative.ca\/International\/wp-json\/wp\/v2\/tags?post=116906"}],"curies":[{"name":"wp","href":"https:\/\/api.w.org\/{rel}","templated":true}]}}