{"id":116908,"date":"2021-05-17T15:04:51","date_gmt":"2021-05-17T19:04:51","guid":{"rendered":"https:\/\/linitiative.ca\/International\/a-lattention-du-professeur-john-waterbury-tribune\/"},"modified":"2021-05-17T15:04:51","modified_gmt":"2021-05-17T19:04:51","slug":"a-lattention-du-professeur-john-waterbury-tribune","status":"publish","type":"post","link":"https:\/\/linitiative.ca\/International\/a-lattention-du-professeur-john-waterbury-tribune\/","title":{"rendered":"A l\u2019attention du Professeur John Waterbury [Tribune]"},"content":{"rendered":"<p><strong>Je voudrais r\u00e9agir \u00e0 un article publi\u00e9 dans la rubrique \u201cCourriers des lecteurs\u201d du Washington Post, et ce en tant que citoyen marocain, ancien professeur universitaire et en ma qualit\u00e9 de D\u00e9l\u00e9gu\u00e9 g\u00e9n\u00e9ral \u00e0 l\u2019administration p\u00e9nitentiaire et \u00e0 la r\u00e9insertion au Maroc.<\/strong><\/p>\n<div class=\"c10\">\n<\/div>\n<p>J\u2019ai appris \u00e0 vous conna\u00eetre \u00e0 travers votre c\u00e9l\u00e8bre livre \u00ab\u00a0Le Commandeur des Croyants\u00a0\u00bb que j\u2019ai re\u00e7u en cadeau -alors que j\u2019\u00e9tais encore lyc\u00e9en \u00e0 Marrakech- de la part de Sally Cameroun, volontaire du Peace Corps et professeur d\u2019anglais.\u00a0 A cette \u00e9poque, j\u2019\u00e9tais un brillant \u00e9l\u00e8ve d\u2019anglais souvent en contact avec quatre autres professeurs, \u00e0 savoir Gael Rhabin, un Franco-Britannique, Geoffrey O\u2019Cain, un Irlandais, Mme Stephany Sweet, une enseignante britannique devenue consul g\u00e9n\u00e9ral \u00e0 Tanger et Sally Cameroun de Pennsylvanie. J\u2019ai d\u00e9ploy\u00e9 un grand effort pour comprendre votre livre comme je le faisais avec \u00ab\u00a0Ainsi Parlait Zarathoustra\u00a0\u00bb de Nietzsche.<\/p>\n<p><strong>Lire aussi| <a href=\"https:\/\/www.challenge.ma\/mehdi-hijaouy-lintelligence-economique-et-strategique-se-developpe-de-maniere-significative-au-maroc-184665\/\">Mehdi Hijaouy : \u00abl\u2019intelligence \u00e9conomique et strat\u00e9gique se d\u00e9veloppe de mani\u00e8re significative au Maroc \u00bb<\/a><\/strong><\/p>\n<p>A l\u2019\u00e9poque, j\u2019ai trouv\u00e9 votre livre tr\u00e8s \u00e9clairant et m\u2019a aid\u00e9 \u00e0 comprendre des aspects de ma propre soci\u00e9t\u00e9 sous un angle diff\u00e9rent. En m\u00eame temps, \u00e0 l\u2019adolescence, j\u2019ai \u00e9t\u00e9 soumis \u00e0 d\u2019autres influences id\u00e9ologiques \u00e0 travers nos professeurs de philosophie, de litt\u00e9rature et d\u2019histoire. L\u2019effet \u00e9tait si \u00e9vident que lorsque j\u2019ai r\u00e9ussi mon dipl\u00f4me de lyc\u00e9e (Baccalaur\u00e9at), j\u2019ai obtenu une bourse pour aller \u00e9tudier aux \u00c9tats-Unis, une offre que j\u2019ai d\u00e9clin\u00e9e parce que je ne voulais pas \u00eatre sous l\u2019influence d\u2019un \u00c9tat capitaliste imp\u00e9rialiste!<\/p>\n<p>Le r\u00e9sultat \u00e9tait garanti car moins de trois ans plus tard, je me suis retrouv\u00e9 en prison pour appartenance \u00e0 un mouvement estudiantin marxiste-l\u00e9niniste. J\u2019ai toujours tenu en estime votre travail, que j\u2019ai relu \u00e0 maintes reprises au m\u00eame titre que celui de Jacques Berque, Paul Pascon, David Hart, I. William Zartman et R\u00e9mi Leveau, entre autres intellectuels consid\u00e9r\u00e9s comme les p\u00e8res fondateurs des \u00e9tudes marocaines. Votre ing\u00e9rence dans des affaires port\u00e9es devant la justice marocaine m\u2019a \u00e9tonn\u00e9. Vous \u00eates tomb\u00e9 si bas pour que vous passiez inaper\u00e7u.<\/p>\n<p>Vous surestimez certainement la valeur professionnelle des deux soi-disant journalistes. Vous identifiez l\u2019un d\u2019entre eux comme un journaliste d\u2019investigation qui aurait travaill\u00e9 sur des affaires de corruption. Paradoxalement pourtant, le public marocain, qui est toujours attentif aux affaires de corruption soumises \u00e0 la justice, n\u2019est pas au courant de tels cas rapport\u00e9s par cette personne.<\/p>\n<p><strong>Lire aussi| <a href=\"https:\/\/www.challenge.ma\/algerie-le-dg-marocain-damana-assurance-prie-de-rendre-les-cles-de-lentreprise-184610\/\">Alg\u00e9rie : le DG marocain d\u2019Amana Assurance pri\u00e9 de rendre les cl\u00e9s de l\u2019entreprise<\/a><\/strong><\/p>\n<p>Concernant l\u2019autre individu, connu pour quelques \u00e9ditoriaux dans un journal marocain, et qui n\u2019a ni formation ni dipl\u00f4me, il a publi\u00e9 des articles sponsoris\u00e9s par des militants partisans qui \u00e9pousent une certaine doctrine. Dans votre article, vous avancez que les deux d\u00e9tenus \u00ab\u00a0n\u2019ont pas viol\u00e9 la loi marocaine\u00a0\u00bb, liant leurs poursuites \u00e0 des enqu\u00eates journalistiques pr\u00e9sum\u00e9es sur des affaires majeures de corruption. Je suis \u00e9tonn\u00e9 qu\u2019un professeur de votre trempe parvienne \u00e0 une telle conclusion. Vous \u00eates en train de l\u00e9gitimer des all\u00e9gations que vous chuchotent des personnes qui cherchent \u00e0 brosser un tableau lugubre de la situation des droits de l\u2019homme dans le Royaume, sans tenir compte du fait que ces individus sont poursuivis pour viols. Pire encore, en agissant de la sorte, vous foulez aux pieds non seulement les droits des autres parties aux proc\u00e8s, mais vous faites montre \u00e9galement d\u2019un m\u00e9pris injustifi\u00e9 \u00e0 l\u2019\u00e9gard de la justice marocaine.<\/p>\n<p>Pour ce que vous appelez la \u00abgr\u00e8ve de la faim\u00bb, je pense \u00e0 des cas tels que ceux de militants de l\u2019IRA d\u00e9c\u00e9d\u00e9s apr\u00e8s avoir observ\u00e9 une gr\u00e8ve de la faim, comme feu Bobby Sands, ou du mouvement de gauche marocain dans les ann\u00e9es 70, comme feu Saida Mnebhi, ainsi que d\u2019autres militants palestiniens.\u00a0S\u2019agissant des cas actuels, consid\u00e9rez-vous quelqu\u2019un qui mange du miel, des dattes et autres toniques comme gr\u00e9viste de la faim?! Ci-joint un tweet de l\u2019\u00e9pouse de l\u2019un de ces d\u00e9tenus qui a toujours ni\u00e9 avoir re\u00e7u du miel, des dattes et des toniques.<\/p>\n<p>En conclusion, je voudrais attirer votre attention sur le fait que le pays que vous avez qualifi\u00e9 d\u2019alli\u00e9 des \u00c9tats-Unis et de \u00abpays remarquable\u00bb et qui pourrait servir de \u00abphare pour sa r\u00e9gion\u00bb est un \u00c9tat ind\u00e9pendant dot\u00e9 d\u2019une s\u00e9paration stricte des pouvoirs et que son syst\u00e8me judiciaire est suffisamment m\u00fbr pour se prononcer librement sur les affaires qui lui sont soumises, sans recevoir des le\u00e7ons d\u2019autres pays qui r\u00e9clament haut et fort l\u2019ind\u00e9pendance de la justice.<\/p>\n<p>Cela dit, je d\u00e9fends le droit \u00e0 un proc\u00e8s \u00e9quitable des deux d\u00e9tenus en question et de quiconque, qu\u2019il soit au Maroc ou ailleurs.<\/p>\n<p><strong>Par Mohamed Salah Tamek, Ancien professeur d\u2019universit\u00e9 et D\u00e9l\u00e9gu\u00e9 g\u00e9n\u00e9ral \u00e0 l\u2019administration p\u00e9nitentiaire et \u00e0 la r\u00e9insertion<\/strong><\/p>\n<div class=\"vw-sticky-sidebar-wrapper vw-sticky-sidebar widget_text awac-wrapper widget_text awac widget custom_html-4 textwidget custom-html-widget\">\n<p class=\"has-background c12\"><span class=\"widget-title c11\">Tribune et D\u00e9bats<\/span><\/p>\n<p>La tribune qui vous parle d\u2019une actu, d\u2019un sujet qui fait d\u00e9bat, les traite et les analyse. \u00c9conomistes et autres experts, patrons d\u2019entreprises, d\u00e9cideurs, acteurs de la soci\u00e9t\u00e9 civile, s\u2019y prononcent et contribuent \u00e0 sa grande richesse. Vous avez votre opinion, convergente ou diff\u00e9rente. Exprimez-la et mesurez-vous ainsi \u00e0 nos tribuns et d\u00e9batteurs.<\/p>\n<p>Envoyez vos analyses \u00e0 : <a href=\"\/cdn-cgi\/l\/email-protection#d5b6babba1b4b6a195b6bdb4b9b9b0bbb2b0fbb8b4\"><span class=\"__cf_email__\" data-cfemail=\"afccc0c1dbceccdbefccc7cec3c3cac1c8ca81c2ce\">[email\u00a0protected]<\/span><\/a>, en pr\u00e9cisant votre nom, votre pr\u00e9nom et votre m\u00e9tier.<\/p>\n<\/div>\n<p>Auteur: challenge<br \/>\n<a href=\"https:\/\/www.challenge.ma\/a-lattention-du-professeur-john-waterbury-tribune-184801\/\">Cliquez ici pour lire l&rsquo;article depuis sa source.<\/a><\/p>\n","protected":false},"excerpt":{"rendered":"<p>Je voudrais r\u00e9agir \u00e0 un article publi\u00e9 dans la rubrique \u201cCourriers des lecteurs\u201d du Washington Post, et ce en tant que citoyen marocain, ancien professeur universitaire et en ma qualit\u00e9 de D\u00e9l\u00e9gu\u00e9 g\u00e9n\u00e9ral \u00e0 l\u2019administration p\u00e9nitentiaire et \u00e0 la r\u00e9insertion au Maroc. J\u2019ai appris \u00e0 vous conna\u00eetre \u00e0 travers votre c\u00e9l\u00e8bre livre \u00ab\u00a0Le Commandeur des [&hellip;]<\/p>\n","protected":false},"author":1787,"featured_media":0,"comment_status":"closed","ping_status":"closed","sticky":false,"template":"","format":"standard","meta":{"fifu_image_url":"","fifu_image_alt":"","footnotes":""},"categories":[78,54],"tags":[],"class_list":["post-116908","post","type-post","status-publish","format-standard","hentry","category-economie","category-maroc"],"_links":{"self":[{"href":"https:\/\/linitiative.ca\/International\/wp-json\/wp\/v2\/posts\/116908","targetHints":{"allow":["GET"]}}],"collection":[{"href":"https:\/\/linitiative.ca\/International\/wp-json\/wp\/v2\/posts"}],"about":[{"href":"https:\/\/linitiative.ca\/International\/wp-json\/wp\/v2\/types\/post"}],"author":[{"embeddable":true,"href":"https:\/\/linitiative.ca\/International\/wp-json\/wp\/v2\/users\/1787"}],"replies":[{"embeddable":true,"href":"https:\/\/linitiative.ca\/International\/wp-json\/wp\/v2\/comments?post=116908"}],"version-history":[{"count":0,"href":"https:\/\/linitiative.ca\/International\/wp-json\/wp\/v2\/posts\/116908\/revisions"}],"wp:attachment":[{"href":"https:\/\/linitiative.ca\/International\/wp-json\/wp\/v2\/media?parent=116908"}],"wp:term":[{"taxonomy":"category","embeddable":true,"href":"https:\/\/linitiative.ca\/International\/wp-json\/wp\/v2\/categories?post=116908"},{"taxonomy":"post_tag","embeddable":true,"href":"https:\/\/linitiative.ca\/International\/wp-json\/wp\/v2\/tags?post=116908"}],"curies":[{"name":"wp","href":"https:\/\/api.w.org\/{rel}","templated":true}]}}