{"id":116909,"date":"2021-05-17T15:36:57","date_gmt":"2021-05-17T19:36:57","guid":{"rendered":"https:\/\/linitiative.ca\/International\/le-groupe-financecom-change-didentite-institutionnelle\/"},"modified":"2021-05-17T15:36:57","modified_gmt":"2021-05-17T19:36:57","slug":"le-groupe-financecom-change-didentite-institutionnelle","status":"publish","type":"post","link":"https:\/\/linitiative.ca\/International\/le-groupe-financecom-change-didentite-institutionnelle\/","title":{"rendered":"Le groupe FinanceCom change d\u2019identit\u00e9 institutionnelle"},"content":{"rendered":"<p><strong>Apr\u00e8s avoir act\u00e9 la fusion par absorption de FinanceCom par Holding Benjelloun Mezian, le groupe fond\u00e9 et pr\u00e9sid\u00e9 par Othman Benjelloun change son identit\u00e9 institutionnelle et devient d\u00e9sormais O Capital Group.<br \/><\/strong><br \/>La fusion, visant \u00e0 simplifier la structure des soci\u00e9t\u00e9s holdings et \u00e0 regrouper les participations sous une seule entit\u00e9, s\u2019accompagne aussi d\u2019une volont\u00e9 d\u2019initier une nouvelle phase de son histoire sous une nouvelle marque inspirante et porteuse de valeurs\u00a0\u00bb, explique O Capital Group. Notons que ce changement intervient apr\u00e8s deux d\u00e9cennies d\u2019importantes r\u00e9alisations sous le nom FinanceCom, au cours desquelles le groupe a accompagn\u00e9 le d\u00e9veloppement \u00e9conomique et social du Maroc, ainsi que son essor \u00e0 l\u2019\u00e9chelle continentale et internationale, souligne le top management. Le groupe s\u2019est en effet fortement investi dans les m\u00e9tiers de la Banque (Bank Of Africa), de l\u2019Assurance (Royale Marocaine d\u2019Assurance), des T\u00e9l\u00e9coms (Medi Telecom Orange) et d\u2019Ouvrages de prestige \u00e0 l\u2019image du projet embl\u00e9matique de la Tour Mohammed VI. \u00ab\u00a0Cette nouvelle dynamique prolonge une passion entrepreneuriale, h\u00e9riti\u00e8re d\u2019une lign\u00e9e d\u2019investisseurs visionnaires et forte d\u2019alliances avec des partenaires internationaux de premier plan\u00a0\u00bb, pr\u00e9cise le groupe.<\/p>\n<div class=\"c10\">\n<\/div>\n<p><strong>Lire aussi| <a href=\"https:\/\/www.challenge.ma\/assurance-la-branche-non-vie-enregistre-une-hausse-de-63-a-fin-mars-2021-184771\/\">Assurance : la branche \u00ab Non-Vie \u00bb enregistre une hausse de 6,3% \u00e0 fin mars 2021<\/a><\/strong><\/p>\n<p>F\u00e9d\u00e9r\u00e9 autour de valeurs d\u2019optimisme et d\u2019ambition, avec la conviction que l\u2019humain est la premi\u00e8re richesse, le groupe a toujours su se r\u00e9inventer, anticipant les mutations d\u2019un monde en mouvement, pour se projeter vers le futur et investir de nouveaux m\u00e9tiers strat\u00e9giques. Son nouveau visage, \u00e0 travers la r\u00e9v\u00e9lation de l\u2019identit\u00e9 O Capital Group refl\u00e8te cette confiance renouvel\u00e9e dans l\u2019avenir. L\u2019insigne O du logo est inspir\u00e9 par l\u2019initiale du fondateur ainsi que par la symbolique de l&rsquo;\u00a0\u00bbEnso\u00a0\u00bb, signe issu des cultures chinoise et japonaise. Le cercle ouvert \u00e9voque le caract\u00e8re infini du temps et de l\u2019espace. Il rappelle la forme du monde et du cosmos, tandis que son trac\u00e9 calligraphique introduit une notion de mouvement et de cr\u00e9ativit\u00e9. Celle-ci est contrebalanc\u00e9e par la rectitude de son socle horizontal, \u00e9voquant rigueur et solidit\u00e9 d\u2019un Groupe p\u00e9renne<\/p>\n<p><strong>Lire aussi| <a href=\"https:\/\/www.challenge.ma\/coronavirus-sanofi-lancera-fin-mai-la-production-de-son-vaccin-184738\/\">Coronavirus : Sanofi lancera fin mai la production de son vaccin<\/a><\/strong><\/p>\n<p>\u00ab\u00a0Aujourd\u2019hui, gr\u00e2ce \u00e0 la fusion des deux holdings familiales et \u00e0 la r\u00e9organisation des portefeuilles d\u2019activit\u00e9, O Capital Group se dote d\u2019un capital social d\u2019un milliard de dirhams et des moyens \u00e9largis lui permettant de poursuivre ses investissements et de d\u00e9velopper sereinement son ancrage et son rayonnement sur l\u2019\u00e9chiquier national, continental et mondial\u00a0\u00bb, conclut le groupe.<\/p>\n<p>Auteur: challenge<br \/>\n<a href=\"https:\/\/www.challenge.ma\/le-groupe-financecom-change-didentite-institutionnelle-184809\/\">Cliquez ici pour lire l&rsquo;article depuis sa source.<\/a><\/p>\n","protected":false},"excerpt":{"rendered":"<p>Apr\u00e8s avoir act\u00e9 la fusion par absorption de FinanceCom par Holding Benjelloun Mezian, le groupe fond\u00e9 et pr\u00e9sid\u00e9 par Othman Benjelloun change son identit\u00e9 institutionnelle et devient d\u00e9sormais O Capital Group.La fusion, visant \u00e0 simplifier la structure des soci\u00e9t\u00e9s holdings et \u00e0 regrouper les participations sous une seule entit\u00e9, s\u2019accompagne aussi d\u2019une volont\u00e9 d\u2019initier une [&hellip;]<\/p>\n","protected":false},"author":1787,"featured_media":0,"comment_status":"closed","ping_status":"closed","sticky":false,"template":"","format":"standard","meta":{"fifu_image_url":"","fifu_image_alt":"","footnotes":""},"categories":[78,54],"tags":[],"class_list":["post-116909","post","type-post","status-publish","format-standard","hentry","category-economie","category-maroc"],"_links":{"self":[{"href":"https:\/\/linitiative.ca\/International\/wp-json\/wp\/v2\/posts\/116909","targetHints":{"allow":["GET"]}}],"collection":[{"href":"https:\/\/linitiative.ca\/International\/wp-json\/wp\/v2\/posts"}],"about":[{"href":"https:\/\/linitiative.ca\/International\/wp-json\/wp\/v2\/types\/post"}],"author":[{"embeddable":true,"href":"https:\/\/linitiative.ca\/International\/wp-json\/wp\/v2\/users\/1787"}],"replies":[{"embeddable":true,"href":"https:\/\/linitiative.ca\/International\/wp-json\/wp\/v2\/comments?post=116909"}],"version-history":[{"count":0,"href":"https:\/\/linitiative.ca\/International\/wp-json\/wp\/v2\/posts\/116909\/revisions"}],"wp:attachment":[{"href":"https:\/\/linitiative.ca\/International\/wp-json\/wp\/v2\/media?parent=116909"}],"wp:term":[{"taxonomy":"category","embeddable":true,"href":"https:\/\/linitiative.ca\/International\/wp-json\/wp\/v2\/categories?post=116909"},{"taxonomy":"post_tag","embeddable":true,"href":"https:\/\/linitiative.ca\/International\/wp-json\/wp\/v2\/tags?post=116909"}],"curies":[{"name":"wp","href":"https:\/\/api.w.org\/{rel}","templated":true}]}}