{"id":116916,"date":"2021-05-17T16:23:01","date_gmt":"2021-05-17T20:23:01","guid":{"rendered":"https:\/\/linitiative.ca\/International\/greve-generale-au-mali-sur-fond-de-demission-du-gouvernement\/"},"modified":"2021-05-17T16:23:01","modified_gmt":"2021-05-17T20:23:01","slug":"greve-generale-au-mali-sur-fond-de-demission-du-gouvernement","status":"publish","type":"post","link":"https:\/\/linitiative.ca\/International\/greve-generale-au-mali-sur-fond-de-demission-du-gouvernement\/","title":{"rendered":"GREVE GENERALE AU MALI SUR FOND DE DEMISSION DU GOUVERNEMENT"},"content":{"rendered":"<p class=\"c4\"><em>Alors que le Premier ministre, Moctar Ouane, est en pleines concertations pour la formation d\u2019un nouveau gouvernement, la principale centrale syndicale, l\u2019Union nationale des travailleurs du Mali (UNTM), a appel\u00e9 \u00e0 une gr\u00e8ve g\u00e9n\u00e9rale de 96 heures qui a d\u00e9but\u00e9 hier, 17 mai 2021, entra\u00eenant au premier jour une paralysie de nombreux services. Les gr\u00e9vistes r\u00e9clament, entre autres, l\u2019harmonisation des salaires et primes des travailleurs. Sans denier le droit aux travailleurs de r\u00e9clamer de meilleures conditions de vie et de travail, l\u2019on se demande o\u00f9 va le Mali\u00a0? On le sait, le pays de Soundjata Ke\u00efta, et c\u2019est peu de le dire, s\u2019enfonce davantage dans des crises interminables. C\u2019est d\u2019autant plus vrai qu\u2019en plus de la crise s\u00e9curitaire qui a mis le pays presqu\u2019\u00e0 genou, celle sociale qui aura contribu\u00e9 \u00e0 faire tomber le r\u00e9gime de Ibrahim Boubacar Ke\u00efta (IBK), ne semble pas prendre fin de sit\u00f4t. Autant dire que le futur gouvernement a du pain sur la planche. On est d\u2019autant plus fond\u00e9 \u00e0 le penser qu\u2019il fera face \u00e0 une montagne de d\u00e9fis. Cela dit, l\u2019UNTM qui menace de passer \u00e0 la vitesse sup\u00e9rieure si elle n\u2019obtient pas gain de cause, doit mettre de l\u2019eau dans son vin. C\u2019est d\u2019autant plus n\u00e9cessaire que la Nation malienne qui tangue comme un bateau ivre, est plus que jamais au bord du gouffre. Les autorit\u00e9s de la Transition doivent aussi savoir raison garder. En tout cas, elles gagneraient \u00e0 travailler \u00e0 renforcer le dialogue social, \u00e0 rassurer davantage les Maliens qu\u2019elles ne sont pas l\u00e0 pour balayer la maison et s\u2019y installer durablement. Elles doivent, et c\u2019est un euph\u00e9misme, conduire la Transition jusqu\u2019\u00e0 son terme en se gardant de tout calcul qui pourrait porter atteinte \u00e0 la bonne tenue des \u00e9lections l\u00e9gislatives et pr\u00e9sidentielle. Car, comme on le dit, les m\u00eames causes produisent les m\u00eames effets. Si IBK n\u2019avait pas cherch\u00e9 \u00e0 ruser avec son peuple, on n\u2019en serait certainement pas l\u00e0. Bien que r\u00e9clam\u00e9e par certains acteurs maliens et pas des moindres, la d\u00e9mission du gouvernement est per\u00e7ue par d\u2019autres, comme une ruse qui viserait \u00e0 privil\u00e9gier des int\u00e9r\u00eats personnels au d\u00e9triment de ceux du pays, en envisageant secr\u00e8tement le report des \u00e9ch\u00e9ances \u00e9lectorales et du coup, la prolongation de la p\u00e9riode de Transition. Le pr\u00e9sident actuel qui n\u2019a aucune chance de rester aux affaires apr\u00e8s le 27 f\u00e9vrier 2022 qui marquera la fin de la parenth\u00e8se politique actuelle, pourrait \u00eatre tr\u00e8s\u2026flexible, surtout s\u2019il s\u2019agit de proroger son s\u00e9jour au mythique palais de Koulouba. Idem pour le groupe de colonels putschistes qui sont les vrais patrons de la Transition, qui pourraient voir dans cette d\u00e9mission du gouvernement, une fen\u00eatre d\u2019opportunit\u00e9 pour lib\u00e9rer les tr\u00e8s controvers\u00e9s \u00ab\u00a0tabourets\u00a0\u00bb qu\u2019ils y occupaient, afin de se pr\u00e9parer cons\u00e9quemment \u00e0 une vie civile et politique probablement plus douillette, \u00e0 travers des postes o\u00f9 ils seront plus \u00e0 l\u2019aise sans pour autant \u00eatre sous le feu des projecteurs, \u00e9tant entendu que la Charte de la transition leur interdit de briguer des postes \u00e9lectifs lors des prochaines \u00e9ch\u00e9ances.\u00a0 Quant aux partis politiques et associations de la soci\u00e9t\u00e9 civile qui ont pass\u00e9 le temps \u00e0 ruer dans les brancards et \u00e0 brocarder les autorit\u00e9s de la Transition, ils pourraient y trouver leurs comptes, quand on sait d\u2019ores et d\u00e9j\u00e0 que c\u2019est une coalition large et h\u00e9t\u00e9roclite qui sera mise en place pour gouverner le pays. Des tractations sont certainement d\u00e9j\u00e0 entam\u00e9es en coulisses pour rallier tous ceux qui pourraient servir de soupape de s\u00e9curit\u00e9 pour ce r\u00e9gime de plus en plus impopulaire, notamment les membres du M5 \u2013 RFP qui ont d\u00e9j\u00e0 \u00e9tonnamment annonc\u00e9 leur non-participation au futur gouvernement. C\u2019est vrai que la politique aussi a ses raisons que la raison ignore, mais on se demande si la position de Choguel Kokalla Ma\u00efga et de ses principaux lieutenants du M5-RFP, sera tenable \u00e0 terme, surtout quand on sait que dans ce genre de melting-pot, on est couch\u00e9 sur la m\u00eame natte, mais on ne fait jamais les m\u00eames r\u00eaves. Il n\u2019est pas exclu, en effet, que les int\u00e9r\u00eats \u00e9go\u00efstes \u00a0des uns et les calculs politiciens des autres aient raison du mur d\u00e9j\u00e0 tr\u00e8s l\u00e9zard\u00e9 de cette coalition qui fut le fer de lance de la lutte qui a abouti \u00e0 la d\u00e9mission forc\u00e9e de l\u2019ancien pr\u00e9sident Ibrahim Boubacar K\u00e9ita (IBK). Le refus de prendre part au futur gouvernement est a priori paradoxal quand on sait que le M5 a exig\u00e9 et obtenu le d\u00e9part du pr\u00e9c\u00e9dent, mais la position n\u2019est pas d\u00e9nu\u00e9e de sens politique puisque Choguel Ma\u00efga et ses camarades veulent se pr\u00e9senter \u00e0 leurs compatriotes comme une alternative cr\u00e9dible pour affronter les grands d\u00e9fis du Mali. Mais dans la situation actuelle, et au regard de leurs contradictions internes, il leur sera difficile, \u00e0 huit mois des \u00e9lections, de convaincre l\u2019\u00e9lectorat qu\u2019ils ont v\u00e9ritablement les profils et les comp\u00e9tences n\u00e9cessaires pour diriger ce navire en perdition qu\u2019est le Mali.\u00a0 C\u2019est probablement conscients de tout cela qu\u2019ils font feu de tout bois pour faire tomber les principales institutions de la Transition qui \u00e9chappent toutes actuellement \u00e0 leur contr\u00f4le, et faire repousser ipso facto les \u00e9ch\u00e9ances \u00e9lectorales jusqu\u2019\u00e0 ce qu\u2019ils mettent de l\u2019ordre dans leurs propres\u00a0 rangs et peaufinent des strat\u00e9gies qui pourraient s\u00e9duire leurs compatriotes. L\u2019hypoth\u00e8se la plus vraisemblable est que les principales figures politiques du M5 vont bouder le futur gouvernement et tirer \u00e0 boulets rouges sur ses actions afin de fragiliser et de d\u00e9cr\u00e9dibiliser tous ses membres et ses soutiens quand ils iront \u00e0 la conqu\u00eate des voix, aux scrutins l\u00e9gislatif et pr\u00e9sidentiel \u00e0 venir. Dans cette entreprise de diabolisation et de destruction politique, ils pourraient avoir comme alli\u00e9e de circonstance l\u2019Union nationale des travailleurs du Mali qui a d\u00e9j\u00e0 annonc\u00e9 la couleur avec cette gr\u00e8ve de quatre jours reconductible.<\/em><\/p>\n<p class=\"c4\"><em>\u00a0<\/em><\/p>\n<p class=\"c6\"><strong><em>\u00ab\u00a0Le Pays\u00a0\u00bb<\/em><\/strong><\/p>\n<p class=\"c4\"><em>\u00a0<\/em><\/p>\n<p class=\"c4\"><em>\u00a0<\/em><\/p>\n<p class=\"c4\"><em>\u00a0<\/em><\/p>\n<p>Auteur: Editions LEPAYS<br \/>\n<a href=\"https:\/\/lepays.bf\/greve-generale-au-mali-sur-fond-de-demission-du-gouvernement\/\">Cliquez ici pour lire l&rsquo;article depuis sa source.<\/a><\/p>\n","protected":false},"excerpt":{"rendered":"<p>Alors que le Premier ministre, Moctar Ouane, est en pleines concertations pour la formation d\u2019un nouveau gouvernement, la principale centrale syndicale, l\u2019Union nationale des travailleurs du Mali (UNTM), a appel\u00e9 \u00e0 une gr\u00e8ve g\u00e9n\u00e9rale de 96 heures qui a d\u00e9but\u00e9 hier, 17 mai 2021, entra\u00eenant au premier jour une paralysie de nombreux services. Les gr\u00e9vistes [&hellip;]<\/p>\n","protected":false},"author":1813,"featured_media":0,"comment_status":"closed","ping_status":"closed","sticky":false,"template":"","format":"standard","meta":{"fifu_image_url":"","fifu_image_alt":"","footnotes":""},"categories":[73,81],"tags":[],"class_list":["post-116916","post","type-post","status-publish","format-standard","hentry","category-actualite","category-burkina-faso"],"_links":{"self":[{"href":"https:\/\/linitiative.ca\/International\/wp-json\/wp\/v2\/posts\/116916","targetHints":{"allow":["GET"]}}],"collection":[{"href":"https:\/\/linitiative.ca\/International\/wp-json\/wp\/v2\/posts"}],"about":[{"href":"https:\/\/linitiative.ca\/International\/wp-json\/wp\/v2\/types\/post"}],"author":[{"embeddable":true,"href":"https:\/\/linitiative.ca\/International\/wp-json\/wp\/v2\/users\/1813"}],"replies":[{"embeddable":true,"href":"https:\/\/linitiative.ca\/International\/wp-json\/wp\/v2\/comments?post=116916"}],"version-history":[{"count":0,"href":"https:\/\/linitiative.ca\/International\/wp-json\/wp\/v2\/posts\/116916\/revisions"}],"wp:attachment":[{"href":"https:\/\/linitiative.ca\/International\/wp-json\/wp\/v2\/media?parent=116916"}],"wp:term":[{"taxonomy":"category","embeddable":true,"href":"https:\/\/linitiative.ca\/International\/wp-json\/wp\/v2\/categories?post=116916"},{"taxonomy":"post_tag","embeddable":true,"href":"https:\/\/linitiative.ca\/International\/wp-json\/wp\/v2\/tags?post=116916"}],"curies":[{"name":"wp","href":"https:\/\/api.w.org\/{rel}","templated":true}]}}