{"id":116918,"date":"2021-05-16T18:52:04","date_gmt":"2021-05-16T22:52:04","guid":{"rendered":"https:\/\/linitiative.ca\/International\/diocese-de-bobo-dioulasso-la-cathedrale-notre-dame-de-lourdes-rouvre-ses-portes\/"},"modified":"2021-05-16T18:52:04","modified_gmt":"2021-05-16T22:52:04","slug":"diocese-de-bobo-dioulasso-la-cathedrale-notre-dame-de-lourdes-rouvre-ses-portes","status":"publish","type":"post","link":"https:\/\/linitiative.ca\/International\/diocese-de-bobo-dioulasso-la-cathedrale-notre-dame-de-lourdes-rouvre-ses-portes\/","title":{"rendered":"Dioc\u00e8se de Bobo-Dioulasso  : la cath\u00e9drale Notre-Dame de Lourdes rouvre ses portes"},"content":{"rendered":"<div class=\"td-post-featured-image\"><a href=\"https:\/\/www.sidwaya.info\/wp-content\/uploads\/2021\/05\/1-23.jpg\" data-caption=\"\"><img loading=\"lazy\" decoding=\"async\" width=\"595\" height=\"510\" class=\"entry-thumb td-modal-image\" src=\"https:\/\/www.sidwaya.info\/wp-content\/uploads\/2021\/05\/1-23.jpg\" srcset=\"https:\/\/www.sidwaya.info\/wp-content\/uploads\/2021\/05\/1-23.jpg 595w, https:\/\/www.sidwaya.info\/wp-content\/uploads\/2021\/05\/1-23-300x257.jpg 300w, https:\/\/www.sidwaya.info\/wp-content\/uploads\/2021\/05\/1-23-150x129.jpg 150w, https:\/\/www.sidwaya.info\/wp-content\/uploads\/2021\/05\/1-23-490x420.jpg 490w\" sizes=\"auto, (max-width: 595px) 100vw, 595px\" alt=\"\" title=\"1\"\/><\/a><\/div>\n<p><strong>Le dioc\u00e8se de Bobo-Dioulasso a organis\u00e9 une messe de d\u00e9dicace de la cath\u00e9drale Notre-Dame de Lourdes r\u00e9nov\u00e9e, le dimanche 16 mai 2021, en pr\u00e9sence du Pr\u00e9sident du Faso, Roch Marc Christian Kabor\u00e9 et des membres du gouvernement. La c\u00e9l\u00e9bration de cette messe a \u00e9t\u00e9 pr\u00e9sid\u00e9e par le Cardinal Jean Zerbo de Bamako.<\/strong><\/p>\n<p>Ferm\u00e9e en juillet 2020 pour des travaux de r\u00e9habilitation, la cath\u00e9drale Notre-Dame de Lourdes de Bobo-Dioulasso, a de nouveau ouvert ses portes aux fid\u00e8les chr\u00e9tiens. La messe de d\u00e9dicace de ce patrimoine religieux de la cit\u00e9 de Sya a eu lieu, hier dimanche 16 mai 2021, en pr\u00e9sence du Pr\u00e9sident du Faso, Roch Marc Christian Kabor\u00e9, accompagn\u00e9 des membres du gouvernement, des d\u00e9put\u00e9s \u00e0 l\u2019Assembl\u00e9e nationale et des \u00e9minentes personnalit\u00e9s de l\u2019Eglise catholique. Les communaut\u00e9s protestante et musulmane, et les coutumiers se sont joint \u00e0 l\u2019Eglise catholique de Bobo-Dioulasso pour c\u00e9l\u00e9brer l\u2019\u00e9v\u00e8nement. Par des chants et des louanges, avec la complicit\u00e9 de la chorale, les fid\u00e8les chr\u00e9tiens ont rendu gr\u00e2ce au Seigneur pour ce joyau r\u00e9nov\u00e9 qui ployait sous le poids de l\u2019\u00e2ge. \u00ab Vous vous imaginez si cette cath\u00e9drale croulait ? On aurait la honte du si\u00e8cle ! \u00bb, s\u2019est exclam\u00e9, le cardinal Jean Zerbo, archev\u00eaque m\u00e9tropolitain de Bamako au Mali, ayant dirig\u00e9 la messe de d\u00e9dicace, avant de f\u00e9liciter les croyants de Sya qui se sont sacrifi\u00e9s pour relever le d\u00e9fi de la r\u00e9habilitation. Sept mois durant, c\u2019est le temps mis pour donner un nouveau look \u00e0 cet \u00e9difice religieux vieil de 60 ans. Quand l\u2019id\u00e9e de la r\u00e9novation a germ\u00e9, des strat\u00e9gies ont \u00e9t\u00e9 mises en place pour la mobilisation des fonds n\u00e9cessaires pour les travaux, selon les confidences d\u2019un responsable du comit\u00e9 de r\u00e9habilitation.<\/p>\n<p>1 milliard 228 millions francs CFA, c\u2019est la somme que les fid\u00e8les chr\u00e9tiens et les bonnes volont\u00e9s devraient mobiliser pour le nouvel habillage de la cath\u00e9drale Notre-Dame de Lourdes de Bobo-Dioulasso. De la contribution volontaire des fid\u00e8les, aux bienfaiteurs en passant par un pr\u00eat bancaire, le comit\u00e9 a mis les bouch\u00e9es doubles pour boucler ce budget afin de sauver cet \u00e9difice qui avait perdu sa splendeur des ann\u00e9es 60. \u00abAujourd\u2019hui, notre joie est grande, elle est m\u00eame immense \u00bb, s\u2019est r\u00e9joui un fid\u00e8le chr\u00e9tien en voyant son lieu d\u2019adoration dans de nouveaux \u00ab v\u00eatements \u00bb.<\/p>\n<p><strong>Quelques travaux \u00e0 achever<\/strong><\/p>\n<p>La toiture, l\u2019int\u00e9rieur, la sonorisation, en somme, tout le b\u00e2timent de la cath\u00e9drale a \u00e9t\u00e9 r\u00e9nov\u00e9 au bonheur des chr\u00e9tiens du dioc\u00e8se de Bobo-Dioulasso. \u00ab C\u2019est un grand jour pour la famille dioc\u00e9saine de Bobo-Dioulasso. Nous avons pendant longtemps m\u00fbri ce projet et gr\u00e2ce \u00e0 la g\u00e9n\u00e9rosit\u00e9 des uns et des autres et \u00e0 des strat\u00e9gies de mobilisation de fonds, nous avons aujourd\u2019hui une demeure de Dieu r\u00e9nov\u00e9e. Nous souhaitons de ce fait que Dieu renouvelle nos c\u0153urs \u00e0 l\u2019image de cette \u00e9glise pour que nos relations entre nous et avec lui prennent de la vigueur, pour que ces relations deviennent des relations de pi\u00e9t\u00e9 familiales et d\u2019amour fraternel \u00bb, a dit Mgr Paul Yembuaro Ou\u00e9draogo, archev\u00eaque m\u00e9tropolitain de Bobo-Dioulasso, en lan\u00e7ant un appel aux bonnes volont\u00e9s \u00e0 d\u00e9lier le cordon de la bourse, afin de permettre l\u2019ach\u00e8vement des travaux.<\/p>\n<p>Car, quelques travaux restent \u00e0 achever pour le nouveau visage de la cath\u00e9drale qui a gard\u00e9 son architecture d\u2019origine. Il s\u2019agit des am\u00e9nagements dans la cour des parkings, etc. Pr\u00e9sent \u00e0 cette messe de d\u00e9dicace, le chef de l\u2019Etat, Roch Marc Christian Kabor\u00e9, a remerci\u00e9 tous ceux qui ont contribu\u00e9 \u00e0 ce que cette r\u00e9habilitation soit une r\u00e9alit\u00e9. \u00ab J\u2019ai eu l\u2019occasion de rendre gr\u00e2ce \u00e0 Dieu pour aider \u00e0 reconstruire la Maison du Seigneur. Je profite de cette messe de d\u00e9dicace pour remercier tous ceux qui ont contribu\u00e9 \u00e0 ce que cette r\u00e9habilitation soit faite. Il reste encore des travaux de finition, j\u2019ose croire que la charit\u00e9 des uns et des autres permettront de les achever \u00bb, a soutenu le pr\u00e9sident du Faso.<\/p>\n<p class=\"c1\"><strong>Kam\u00e9l\u00e9 FAYAMA<\/strong><\/p>\n<div class=\"td-a-rec td-a-rec-id-content_bottom tdi_33_e20 td_block_template_1\">\n<p><img loading=\"lazy\" decoding=\"async\" class=\"aligncenter size-full wp-image-27454\" src=\"https:\/\/www.sidwaya.info\/wp-content\/uploads\/2020\/10\/PUB-Bandeau-paiement-mobile-siteweb.jpg\" alt=\"\" width=\"728\" height=\"90\"\/><\/div>\n<p>Auteur: BM. Sidwaya<br \/>\n<a href=\"https:\/\/www.sidwaya.info\/blog\/2021\/05\/16\/diocese-de-bobo-dioulasso-la-cathedrale-notre-dame-de-lourdes-rouvre-ses-portes\/\">Cliquez ici pour lire l&rsquo;article depuis sa source.<\/a><\/p>\n","protected":false},"excerpt":{"rendered":"<p>Le dioc\u00e8se de Bobo-Dioulasso a organis\u00e9 une messe de d\u00e9dicace de la cath\u00e9drale Notre-Dame de Lourdes r\u00e9nov\u00e9e, le dimanche 16 mai 2021, en pr\u00e9sence du Pr\u00e9sident du Faso, Roch Marc Christian Kabor\u00e9 et des membres du gouvernement. La c\u00e9l\u00e9bration de cette messe a \u00e9t\u00e9 pr\u00e9sid\u00e9e par le Cardinal Jean Zerbo de Bamako. Ferm\u00e9e en juillet [&hellip;]<\/p>\n","protected":false},"author":1816,"featured_media":0,"comment_status":"closed","ping_status":"closed","sticky":false,"template":"","format":"standard","meta":{"fifu_image_url":"https:\/\/www.sidwaya.info\/wp-content\/uploads\/2021\/05\/1-23.jpg","fifu_image_alt":"Dioc\u00e8se de Bobo-Dioulasso  : la cath\u00e9drale Notre-Dame de Lourdes rouvre ses portes","footnotes":""},"categories":[73,81],"tags":[],"class_list":["post-116918","post","type-post","status-publish","format-standard","hentry","category-actualite","category-burkina-faso"],"_links":{"self":[{"href":"https:\/\/linitiative.ca\/International\/wp-json\/wp\/v2\/posts\/116918","targetHints":{"allow":["GET"]}}],"collection":[{"href":"https:\/\/linitiative.ca\/International\/wp-json\/wp\/v2\/posts"}],"about":[{"href":"https:\/\/linitiative.ca\/International\/wp-json\/wp\/v2\/types\/post"}],"author":[{"embeddable":true,"href":"https:\/\/linitiative.ca\/International\/wp-json\/wp\/v2\/users\/1816"}],"replies":[{"embeddable":true,"href":"https:\/\/linitiative.ca\/International\/wp-json\/wp\/v2\/comments?post=116918"}],"version-history":[{"count":0,"href":"https:\/\/linitiative.ca\/International\/wp-json\/wp\/v2\/posts\/116918\/revisions"}],"wp:attachment":[{"href":"https:\/\/linitiative.ca\/International\/wp-json\/wp\/v2\/media?parent=116918"}],"wp:term":[{"taxonomy":"category","embeddable":true,"href":"https:\/\/linitiative.ca\/International\/wp-json\/wp\/v2\/categories?post=116918"},{"taxonomy":"post_tag","embeddable":true,"href":"https:\/\/linitiative.ca\/International\/wp-json\/wp\/v2\/tags?post=116918"}],"curies":[{"name":"wp","href":"https:\/\/api.w.org\/{rel}","templated":true}]}}