{"id":116919,"date":"2021-05-17T04:44:36","date_gmt":"2021-05-17T08:44:36","guid":{"rendered":"https:\/\/linitiative.ca\/International\/sommet-sur-le-financement-des-economies-dafrique-subsaharienne-le-president-du-faso-a-paris\/"},"modified":"2021-05-17T04:44:36","modified_gmt":"2021-05-17T08:44:36","slug":"sommet-sur-le-financement-des-economies-dafrique-subsaharienne-le-president-du-faso-a-paris","status":"publish","type":"post","link":"https:\/\/linitiative.ca\/International\/sommet-sur-le-financement-des-economies-dafrique-subsaharienne-le-president-du-faso-a-paris\/","title":{"rendered":"Sommet sur le financement des \u00e9conomies d\u2019Afrique subsaharienne : le pr\u00e9sident du Faso \u00e0 Paris"},"content":{"rendered":"<div class=\"td-post-featured-image\"><a href=\"https:\/\/www.sidwaya.info\/wp-content\/uploads\/2021\/05\/roch111.jpg\" data-caption=\"\"><img loading=\"lazy\" decoding=\"async\" width=\"640\" height=\"724\" class=\"entry-thumb td-modal-image\" src=\"https:\/\/www.sidwaya.info\/wp-content\/uploads\/2021\/05\/roch111.jpg\" srcset=\"https:\/\/www.sidwaya.info\/wp-content\/uploads\/2021\/05\/roch111.jpg 640w, https:\/\/www.sidwaya.info\/wp-content\/uploads\/2021\/05\/roch111-265x300.jpg 265w, https:\/\/www.sidwaya.info\/wp-content\/uploads\/2021\/05\/roch111-150x170.jpg 150w, https:\/\/www.sidwaya.info\/wp-content\/uploads\/2021\/05\/roch111-300x339.jpg 300w, https:\/\/www.sidwaya.info\/wp-content\/uploads\/2021\/05\/roch111-371x420.jpg 371w\" sizes=\"auto, (max-width: 640px) 100vw, 640px\" alt=\"\" title=\"roch111\"\/><\/a><\/div>\n<p>(Ouagadougou, 17 mai 2021). Le pr\u00e9sident du Faso, Roch Marc Christian Kabor\u00e9 a quitt\u00e9 Ouagadougou ce matin pour Paris, o\u00f9 il prendra part \u00e0 un Sommet sur le financement des \u00e9conomies africaines, ce mardi 18 mai.<\/p>\n<div class=\"o9v6fnle cxmmr5t8 oygrvhab hcukyx3x c1et5uql ii04i59q\" readability=\"15\">\n<p>Avec le pr\u00e9sident fran\u00e7ais, Emmanuel Macron, le chef de l\u2019Etat et ses pairs d\u2019Afrique Subsaharienne vont \u00e9changer sur des mesures visant \u00e0 soulager les pays touch\u00e9s \u00e9conomiquement par les effets de la pand\u00e9mie du Covid-19 et sur de nouvelles sources de financement.<\/p>\n<p>Les r\u00e9flexions porteront \u00e9galement sur le traitement de la dette par de nouvelles strat\u00e9gies qui pourraient \u00eatre soutenues par des r\u00e9formes allant dans le sens de renforcer le secteur priv\u00e9 africain et promouvoir de nouveaux investissements.<\/p>\n<\/div>\n<p>Direction de la communication de la pr\u00e9sidence du Faso<\/p>\n<div class=\"td-a-rec td-a-rec-id-content_bottom tdi_33_ee2 td_block_template_1\">\n<p><img loading=\"lazy\" decoding=\"async\" class=\"aligncenter size-full wp-image-27454\" src=\"https:\/\/www.sidwaya.info\/wp-content\/uploads\/2020\/10\/PUB-Bandeau-paiement-mobile-siteweb.jpg\" alt=\"\" width=\"728\" height=\"90\"\/><\/div>\n<p>Auteur: BS. Sidwaya<br \/>\n<a href=\"https:\/\/www.sidwaya.info\/blog\/2021\/05\/17\/sommet-sur-le-financement-des-economies-dafrique-subsaharienne-le-president-du-faso-a-paris\/\">Cliquez ici pour lire l&rsquo;article depuis sa source.<\/a><\/p>\n","protected":false},"excerpt":{"rendered":"<p>(Ouagadougou, 17 mai 2021). Le pr\u00e9sident du Faso, Roch Marc Christian Kabor\u00e9 a quitt\u00e9 Ouagadougou ce matin pour Paris, o\u00f9 il prendra part \u00e0 un Sommet sur le financement des \u00e9conomies africaines, ce mardi 18 mai. Avec le pr\u00e9sident fran\u00e7ais, Emmanuel Macron, le chef de l\u2019Etat et ses pairs d\u2019Afrique Subsaharienne vont \u00e9changer sur des [&hellip;]<\/p>\n","protected":false},"author":1816,"featured_media":0,"comment_status":"closed","ping_status":"closed","sticky":false,"template":"","format":"standard","meta":{"fifu_image_url":"https:\/\/www.sidwaya.info\/wp-content\/uploads\/2021\/05\/roch111.jpg","fifu_image_alt":"Sommet sur le financement des \u00e9conomies d\u2019Afrique subsaharienne : le pr\u00e9sident du Faso \u00e0 Paris","footnotes":""},"categories":[73,81],"tags":[],"class_list":["post-116919","post","type-post","status-publish","format-standard","hentry","category-actualite","category-burkina-faso"],"_links":{"self":[{"href":"https:\/\/linitiative.ca\/International\/wp-json\/wp\/v2\/posts\/116919","targetHints":{"allow":["GET"]}}],"collection":[{"href":"https:\/\/linitiative.ca\/International\/wp-json\/wp\/v2\/posts"}],"about":[{"href":"https:\/\/linitiative.ca\/International\/wp-json\/wp\/v2\/types\/post"}],"author":[{"embeddable":true,"href":"https:\/\/linitiative.ca\/International\/wp-json\/wp\/v2\/users\/1816"}],"replies":[{"embeddable":true,"href":"https:\/\/linitiative.ca\/International\/wp-json\/wp\/v2\/comments?post=116919"}],"version-history":[{"count":0,"href":"https:\/\/linitiative.ca\/International\/wp-json\/wp\/v2\/posts\/116919\/revisions"}],"wp:attachment":[{"href":"https:\/\/linitiative.ca\/International\/wp-json\/wp\/v2\/media?parent=116919"}],"wp:term":[{"taxonomy":"category","embeddable":true,"href":"https:\/\/linitiative.ca\/International\/wp-json\/wp\/v2\/categories?post=116919"},{"taxonomy":"post_tag","embeddable":true,"href":"https:\/\/linitiative.ca\/International\/wp-json\/wp\/v2\/tags?post=116919"}],"curies":[{"name":"wp","href":"https:\/\/api.w.org\/{rel}","templated":true}]}}