{"id":116920,"date":"2021-05-17T07:04:07","date_gmt":"2021-05-17T11:04:07","guid":{"rendered":"https:\/\/linitiative.ca\/International\/banfora-un-enfant-retrouve-mort-dans-un-vehicule\/"},"modified":"2021-05-17T07:04:07","modified_gmt":"2021-05-17T11:04:07","slug":"banfora-un-enfant-retrouve-mort-dans-un-vehicule","status":"publish","type":"post","link":"https:\/\/linitiative.ca\/International\/banfora-un-enfant-retrouve-mort-dans-un-vehicule\/","title":{"rendered":"Banfora\u00a0: Un enfant retrouv\u00e9 mort dans un v\u00e9hicule"},"content":{"rendered":"<div class=\"td-post-featured-image\"><a href=\"https:\/\/www.sidwaya.info\/wp-content\/uploads\/2021\/05\/garage.jpg\" data-caption=\"\"><img loading=\"lazy\" decoding=\"async\" width=\"424\" height=\"313\" class=\"entry-thumb td-modal-image\" src=\"https:\/\/www.sidwaya.info\/wp-content\/uploads\/2021\/05\/garage.jpg\" srcset=\"https:\/\/www.sidwaya.info\/wp-content\/uploads\/2021\/05\/garage.jpg 424w, https:\/\/www.sidwaya.info\/wp-content\/uploads\/2021\/05\/garage-300x221.jpg 300w, https:\/\/www.sidwaya.info\/wp-content\/uploads\/2021\/05\/garage-150x111.jpg 150w, https:\/\/www.sidwaya.info\/wp-content\/uploads\/2021\/05\/garage-80x60.jpg 80w\" sizes=\"auto, (max-width: 424px) 100vw, 424px\" alt=\"\" title=\"garage\"\/><\/a><\/div>\n<p>Un enfant \u00e2g\u00e9 de trois ans environ, a \u00e9t\u00e9 retrouv\u00e9 sans vie ce dimanche 16 mai 2021 dans une voiture au secteur n\u00b07 de Banfora. Le drame s\u2019est produit dans un garage automobile situ\u00e9 en face du si\u00e8ge du MPP o\u00f9 les parents de l\u2019enfant habitent. Selon le p\u00e8re tr\u00e8s afflig\u00e9 par ce drame, il aurait retrouv\u00e9 son fils recroquevill\u00e9 dans la voiture dont les vitres \u00e9taient mont\u00e9es. Pris de panique et ne croyant pas \u00e0 l\u2019irr\u00e9parable, il ouvrit la porti\u00e8re du v\u00e9hicule pour r\u00e9veiller son fils qui serait probablement endormi ou dans un coma, selon lui. L\u2019enfant ne bougeait plus. Il le prit dans ses bras et l\u2019amena \u00e0 la maison croyant certainement qu\u2019il se r\u00e9veillera. Peine perdue, finalement les pompiers qui sont \u00e0 quelques pas de chez lui, seront appel\u00e9s au secours. Ces derniers confirmeront malheureusement son d\u00e9c\u00e8s. Apr\u00e8s les constatations de la police, la famille \u00e9tait visiblement sous le choc. C\u2019est peu apr\u00e8s 16 heures que l\u2019enfant se serait rendu au garage. Aux environs de 18 heures, ne voyant pas son enfant, le papa aurait entam\u00e9 les recherches pour \u00a0finalement retrouver son corps sans vie dans la voiture stationn\u00e9e dans ce garage sans cl\u00f4ture. Pour l\u2019instant, on ignore les circonstances exactes de ce drame, m\u00eame si plusieurs voix estiment que l\u2019enfant aurait \u00e9t\u00e9 asphyxi\u00e9.<\/p>\n<p>A en croire le p\u00e8re de l\u2019enfant, son fils avait l\u2019habitude d\u2019aller dans ce garage pour s\u2019amuser dans les v\u00e9hicules. Mais depuis un certain temps d\u00e9j\u00e0 selon ses dires, il lui avait interdit formellement l\u2019acc\u00e8s jusqu\u2019\u00e0 ce que l\u2019irr\u00e9parable se produise aujourd\u2019hui.<\/p>\n<p>M.Y.<\/p>\n<div class=\"td-a-rec td-a-rec-id-content_bottom tdi_33_a6f td_block_template_1\">\n<p><img loading=\"lazy\" decoding=\"async\" class=\"aligncenter size-full wp-image-27454\" src=\"https:\/\/www.sidwaya.info\/wp-content\/uploads\/2020\/10\/PUB-Bandeau-paiement-mobile-siteweb.jpg\" alt=\"\" width=\"728\" height=\"90\"\/><\/div>\n<p>Auteur: BS. Sidwaya<br \/>\n<a href=\"https:\/\/www.sidwaya.info\/blog\/2021\/05\/17\/banfora-un-enfant-retrouve-mort-dans-un-vehicule\/\">Cliquez ici pour lire l&rsquo;article depuis sa source.<\/a><\/p>\n","protected":false},"excerpt":{"rendered":"<p>Un enfant \u00e2g\u00e9 de trois ans environ, a \u00e9t\u00e9 retrouv\u00e9 sans vie ce dimanche 16 mai 2021 dans une voiture au secteur n\u00b07 de Banfora. Le drame s\u2019est produit dans un garage automobile situ\u00e9 en face du si\u00e8ge du MPP o\u00f9 les parents de l\u2019enfant habitent. Selon le p\u00e8re tr\u00e8s afflig\u00e9 par ce drame, il [&hellip;]<\/p>\n","protected":false},"author":1816,"featured_media":0,"comment_status":"closed","ping_status":"closed","sticky":false,"template":"","format":"standard","meta":{"fifu_image_url":"https:\/\/www.sidwaya.info\/wp-content\/uploads\/2021\/05\/garage.jpg","fifu_image_alt":"Banfora\u00a0: Un enfant retrouv\u00e9 mort dans un v\u00e9hicule","footnotes":""},"categories":[73,81],"tags":[],"class_list":["post-116920","post","type-post","status-publish","format-standard","hentry","category-actualite","category-burkina-faso"],"_links":{"self":[{"href":"https:\/\/linitiative.ca\/International\/wp-json\/wp\/v2\/posts\/116920","targetHints":{"allow":["GET"]}}],"collection":[{"href":"https:\/\/linitiative.ca\/International\/wp-json\/wp\/v2\/posts"}],"about":[{"href":"https:\/\/linitiative.ca\/International\/wp-json\/wp\/v2\/types\/post"}],"author":[{"embeddable":true,"href":"https:\/\/linitiative.ca\/International\/wp-json\/wp\/v2\/users\/1816"}],"replies":[{"embeddable":true,"href":"https:\/\/linitiative.ca\/International\/wp-json\/wp\/v2\/comments?post=116920"}],"version-history":[{"count":0,"href":"https:\/\/linitiative.ca\/International\/wp-json\/wp\/v2\/posts\/116920\/revisions"}],"wp:attachment":[{"href":"https:\/\/linitiative.ca\/International\/wp-json\/wp\/v2\/media?parent=116920"}],"wp:term":[{"taxonomy":"category","embeddable":true,"href":"https:\/\/linitiative.ca\/International\/wp-json\/wp\/v2\/categories?post=116920"},{"taxonomy":"post_tag","embeddable":true,"href":"https:\/\/linitiative.ca\/International\/wp-json\/wp\/v2\/tags?post=116920"}],"curies":[{"name":"wp","href":"https:\/\/api.w.org\/{rel}","templated":true}]}}