{"id":116921,"date":"2021-05-17T10:59:35","date_gmt":"2021-05-17T14:59:35","guid":{"rendered":"https:\/\/linitiative.ca\/International\/cite-des-forces-vives-de-ziniare-debut-effectif-des-souscriptions\/"},"modified":"2021-05-17T10:59:35","modified_gmt":"2021-05-17T14:59:35","slug":"cite-des-forces-vives-de-ziniare-debut-effectif-des-souscriptions","status":"publish","type":"post","link":"https:\/\/linitiative.ca\/International\/cite-des-forces-vives-de-ziniare-debut-effectif-des-souscriptions\/","title":{"rendered":"Cit\u00e9 des forces vives de Ziniar\u00e9: D\u00e9but effectif des souscriptions"},"content":{"rendered":"<div class=\"td-post-featured-image\"><a href=\"https:\/\/www.sidwaya.info\/wp-content\/uploads\/2021\/05\/2-2.jpeg\" data-caption=\"\"><img loading=\"lazy\" decoding=\"async\" width=\"696\" height=\"580\" class=\"entry-thumb td-modal-image\" src=\"https:\/\/www.sidwaya.info\/wp-content\/uploads\/2021\/05\/2-2-696x580.jpeg\" srcset=\"https:\/\/www.sidwaya.info\/wp-content\/uploads\/2021\/05\/2-2-696x580.jpeg 696w, https:\/\/www.sidwaya.info\/wp-content\/uploads\/2021\/05\/2-2-300x250.jpeg 300w, https:\/\/www.sidwaya.info\/wp-content\/uploads\/2021\/05\/2-2-150x125.jpeg 150w, https:\/\/www.sidwaya.info\/wp-content\/uploads\/2021\/05\/2-2-504x420.jpeg 504w, https:\/\/www.sidwaya.info\/wp-content\/uploads\/2021\/05\/2-2.jpeg 699w\" sizes=\"auto, (max-width: 696px) 100vw, 696px\" alt=\"\" title=\"2\"\/><\/a><\/div>\n<p><strong>Le d\u00e9p\u00f4t des dossiers de souscription pour les parcelles de la cit\u00e9 des forces vives du 11-d\u00e9cembre, a effectivement d\u00e9marr\u00e9, ce lundi 17 mai 2021, \u00e0 la mairie de Ziniar\u00e9.<\/strong><\/p>\n<p>\u00ab\u00a0<em>Nous avons ouvert les guichets \u00e0 6h30. Depuis 8h, il y a de l\u2019affluence. Les gens viennent<\/em>\u00a0\u00bb, a affirm\u00e9 le maire de la commune de Ziniar\u00e9, Pascal Compaor\u00e9, attestant ainsi le \u00a0d\u00e9but effectif du d\u00e9p\u00f4t des dossiers de souscription pour les parcelles.<\/p>\n<p>A l\u2019entr\u00e9e de l\u2019H\u00f4tel de ville, des affiches, estampill\u00e9es \u00ab\u00a0nouveau\u00a0\u00bb, rappellent les conditions d\u2019acc\u00e8s aux parcelles et de la composition des dossiers de souscription.<\/p>\n<p>Ensuite, le souscripteur peut se rendre au guichet \u00ab<em>Achat des dossiers de souscription<\/em>\u00a0\u00bb, pour s\u2019acquitter des frais de dossiers, entre 10\u00a0000 FCFA et 25\u00a0000 FCFA, selon le type de parcelle choisie\u00a0 (parcelle d\u2019habitation ou commerciale), explique Minimi Bakouan, le pr\u00e9sident de la commission de r\u00e9ception des dossiers.<\/p>\n<p>\u00ab\u00a0<em>Avec ce re\u00e7u, le souscripteur se pr\u00e9sente au niveau des agents charg\u00e9s de la r\u00e9ception pour r\u00e9cup\u00e9rer la fiche de souscription et l\u2019engagement, en fonction du type de parcelle choisie<\/em>\u00a0\u00bb, ajoute M. Bakouan.<\/p>\n<p>La fiche est renseign\u00e9e et timbr\u00e9e \u00e0 10\u00a0000 FCFA et l\u2019engagement, l\u00e9galis\u00e9 par la police. Ils sont joints aux autres pi\u00e8ces du dossier que sont la copie l\u00e9galis\u00e9e de la carte d\u2019identit\u00e9 ou du passeport, le certificat de r\u00e9sident, une attestation de capacit\u00e9 financi\u00e8re, une quittance de la caution vers\u00e9e au Tr\u00e9sor et une copie du re\u00e7u des frais de dossiers, rappelle Minimi Bakouan.<\/p>\n<p>Romuald Sawadogo a souscrit pour une parcelle d\u2019habitation de type B dont les frais de dossiers s\u2019\u00e9l\u00e8vent \u00e0 15\u00a0000 FCFA et la caution 1\u00a0500\u00a0000 FCFA. \u00ab\u00a0<em>Je me suis bien renseign\u00e9 la semaine derni\u00e8re. Ce matin, j\u2019ai eu toutes les pi\u00e8ces demand\u00e9es que j\u2019aie renseign\u00e9 sur place. C\u2019est bien organis\u00e9, donc le d\u00e9p\u00f4t est facile et rapide\u00a0<\/em>\u00bb, dit-il.<\/p>\n<p>Par contre, M. Ou\u00e9draogo est au stage du renseignement. Int\u00e9ress\u00e9 par une maison \u00e0 usage d\u2019habitation, il s\u2019est pr\u00e9sent\u00e9 \u00e0 la mairie pour s\u2019informer sur les conditions. \u00ab\u00a0<em>Les montants sont un peu excessifs au vu du niveau de vie des populations, mais on fera des sacrifices pour avoir un chez soi\u00a0<\/em>\u00bb, soutient-il.<\/p>\n<p>Les diff\u00e9rentes fiches sont imprim\u00e9es en diverses couleurs \u00ab\u00a0pour ne pas se perdre dans les dossiers\u00a0\u00bb, indique le maire. \u00ab\u00a0Toutes les dispositions ont \u00e9t\u00e9 prises pour que les choses se passent tr\u00e8s bien. Les fiches sont disponibles en nombre suffisant. Il n\u2019y aura pas de rupture\u00a0\u00bb, rassure-t-il.<\/p>\n<p>Le Plateau central accueille les festivit\u00e9s du 11-d\u00e9cembre 2021. Dans le cadre de la r\u00e9alisation de la cit\u00e9 des forces vives, trois commissions ont \u00e9t\u00e9 install\u00e9es, vendredi 14 mai, pour une bonne gestion du foncier. Ses membres pr\u00eateront serment dans la semaine, apprend-on.<\/p>\n<p><strong>DS\/EN<\/strong><\/p>\n<div class=\"td-a-rec td-a-rec-id-content_bottom tdi_33_adf td_block_template_1\">\n<p><img loading=\"lazy\" decoding=\"async\" class=\"aligncenter size-full wp-image-27454\" src=\"https:\/\/www.sidwaya.info\/wp-content\/uploads\/2020\/10\/PUB-Bandeau-paiement-mobile-siteweb.jpg\" alt=\"\" width=\"728\" height=\"90\"\/><\/div>\n<p>Auteur: BS. Sidwaya<br \/>\n<a href=\"https:\/\/www.sidwaya.info\/blog\/2021\/05\/17\/cite-des-forces-vives-de-ziniare-debut-effectif-des-souscriptions\/\">Cliquez ici pour lire l&rsquo;article depuis sa source.<\/a><\/p>\n","protected":false},"excerpt":{"rendered":"<p>Le d\u00e9p\u00f4t des dossiers de souscription pour les parcelles de la cit\u00e9 des forces vives du 11-d\u00e9cembre, a effectivement d\u00e9marr\u00e9, ce lundi 17 mai 2021, \u00e0 la mairie de Ziniar\u00e9. \u00ab\u00a0Nous avons ouvert les guichets \u00e0 6h30. Depuis 8h, il y a de l\u2019affluence. Les gens viennent\u00a0\u00bb, a affirm\u00e9 le maire de la commune de [&hellip;]<\/p>\n","protected":false},"author":1816,"featured_media":0,"comment_status":"closed","ping_status":"closed","sticky":false,"template":"","format":"standard","meta":{"fifu_image_url":"https:\/\/www.sidwaya.info\/wp-content\/uploads\/2021\/05\/2-2-696x580.jpeg","fifu_image_alt":"Cit\u00e9 des forces vives de Ziniar\u00e9: D\u00e9but effectif des souscriptions","footnotes":""},"categories":[73,81],"tags":[],"class_list":["post-116921","post","type-post","status-publish","format-standard","hentry","category-actualite","category-burkina-faso"],"_links":{"self":[{"href":"https:\/\/linitiative.ca\/International\/wp-json\/wp\/v2\/posts\/116921","targetHints":{"allow":["GET"]}}],"collection":[{"href":"https:\/\/linitiative.ca\/International\/wp-json\/wp\/v2\/posts"}],"about":[{"href":"https:\/\/linitiative.ca\/International\/wp-json\/wp\/v2\/types\/post"}],"author":[{"embeddable":true,"href":"https:\/\/linitiative.ca\/International\/wp-json\/wp\/v2\/users\/1816"}],"replies":[{"embeddable":true,"href":"https:\/\/linitiative.ca\/International\/wp-json\/wp\/v2\/comments?post=116921"}],"version-history":[{"count":0,"href":"https:\/\/linitiative.ca\/International\/wp-json\/wp\/v2\/posts\/116921\/revisions"}],"wp:attachment":[{"href":"https:\/\/linitiative.ca\/International\/wp-json\/wp\/v2\/media?parent=116921"}],"wp:term":[{"taxonomy":"category","embeddable":true,"href":"https:\/\/linitiative.ca\/International\/wp-json\/wp\/v2\/categories?post=116921"},{"taxonomy":"post_tag","embeddable":true,"href":"https:\/\/linitiative.ca\/International\/wp-json\/wp\/v2\/tags?post=116921"}],"curies":[{"name":"wp","href":"https:\/\/api.w.org\/{rel}","templated":true}]}}