{"id":116925,"date":"2021-05-17T13:18:02","date_gmt":"2021-05-17T17:18:02","guid":{"rendered":"https:\/\/linitiative.ca\/International\/cote-divoire-debut-des-consultations-medicales-pre-pelerinage-pour-le-hadj\/"},"modified":"2021-05-17T13:18:02","modified_gmt":"2021-05-17T17:18:02","slug":"cote-divoire-debut-des-consultations-medicales-pre-pelerinage-pour-le-hadj","status":"publish","type":"post","link":"https:\/\/linitiative.ca\/International\/cote-divoire-debut-des-consultations-medicales-pre-pelerinage-pour-le-hadj\/","title":{"rendered":"C\u00f4te d\u2019Ivoire: d\u00e9but des consultations m\u00e9dicales pr\u00e9-p\u00e8lerinage pour le Hadj"},"content":{"rendered":"<div readability=\"32\">\n<p>Publi\u00e9 le 17.05.2021 \u00e0 18h18 par APA News<\/p>\n<\/div>\n<div readability=\"68\">\n<p>Les op\u00e9rations de consultations m\u00e9dicales pr\u00e9-p\u00e8lerinage pour le Hadj ont d\u00e9but\u00e9 ce lundi en C\u00f4te d\u2019Ivoire pour s\u2019achever le 11 juin 2021, selon une note du Commissariat du Hadj.Dans cette note sign\u00e9e par l\u2019Imam Bachir Ouattara pour le Commissariat du Hadj, sont pris en compte les candidats d\u00e9j\u00e0 inscrits en 2020 au public et au priv\u00e9 et non porteurs de maladies chroniques (hypertension, diab\u00e8te, asthme, probl\u00e8mes urologiques, cardiopathies).<\/p>\n<p>Les candidats pr\u00e9sentant \u00ab\u00a0des facteurs de vuln\u00e9rabilit\u00e9 (handicap) seront incessamment appel\u00e9s par le call center du commissariat et dirig\u00e9s vers des centres pr\u00e9cis \u00e0 une date pr\u00e9cise\u00a0\u00bb, mentionne la note.<\/p>\n<p>Toutes les personnes d\u00e9j\u00e0 enregistr\u00e9es dans la base du Syst\u00e8me de gestion des p\u00e8lerins de C\u00f4te d\u2019Ivoire (SYGEPCI), souhaitant voyager avec les op\u00e9rateurs priv\u00e9s, \u00ab\u00a0n\u2019ont pas besoin de refaire cette identification\u00a0\u00bb, souligne le texte, qui les invite \u00e0 se rendre directement dans un des centres qui leur sont d\u00e9di\u00e9s.\u00a0<\/p>\n<p>\u00ab\u00a0Par contre, tous les nouveaux candidats au Hadj 2021 non encore enregistr\u00e9s sur la plateforme du Syst\u00e8me de gestion des p\u00e8lerins de C\u00f4te d\u2019Ivoire (SYGEPCI), devront le faire avant de se rendre dans le centre de consultation d\u00e9di\u00e9 \u00e9galement conform\u00e9ment \u00e0 la liste jointe\u00a0\u00bb, indique le commissariat du Hadj.<\/p>\n<p>Le Commissariat du Hadj note par ailleurs \u00ab\u00a0qu\u2019 aucune nouvelle inscription n\u2019est pour le moment possible au niveau du contingent \u00e9tatique\u00a0\u00bb, invitant de ce fait les parents et futurs candidats \u00e0 la prudence pour \u00e9viter de se faire gruger.\u00a0<\/p>\n<\/div>\n<p>Auteur: APA News<br \/>\n<a href=\"https:\/\/www.journalducameroun.com\/cote-divoire-debut-des-consultations-medicales-pre-pelerinage-pour-le-hadj\/\">Cliquez ici pour lire l&rsquo;article depuis sa source.<\/a><\/p>\n","protected":false},"excerpt":{"rendered":"<p>Publi\u00e9 le 17.05.2021 \u00e0 18h18 par APA News Les op\u00e9rations de consultations m\u00e9dicales pr\u00e9-p\u00e8lerinage pour le Hadj ont d\u00e9but\u00e9 ce lundi en C\u00f4te d\u2019Ivoire pour s\u2019achever le 11 juin 2021, selon une note du Commissariat du Hadj.Dans cette note sign\u00e9e par l\u2019Imam Bachir Ouattara pour le Commissariat du Hadj, sont pris en compte les candidats [&hellip;]<\/p>\n","protected":false},"author":1965,"featured_media":0,"comment_status":"closed","ping_status":"closed","sticky":false,"template":"","format":"standard","meta":{"fifu_image_url":"","fifu_image_alt":"","footnotes":""},"categories":[73,82],"tags":[],"class_list":["post-116925","post","type-post","status-publish","format-standard","hentry","category-actualite","category-cameroun"],"_links":{"self":[{"href":"https:\/\/linitiative.ca\/International\/wp-json\/wp\/v2\/posts\/116925","targetHints":{"allow":["GET"]}}],"collection":[{"href":"https:\/\/linitiative.ca\/International\/wp-json\/wp\/v2\/posts"}],"about":[{"href":"https:\/\/linitiative.ca\/International\/wp-json\/wp\/v2\/types\/post"}],"author":[{"embeddable":true,"href":"https:\/\/linitiative.ca\/International\/wp-json\/wp\/v2\/users\/1965"}],"replies":[{"embeddable":true,"href":"https:\/\/linitiative.ca\/International\/wp-json\/wp\/v2\/comments?post=116925"}],"version-history":[{"count":0,"href":"https:\/\/linitiative.ca\/International\/wp-json\/wp\/v2\/posts\/116925\/revisions"}],"wp:attachment":[{"href":"https:\/\/linitiative.ca\/International\/wp-json\/wp\/v2\/media?parent=116925"}],"wp:term":[{"taxonomy":"category","embeddable":true,"href":"https:\/\/linitiative.ca\/International\/wp-json\/wp\/v2\/categories?post=116925"},{"taxonomy":"post_tag","embeddable":true,"href":"https:\/\/linitiative.ca\/International\/wp-json\/wp\/v2\/tags?post=116925"}],"curies":[{"name":"wp","href":"https:\/\/api.w.org\/{rel}","templated":true}]}}