{"id":116926,"date":"2021-05-17T13:35:07","date_gmt":"2021-05-17T17:35:07","guid":{"rendered":"https:\/\/linitiative.ca\/International\/cameroun-joseph-dion-ngute-chez-les-hommes-daffaires-du-gicam-ce-18-mai-2021\/"},"modified":"2021-05-17T13:35:07","modified_gmt":"2021-05-17T17:35:07","slug":"cameroun-joseph-dion-ngute-chez-les-hommes-daffaires-du-gicam-ce-18-mai-2021","status":"publish","type":"post","link":"https:\/\/linitiative.ca\/International\/cameroun-joseph-dion-ngute-chez-les-hommes-daffaires-du-gicam-ce-18-mai-2021\/","title":{"rendered":"Cameroun : Joseph Dion Ngute chez les hommes d\u2019affaires du Gicam ce 18 mai 2021"},"content":{"rendered":"<div readability=\"32\">\n<p>Publi\u00e9 le 17.05.2021 \u00e0 18h35 par Christian Djimadeu<\/p>\n<\/div>\n<div readability=\"62\">\n<h5 class=\"c9\">Le Chef du gouvernement, sera en visite de travail ce mardi au Groupement inter-patronal du Cameroun (GICAM) \u00e0 Douala.<\/h5>\n<p class=\"c10\">Dans le cadre du dialogue Etat-Secteur priv\u00e9, le Premier ministre \u00a0conduit quelques membres de son \u00e9quipe chez la communaut\u00e9 des affaires du Gicam, la plus importante organisation patronale du pays.<\/p>\n<p class=\"c10\">Outre les \u00e9changes sur l\u2019am\u00e9lioration du droit des affaires, \u00a0la reconstruction des r\u00e9gions du Nord-Ouest et du Sud-Ouest devrait \u00eatre au menu.<\/p>\n<p class=\"c10\">Au sujet du climat des affaires, l\u2019\u00e9conomie nationale, \u00a0sinistr\u00e9e par la pand\u00e9mie de la Covid-19, a besoin d\u2019un souffle nouveau.<\/p>\n<p class=\"c10\">Les \u00e9changes sur la contribution de la communaut\u00e9 des affaires pour le redressement des r\u00e9gions du Nord-Ouest et du Sud-Ouest en proie \u00e0 la crise anglophone, devraient s\u2019inscrire dans le cadre du \u00a0Plan de reconstruction et de d\u00e9veloppement de ces deux zones du pays.<\/p>\n<p class=\"c10\">Il est attendu des membres du gouvernement, qu\u2019ils donnent les garantis n\u00e9cessaires pour investir dans ces r\u00e9gions sinistr\u00e9es. Elles qui sont situ\u00e9es \u00e0 proximit\u00e9 \u00a0de l\u2019Afrique occidentale, ont de fait \u00a0une position strat\u00e9gique pour les affaires. L\u2019Etat a d\u2019ailleurs \u00a0\u00a0\u00e9rig\u00e9 une zone industrielle \u00e0 Bamenda au lieudit Zibam.<\/p>\n<p class=\"c10\">Les \u00e9changes entre l\u2019Etat et le secteur priv\u00e9 se tiennent chaque ann\u00e9e, malgr\u00e9 que certains hommes d\u2019affaires d\u00e9plorent la lenteur \u00a0dans l\u2019ex\u00e9cution des r\u00e9solutions prises.<\/p>\n<\/div>\n<p>Auteur: Christian DJIMADEU<br \/>\n<a href=\"https:\/\/www.journalducameroun.com\/cameroun-joseph-dion-ngute-chez-les-hommes-daffaires-du-gicam-ce-18-mai-2021-cameroun\/\">Cliquez ici pour lire l&rsquo;article depuis sa source.<\/a><\/p>\n","protected":false},"excerpt":{"rendered":"<p>Publi\u00e9 le 17.05.2021 \u00e0 18h35 par Christian Djimadeu Le Chef du gouvernement, sera en visite de travail ce mardi au Groupement inter-patronal du Cameroun (GICAM) \u00e0 Douala. Dans le cadre du dialogue Etat-Secteur priv\u00e9, le Premier ministre \u00a0conduit quelques membres de son \u00e9quipe chez la communaut\u00e9 des affaires du Gicam, la plus importante organisation patronale [&hellip;]<\/p>\n","protected":false},"author":1965,"featured_media":0,"comment_status":"closed","ping_status":"closed","sticky":false,"template":"","format":"standard","meta":{"fifu_image_url":"","fifu_image_alt":"","footnotes":""},"categories":[73,82],"tags":[],"class_list":["post-116926","post","type-post","status-publish","format-standard","hentry","category-actualite","category-cameroun"],"_links":{"self":[{"href":"https:\/\/linitiative.ca\/International\/wp-json\/wp\/v2\/posts\/116926","targetHints":{"allow":["GET"]}}],"collection":[{"href":"https:\/\/linitiative.ca\/International\/wp-json\/wp\/v2\/posts"}],"about":[{"href":"https:\/\/linitiative.ca\/International\/wp-json\/wp\/v2\/types\/post"}],"author":[{"embeddable":true,"href":"https:\/\/linitiative.ca\/International\/wp-json\/wp\/v2\/users\/1965"}],"replies":[{"embeddable":true,"href":"https:\/\/linitiative.ca\/International\/wp-json\/wp\/v2\/comments?post=116926"}],"version-history":[{"count":0,"href":"https:\/\/linitiative.ca\/International\/wp-json\/wp\/v2\/posts\/116926\/revisions"}],"wp:attachment":[{"href":"https:\/\/linitiative.ca\/International\/wp-json\/wp\/v2\/media?parent=116926"}],"wp:term":[{"taxonomy":"category","embeddable":true,"href":"https:\/\/linitiative.ca\/International\/wp-json\/wp\/v2\/categories?post=116926"},{"taxonomy":"post_tag","embeddable":true,"href":"https:\/\/linitiative.ca\/International\/wp-json\/wp\/v2\/tags?post=116926"}],"curies":[{"name":"wp","href":"https:\/\/api.w.org\/{rel}","templated":true}]}}