{"id":116927,"date":"2021-05-17T08:28:08","date_gmt":"2021-05-17T12:28:08","guid":{"rendered":"https:\/\/linitiative.ca\/International\/dialogue-public-prive-ce-que-dion-ngute-va-faire-au-gicam\/"},"modified":"2021-05-17T08:28:08","modified_gmt":"2021-05-17T12:28:08","slug":"dialogue-public-prive-ce-que-dion-ngute-va-faire-au-gicam","status":"publish","type":"post","link":"https:\/\/linitiative.ca\/International\/dialogue-public-prive-ce-que-dion-ngute-va-faire-au-gicam\/","title":{"rendered":"Dialogue public-priv\u00e9 : ce que Dion Ngute va faire au Gicam"},"content":{"rendered":"<p>\u201cA tout seigneur tout honneur\u201d, dit un proverbe. Le Premier ministre, Chef du gouvernement en aura donc au groupement inter patronal du Cameroun (Gicam), ce 18 mai 2021, pour son rang, son m\u00e9rite et sa responsabilit\u00e9 vis-\u00e0-vis de la communaut\u00e9 des affaires. C\u2019est \u00e0 Joseph Dion Ngute que revient cette ann\u00e9e le privil\u00e8ge d\u2019ouvrir le bal des rencontres de concertation entre le secteur public et le secteur priv\u00e9. Comme nous vous l\u2019avons annonc\u00e9 le 14 mai dernier sur\u00a0<a href=\"http:\/\/www.ecomatin.net\/\" target=\"_blank\" rel=\"noreferrer noopener\">www.ecomatin.net<\/a>, le Chef du gouvernement, accompagn\u00e9 de quelques membres de son \u00e9quipe, va rencontrer le Gicam, la plus importante organisation patronale du pays, demain \u00e0 Douala.\u00a0<\/p>\n<p>M\u00eame si les deux parties refusent de d\u00e9voiler le contenu de cette concertation, Des sources proches du dossier pensent que les \u00e9changes devraient tourner autour de la reconstruction des r\u00e9gions du Nord-Ouest et du Sud-Ouest ainsi que l\u2019am\u00e9lioration du climat des affaires \u00e0 travers la r\u00e9forme du dialogue Etat-Secteur priv\u00e9.\u00a0<\/p>\n<p><strong>Lire aussi<\/strong> : <a href=\"https:\/\/ecomatin.net\/visite-du-minjustice-au-gicam-vent-de-division-au-sein-du-patronat\/\"><strong><span lang=\"FR-CM\" xml:lang=\"FR-CM\">Visite du Minjustice au Gicam: vent de division au sein du patronat<\/span><\/strong><\/a><\/p>\n<p>C\u2019est un secret de polichinelle. Les relations ne sont plus au beau fixe entre le gouvernement et le patronat camerounais. Le second ne supporte plus le traitement \u00absans \u00e9gard\u00a0\u00bb que lui r\u00e9serve le premier. Or, les analystes indiquent qu\u2019il est de la responsabilit\u00e9 de l\u2019Etat de construire et d\u2019organiser ce dialogue Etat\/Secteur priv\u00e9, tant ce dernier est un instrument essentiel pour r\u00e9former l\u2019environnement des affaires et la gouvernance \u00e9conomique en g\u00e9n\u00e9ral d\u2019un pays.<\/p>\n<p>Autant dire qu\u2019un dialogue inexistant ou imparfait constitue un s\u00e9rieux frein au d\u00e9ploiement des efforts collectifs destin\u00e9s \u00e0 stopper l\u2019h\u00e9morragie que subissent les entreprises dans le contexte actuel de crises \u00e9conomiques, s\u00e9curitaire et sanitaire.<\/p>\n<p><strong>Partenariat<\/strong><\/p>\n<p>Le Gicam se dit conscient que le cercle vertueux d\u2019une croissance vigoureuse, r\u00e9siliente et inclusive, r\u00e9sulte d\u2019un dialogue f\u00e9cond entre la puissance publique et les acteurs du monde des entreprises, nourri par une relation de confiance mutuelle et de compl\u00e9mentarit\u00e9 des r\u00f4les, au profit de la collectivit\u00e9.<\/p>\n<p>Pour le pr\u00e9sident du Gicam, C\u00e9lestin K. Tawamba, \u00ab\u00a0plus l\u2019Etat consultera et prendra en compte les dol\u00e9ances de ceux qui connaissent le monde de l\u2019entreprise \u2013 au premier rang desquels les organisations repr\u00e9sentatives du secteur priv\u00e9 -, plus adapt\u00e9 sera cet environnement.\u00a0\u00bb Cette conviction serait nourrie par les exp\u00e9riences v\u00e9cues ailleurs, lesquelles montrent, selon le patron des \u00ab\u00a0patrons camerounais\u00a0\u00bb que \u00ab\u00a0l\u2019environnement des affaires est davantage propice dans les pays o\u00f9 l\u2019Etat associe comme partenaire responsable \u00e0 cette \u0153uvre, le Patronat ; loin du climat de m\u00e9fiance r\u00e9ciproque, qui obstrue leurs relations.\u00a0\u00bb<\/p>\n<p><strong>Lire aussi<\/strong> : <a href=\"https:\/\/ecomatin.net\/propriete-intellectuelle-le-gicam-interpelle-loapi-sur-le-faible-taux-de-brevets-pour-ses-membres\/\"><strong><span lang=\"FR-CM\" xml:lang=\"FR-CM\">Propri\u00e9t\u00e9 intellectuelle\u00a0: le Gicam interpelle l\u2019Oapi sur le faible taux de brevets pour ses membres<\/span><\/strong><\/a><\/p>\n<p>Pour lever toute \u00e9quivoque, l\u2019on souligne au Gicam que l\u2019objectif poursuivi est de construire une relation de confiance entre toutes les parties prenantes au d\u00e9veloppement. Pour y parvenir, quelques conditions semblent incontournables : \u00ab\u00a0Le secteur priv\u00e9, notamment le Gicam doit \u00eatre per\u00e7u comme l\u2019avocat d\u00e9termin\u00e9 et l\u00e9gitime des PME\/PMI ; L\u2019Etat doit s\u2019engager \u00e0 mettre en place un environnement des affaires propice au d\u00e9veloppement de la PME ; Les programmes d\u2019accompagnement doivent \u00eatre adapt\u00e9 et pointu et r\u00e9pondre aux pr\u00e9occupations v\u00e9ritables des entreprises\u00a0\u00bb.<\/p>\n<p><strong>Un nouveau cadre de concertation pour booster le business<\/strong><\/p>\n<p>Dans son Avant-propos du \u201cLivre blanc du Gicam sur l\u2019\u00e9conomie camerounaise\u201d, le pr\u00e9sident de la plus importante organisation patronale nationale, C\u00e9lestin K. Tawamba, prend la posture d\u2019un \u201cmendiant\u201d de la paix et de la collaboration entre la puissance publique et le Secteur priv\u00e9. Si malgr\u00e9 toutes les dissensions entre les deux parties, \u201ctout n\u2019est pas perdu et tout reste possible, le temps en revanche est compt\u00e9\u201d, \u00e9crit-t-il, \u201cil faut, au plus vite, dans un sursaut collectif, rassembler toutes les forces pour relever les d\u00e9fis pressants. Faute de quoi, le d\u00e9clin sera irr\u00e9versible et collectif.\u201d<\/p>\n<p><strong>Lire aussi<\/strong> : <a href=\"https:\/\/ecomatin.net\/le-premier-ministre-annonce-au-gicam-le-18-mai-prochain\/\"><strong>Le Premier ministre annonc\u00e9 au Gicam le 18 mai prochain<\/strong><\/a><\/p>\n<p>Depuis 2017, le Gicam a plaid\u00e9 aupr\u00e8s du Premier ministre en faveur de r\u00e9formes visant \u00e0 une plus grande efficacit\u00e9 du CBF. D\u2019abord par le renforcement de son mode op\u00e9ratoire; Ensuite par l\u2019extension de son \u00a0p\u00e9rim\u00e8tre de r\u00e9flexion. C\u2019est ainsi que dans la perspective du CBF 2019, il fut d\u00e9cid\u00e9 de la mise sur pied de deux comit\u00e9s de suivi distincts, l\u2019un relevant du Doing Business stricto-sensu, le \u00ab Comit\u00e9 Doing Business \u00bb, et l\u2019autre relevant de l\u2019environnement des affaires, le \u00ab Comit\u00e9 CBF \u00bb. Ainsi furent dessin\u00e9s les contours d\u2019un CBF de transition, pr\u00e9lude \u00e0 un CBF 2020 d\u2019un type nouveau.<\/p>\n<p>Aujourd\u2019hui, face aux nombreux d\u00e9fis \u00e9conomiques et sociaux auxquels fait face le gouvernement et \u00e0 la grogne croissante des entreprises, l\u2019urgence \u00e0 refonder le cadre de partenariat entre l\u2019Etat et le Secteur priv\u00e9 est plus que jamais r\u00e9elle.<\/p>\n<p>Ainsi, sur les cendres du CBF, l\u2019on annonce l\u2019av\u00e8nement d\u2019une structure de dialogue public\/priv\u00e9 novatrice et efficace, plac\u00e9e sous l\u2019autorit\u00e9 du Premier ministre, Chef du gouvernement. Elle devrait permettre de mieux engager des r\u00e9flexions sur l\u2019environnement des affaires au sens complet du terme et sur l\u2019investissement priv\u00e9 : le Cameroon Business Council (CBC). Il s\u2019agira d\u2019une Institution bipartite pr\u00e9sid\u00e9e par le Premier ministre et dont le pr\u00e9sident du Gicam serait le Vice-pr\u00e9sident. Le CBC constituerait le nouveau cadre permanent de concertation de haut niveau entre l\u2019Etat et le secteur priv\u00e9.<\/p>\n<p><strong>Lire aussi<\/strong> : <a href=\"https:\/\/ecomatin.net\/telephones-et-tablettes-le-gicam-propose-la-suppression-des-taxes-et-droits-de-douane\/\"><strong>T\u00e9l\u00e9phones et tablettes : le Gicam propose la suppression des taxes et droits de douane<\/strong><\/a><\/p>\n<p>Pour M. Tawamba, \u201cla volont\u00e9 de dialoguer de ces deux entit\u00e9s serait factice sans r\u00e9elle pratique du dialogue.\u201d La responsabilisation des acteurs \u00e9tant assur\u00e9e, il importera d\u00e9sormais que la pratique du dialogue \u00e9pouse les contours d\u2019un m\u00e9canisme favorisant l\u2019implication et la satisfaction de tous. Plusieurs principes participent de la r\u00e9alisation de cet objectif : \u201cle partage de l\u2019agenda et du calendrier, l\u2019\u00e9laboration conjointe des plannings de mise en \u0153uvre, la contractualisation des recommandations, \u00e9rig\u00e9e en r\u00e8gle et non comme l\u2019exception, l\u2019institution d\u2019un organe de pilotage paritaire et fonctionnant comme tel, un travail de fond pr\u00e9paratoire, en amont des rencontres publiques et\/ou officielles\u201d, \u00e9num\u00e8re le \u00abpatron des patrons\u00bb du Cameroun.<\/p>\n<p>Auteur: Philipe NSOA<br \/>\n<a href=\"https:\/\/ecomatin.net\/dialogue-public-privee-ce-que-dion-ngute-va-fairee-au-gicam\/\">Cliquez ici pour lire l&rsquo;article depuis sa source.<\/a><\/p>\n","protected":false},"excerpt":{"rendered":"<p>\u201cA tout seigneur tout honneur\u201d, dit un proverbe. Le Premier ministre, Chef du gouvernement en aura donc au groupement inter patronal du Cameroun (Gicam), ce 18 mai 2021, pour son rang, son m\u00e9rite et sa responsabilit\u00e9 vis-\u00e0-vis de la communaut\u00e9 des affaires. C\u2019est \u00e0 Joseph Dion Ngute que revient cette ann\u00e9e le privil\u00e8ge d\u2019ouvrir le [&hellip;]<\/p>\n","protected":false},"author":1969,"featured_media":0,"comment_status":"closed","ping_status":"closed","sticky":false,"template":"","format":"standard","meta":{"fifu_image_url":"","fifu_image_alt":"","footnotes":""},"categories":[82,78],"tags":[],"class_list":["post-116927","post","type-post","status-publish","format-standard","hentry","category-cameroun","category-economie"],"_links":{"self":[{"href":"https:\/\/linitiative.ca\/International\/wp-json\/wp\/v2\/posts\/116927","targetHints":{"allow":["GET"]}}],"collection":[{"href":"https:\/\/linitiative.ca\/International\/wp-json\/wp\/v2\/posts"}],"about":[{"href":"https:\/\/linitiative.ca\/International\/wp-json\/wp\/v2\/types\/post"}],"author":[{"embeddable":true,"href":"https:\/\/linitiative.ca\/International\/wp-json\/wp\/v2\/users\/1969"}],"replies":[{"embeddable":true,"href":"https:\/\/linitiative.ca\/International\/wp-json\/wp\/v2\/comments?post=116927"}],"version-history":[{"count":0,"href":"https:\/\/linitiative.ca\/International\/wp-json\/wp\/v2\/posts\/116927\/revisions"}],"wp:attachment":[{"href":"https:\/\/linitiative.ca\/International\/wp-json\/wp\/v2\/media?parent=116927"}],"wp:term":[{"taxonomy":"category","embeddable":true,"href":"https:\/\/linitiative.ca\/International\/wp-json\/wp\/v2\/categories?post=116927"},{"taxonomy":"post_tag","embeddable":true,"href":"https:\/\/linitiative.ca\/International\/wp-json\/wp\/v2\/tags?post=116927"}],"curies":[{"name":"wp","href":"https:\/\/api.w.org\/{rel}","templated":true}]}}