{"id":116928,"date":"2021-05-17T11:58:42","date_gmt":"2021-05-17T15:58:42","guid":{"rendered":"https:\/\/linitiative.ca\/International\/trois-jours-de-celebration-pour-la-telephonie-mobile-au-cameroun\/"},"modified":"2021-05-17T11:58:42","modified_gmt":"2021-05-17T15:58:42","slug":"trois-jours-de-celebration-pour-la-telephonie-mobile-au-cameroun","status":"publish","type":"post","link":"https:\/\/linitiative.ca\/International\/trois-jours-de-celebration-pour-la-telephonie-mobile-au-cameroun\/","title":{"rendered":"Trois jours de c\u00e9l\u00e9bration pour la t\u00e9l\u00e9phonie mobile au Cameroun"},"content":{"rendered":"<p>Du 17 au 19 mai 2021, se tient \u00e0 Yaound\u00e9, la semaine de la t\u00e9l\u00e9phonie mobile au Cameroun baptis\u00e9e Cammob 20-20 (Cameroon mobile 2020). Ladite semaine a \u00e9t\u00e9 ouverte ce 17 mai par le ministre des Postes et t\u00e9l\u00e9communications (Minpostel) Minette Libom Li Likeng, en pr\u00e9sence du ministre des Enseignements sup\u00e9rieurs Jacques Fame Ndongo et tout un parterre d\u2019invit\u00e9s.<\/p>\n<p>Selon le Minpostel, la tenue de ces travaux est l\u2019occasion de faire une \u00e9valuation, pour voir ce que la t\u00e9l\u00e9phonie mobile a apport\u00e9. \u00ab\u00a0Beaucoup plus vous voyez que les probl\u00e8mes que le secteur a sembl\u00e9 rencontrer ont \u00e9t\u00e9 la gestion du passage de la 2G \u00e0 la 3 et 4G qui ont caus\u00e9 des probl\u00e8mes de convergence\u00a0\u00bb. Pour Jean Calvin Ayissi Mengoumou, Pr\u00e9sident du comit\u00e9 d\u2019organisation, il est attendu de ces travaux que \u00abtous ceux qui ont \u00e9t\u00e9 convi\u00e9s, que ce soit les op\u00e9rateurs de la t\u00e9l\u00e9phonie mobile, que ce soit les experts, que ce soit les membres du gouvernement, qu\u2019il y est un langage franc. Afin que tous les probl\u00e8mes inh\u00e9rent de la t\u00e9l\u00e9phonie mobile, qui seront mis sur la table soient d\u00e9battus, et qu\u2019\u00e0 la fin nous ayons des actes ayons des actes, qui serviront de boussole pour les d\u00e9cideurs du secteur de la t\u00e9l\u00e9phonie\u00a0\u00bb, confie-t-il.<\/p>\n<p><strong>Lire aussi<\/strong> : <strong><a href=\"https:\/\/ecomatin.net\/telephonie-mobile-les-operateurs-prives-denoncent-des-pertes-cumulees-de-132-milliards-en-deux-ans\/\">T\u00e9l\u00e9phonie mobile : les op\u00e9rateurs priv\u00e9s d\u00e9noncent des pertes cumul\u00e9es de 132 milliards en deux ans<\/a><\/strong><\/p>\n<p>Une autre retomb\u00e9e envisag\u00e9e dans le secteur de la t\u00e9l\u00e9phonie est l\u2019aspect financier \u00ab\u00a0nous voulons avancer dans la technologie, mais de fa\u00e7on contr\u00f4l\u00e9e, de telle sorte que nous puissions b\u00e9n\u00e9ficier des dividendes num\u00e9riques. Et pour b\u00e9n\u00e9ficier de celles-ci il faut un partenariat gagnant-gagnant. Il ne peut \u00eatre gagnant que si l\u2019on contr\u00f4le un minimum. C\u2019est ce que nous faisons aujourd\u2019hui pour garantir l\u2019int\u00e9grit\u00e9 de notre pays, ou nous disposons, de ces milliers de kilom\u00e8tres optique, des c\u00e2bles sous-marins pour contr\u00f4ler les communications internationales, des points d\u2019\u00e9changes internet, pour garder localement, les transactions, \u00e7a nous permet de contr\u00f4ler les donn\u00e9es qui sont devenus aujourd\u2019hui le grand enjeu du si\u00e8cle\u00a0\u00bb, affirme Minette Libom Li Likeng.<\/p>\n<p><strong>Lire aussi<\/strong> : <strong><a href=\"https:\/\/ecomatin.net\/telephonie-mobile-2163-milliards-de-revenus-pour-orange-cameroun-en-2020\/\">T\u00e9l\u00e9phonie mobile : 216,3 milliards de revenus pour Orange Cameroun en 2020<\/a><\/strong><\/p>\n<p>Il est alors pr\u00e9vu durant ces travaux qui se tiennent sur trois jours, des conf\u00e9rences sur 7 th\u00e9matiques diff\u00e9rentes, avec 7 panels et 49 conf\u00e9renciers. Pour cette journ\u00e9e d\u2019ouverture, le programme affichait deux conf\u00e9rences\u00a0: t\u00e9l\u00e9phonie mobile, d\u00e9veloppement socio\u00e9conomique et opportunit\u00e9s d\u2019investissement,\u00a0\u00a0et les enjeux de la t\u00e9l\u00e9phonie mobile au Cameroun, 20 ans apr\u00e8s que retenir? A cela s\u2019ajoutait l\u2019ouverture du salon d\u2019exposition 20-20, accompagner de la coupure du ruban symbolique, le vernissage \u00abphoto expo des 20 ans de la t\u00e9l\u00e9phonie mobile\u00a0\u00bb.<\/p>\n<p><strong>Lire aussi<\/strong> : <strong><a href=\"https:\/\/ecomatin.net\/telephonie-mobile-les-dossierss-urgents-de-benoit-yaoussou-le-nouveau-dg-de-viettel-cameroun\/\">T\u00e9l\u00e9phonie mobile : les dossiers urgents de Beno\u00eet Yaoussou, le nouveau DG de Viettel Cameroun<\/a><\/strong><\/p>\n<p>Auteur: Cindy MBALA<br \/>\n<a href=\"https:\/\/ecomatin.net\/trois-jours-de-celebration-pour-la-telephonie-mobile-auu-cameroun\/\">Cliquez ici pour lire l&rsquo;article depuis sa source.<\/a><\/p>\n","protected":false},"excerpt":{"rendered":"<p>Du 17 au 19 mai 2021, se tient \u00e0 Yaound\u00e9, la semaine de la t\u00e9l\u00e9phonie mobile au Cameroun baptis\u00e9e Cammob 20-20 (Cameroon mobile 2020). Ladite semaine a \u00e9t\u00e9 ouverte ce 17 mai par le ministre des Postes et t\u00e9l\u00e9communications (Minpostel) Minette Libom Li Likeng, en pr\u00e9sence du ministre des Enseignements sup\u00e9rieurs Jacques Fame Ndongo et [&hellip;]<\/p>\n","protected":false},"author":1969,"featured_media":0,"comment_status":"closed","ping_status":"closed","sticky":false,"template":"","format":"standard","meta":{"fifu_image_url":"","fifu_image_alt":"","footnotes":""},"categories":[82,78],"tags":[],"class_list":["post-116928","post","type-post","status-publish","format-standard","hentry","category-cameroun","category-economie"],"_links":{"self":[{"href":"https:\/\/linitiative.ca\/International\/wp-json\/wp\/v2\/posts\/116928","targetHints":{"allow":["GET"]}}],"collection":[{"href":"https:\/\/linitiative.ca\/International\/wp-json\/wp\/v2\/posts"}],"about":[{"href":"https:\/\/linitiative.ca\/International\/wp-json\/wp\/v2\/types\/post"}],"author":[{"embeddable":true,"href":"https:\/\/linitiative.ca\/International\/wp-json\/wp\/v2\/users\/1969"}],"replies":[{"embeddable":true,"href":"https:\/\/linitiative.ca\/International\/wp-json\/wp\/v2\/comments?post=116928"}],"version-history":[{"count":0,"href":"https:\/\/linitiative.ca\/International\/wp-json\/wp\/v2\/posts\/116928\/revisions"}],"wp:attachment":[{"href":"https:\/\/linitiative.ca\/International\/wp-json\/wp\/v2\/media?parent=116928"}],"wp:term":[{"taxonomy":"category","embeddable":true,"href":"https:\/\/linitiative.ca\/International\/wp-json\/wp\/v2\/categories?post=116928"},{"taxonomy":"post_tag","embeddable":true,"href":"https:\/\/linitiative.ca\/International\/wp-json\/wp\/v2\/tags?post=116928"}],"curies":[{"name":"wp","href":"https:\/\/api.w.org\/{rel}","templated":true}]}}