{"id":116937,"date":"2021-05-17T14:00:00","date_gmt":"2021-05-17T18:00:00","guid":{"rendered":"https:\/\/linitiative.ca\/International\/jack-lang-sm-le-roi-temoigne-de-son-respect-des-peuples-et-de-son-attachement-a-la-paix\/"},"modified":"2021-05-17T14:00:00","modified_gmt":"2021-05-17T18:00:00","slug":"jack-lang-sm-le-roi-temoigne-de-son-respect-des-peuples-et-de-son-attachement-a-la-paix","status":"publish","type":"post","link":"https:\/\/linitiative.ca\/International\/jack-lang-sm-le-roi-temoigne-de-son-respect-des-peuples-et-de-son-attachement-a-la-paix\/","title":{"rendered":"Jack Lang :  SM le Roi t\u00e9moigne de Son respect des peuples et de Son attachement \u00e0 la paix"},"content":{"rendered":"<p class=\"has-text-align-center has-vivid-red-color has-text-color\"><strong>Aide humanitaire aux Palestiniens<\/strong><\/p>\n<p><strong>En apportant en urgence un soutien humanitaire aux citoyens de Gaza et aux Palestiniens, SM le Roi Mohammed VI \u00ab\u00a0t\u00e9moigne, une fois de plus, de Son respect des peuples et de Son attachement \u00e0 la paix\u00a0\u00bb, a affirm\u00e9 Jack Lang, pr\u00e9sident de l\u2019Institut du Monde Arabe (IMA).<\/strong><\/p>\n<p>Ce geste \u00ab\u00a0fort\u00a0\u00bb et \u00ab\u00a0humain\u00a0\u00bb du Souverain est hautement \u00ab\u00a0embl\u00e9matique\u00a0\u00bb. Il honore l\u2019Afrique et le monde arabe, a soulign\u00e9 M. Lang, dans une d\u00e9claration \u00e0 la MAP.<\/p>\n<p>\u00ab\u00a0L\u2019ami du Maroc que je suis est fier et heureux que Sa Majest\u00e9 fasse entendre la voix de la raison et de la g\u00e9n\u00e9rosit\u00e9\u00a0\u00bb, a ajout\u00e9 le pr\u00e9sident de l\u2019IMA, formant le v\u0153u que l\u2019initiative royale puisse avoir \u00ab\u00a0une force d\u2019entrainement\u00a0\u00bb.<\/p>\n<p>Selon le pr\u00e9sident de l\u2019IMA, \u00ab\u00a0trop de pays sont aujourd\u2019hui indiff\u00e9rents \u00e0 la situation catastrophique dans laquelle se trouve le peuple palestinien\u00a0\u00bb, alors que le gouvernement isra\u00e9lien ne cesse de multiplier les provocations : violation inacceptable d\u2019un lieu saint de l\u2019Islam et \u00e9viction de citoyens palestiniens de leurs maisons, a-t-il indiqu\u00e9.<\/p>\n<p>\u00ab\u00a0Puisse l\u2019initiative puissante, belle et g\u00e9n\u00e9reuse de SM le Roi du Maroc susciter d\u2019autres gestes aussi nobles de la part d\u2019autres pays. Puisse-t-elle avoir une force d\u2019entrainement et susciter un \u00e9lan de solidarit\u00e9 avec la Palestine\u00a0\u00bb, a affirm\u00e9 M. Lang qui a tenu \u00e0 exprimer \u00ab\u00a0son sentiment d\u2019infinie gratitude envers ce geste royal qui honore le Maroc et son peuple\u00a0\u00bb.<\/p>\n<p>\u00ab\u00a0C\u2019est un geste tr\u00e8s beau, tr\u00e8s juste et tr\u00e8s fort\u00a0\u00bb, a assur\u00e9 le pr\u00e9sident de l\u2019IMA, exprimant l\u2019espoir que \u00ab\u00a0l\u2019exemple exceptionnel donn\u00e9 par SM le Roi du Maroc puisse avoir une force d\u2019entrainement et entrainer d\u2019autres pays \u00e0 faire preuve de vraie solidarit\u00e9, ce qui n\u2019est pas le cas aujourd\u2019hui\u00a0\u00bb.<\/p>\n<p>\u00ab\u00a0Je suis touch\u00e9, \u00e9mu et fier, en tant qu\u2019ami du Maroc par ce geste Royal qui est conforme \u00e0 l\u2019id\u00e9al humain qui est le n\u00f4tre \u00e0 l\u2019IMA\u00a0\u00bb, a affirm\u00e9 M. Lang, qui a tenu \u00e0 souligner que \u00ab\u00a0le Maroc a la chance d\u2019avoir un grand Roi qui honore par Son attitude toute l\u2019Afrique et le monde arabe\u00a0\u00bb.<\/p>\n<p>\u00ab\u00a0Par bonheur, dans cette p\u00e9riode absolument accablante, attristante et d\u00e9moralisante qui ne veut pas se terminer, SM le Roi du Maroc fait entendre une autre voix. Une voix forte, puissante, belle et g\u00e9n\u00e9reuse. Cela fait chaud au c\u0153ur et redonne de l\u2019espoir dans le sens humain. Une fois de plus, je dis merci Majest\u00e9 !\u00a0\u00bb, a-t-il conclu.<\/p>\n<p>Auteur: M&rsquo;hammed rahal<br \/>\n<a href=\"http:\/\/albayane.press.ma\/jack-lang-sm-le-roi-temoigne-de-son-respect-des-peuples-et-de-son-attachement-a-la-paix.html\">Cliquez ici pour lire l&rsquo;article depuis sa source.<\/a><\/p>\n","protected":false},"excerpt":{"rendered":"<p>Aide humanitaire aux Palestiniens En apportant en urgence un soutien humanitaire aux citoyens de Gaza et aux Palestiniens, SM le Roi Mohammed VI \u00ab\u00a0t\u00e9moigne, une fois de plus, de Son respect des peuples et de Son attachement \u00e0 la paix\u00a0\u00bb, a affirm\u00e9 Jack Lang, pr\u00e9sident de l\u2019Institut du Monde Arabe (IMA). Ce geste \u00ab\u00a0fort\u00a0\u00bb et [&hellip;]<\/p>\n","protected":false},"author":1760,"featured_media":0,"comment_status":"closed","ping_status":"closed","sticky":false,"template":"","format":"standard","meta":{"fifu_image_url":"","fifu_image_alt":"","footnotes":""},"categories":[73,54],"tags":[],"class_list":["post-116937","post","type-post","status-publish","format-standard","hentry","category-actualite","category-maroc"],"_links":{"self":[{"href":"https:\/\/linitiative.ca\/International\/wp-json\/wp\/v2\/posts\/116937","targetHints":{"allow":["GET"]}}],"collection":[{"href":"https:\/\/linitiative.ca\/International\/wp-json\/wp\/v2\/posts"}],"about":[{"href":"https:\/\/linitiative.ca\/International\/wp-json\/wp\/v2\/types\/post"}],"author":[{"embeddable":true,"href":"https:\/\/linitiative.ca\/International\/wp-json\/wp\/v2\/users\/1760"}],"replies":[{"embeddable":true,"href":"https:\/\/linitiative.ca\/International\/wp-json\/wp\/v2\/comments?post=116937"}],"version-history":[{"count":0,"href":"https:\/\/linitiative.ca\/International\/wp-json\/wp\/v2\/posts\/116937\/revisions"}],"wp:attachment":[{"href":"https:\/\/linitiative.ca\/International\/wp-json\/wp\/v2\/media?parent=116937"}],"wp:term":[{"taxonomy":"category","embeddable":true,"href":"https:\/\/linitiative.ca\/International\/wp-json\/wp\/v2\/categories?post=116937"},{"taxonomy":"post_tag","embeddable":true,"href":"https:\/\/linitiative.ca\/International\/wp-json\/wp\/v2\/tags?post=116937"}],"curies":[{"name":"wp","href":"https:\/\/api.w.org\/{rel}","templated":true}]}}