{"id":116938,"date":"2021-05-17T14:00:00","date_gmt":"2021-05-17T18:00:00","guid":{"rendered":"https:\/\/linitiative.ca\/International\/agadir-a-lhonneur-royal\/"},"modified":"2021-05-17T14:00:00","modified_gmt":"2021-05-17T18:00:00","slug":"agadir-a-lhonneur-royal","status":"publish","type":"post","link":"https:\/\/linitiative.ca\/International\/agadir-a-lhonneur-royal\/","title":{"rendered":"Agadir, \u00e0 l\u2019honneur Royal !"},"content":{"rendered":"<p class=\"has-text-align-center has-vivid-red-color has-text-color\"><strong>A vrai dire<\/strong><\/p>\n<p class=\"has-vivid-cyan-blue-color has-text-color\"><strong>On croit bien savoir que le Souverain se serait incessamment mis le cap sur Agadir pour y jeter l\u2019ancre, juste apr\u00e8s les f\u00eates de la rupture du je\u00fbne. L\u2019occasion de faire le point sur l\u2019\u00e9tat d\u2019avancement inh\u00e9rent au programme de d\u00e9veloppement urbain de la ville dont l\u2019ex\u00e9cution fut amorc\u00e9e depuis d\u00e9j\u00e0 un peu plus d\u2019un an. D\u2019autre part, il serait sans doute, question de la mise en marche du projet rarissime de la station de dessalement d\u2019eaux de mer de la zone Chtouka A\u00eft Baha, fin pr\u00eate \u00e0 s\u2019op\u00e9rer apr\u00e8s avoir mis en essai des tours d\u2019exp\u00e9rimentation av\u00e9r\u00e9es. Franchement et en toute honn\u00eatet\u00e9, il est \u00e0 reconna\u00eetre que les travaux relatifs aux multiples et divers projets fonctionnent \u00e0 une cadence soutenue, marqu\u00e9e par un volontarisme hors pair.<\/strong><\/p>\n<p>Durant quasiment une douzaine de mois, la capitale du Souss est soumise \u00e0 un r\u00e9el d\u00e9frichement dans tous les sens, au point de la transformer en un rucher \u00e0 miel de la zone des Ida Outanane. Tout au long de cette p\u00e9riode, en pleine astreinte pand\u00e9mique, on s\u2019y met \u00e0 pied d\u2019\u0153uvre en faisant vrombir les engins, d\u00e9blayer les d\u00e9combres et \u00e9lever les \u00e9difices, sous les yeux alertes du comit\u00e9 de pilotage qui, en plus des audiences de concertation et de suivi au quotidien, se rend \u00e0 plein r\u00e9gime, sur les lieux pour examen et motivation. A ce rythme accentu\u00e9, il est fort probable que, d\u2019ici l\u00e0, \u00e0 fin 2024, date butoir du calendrier de la refonte, tous les aspects m\u00e9tropolitains de la ville auront, sans nul doute pris forme, au diapason du registre de \u00ab\u00a0centralit\u00e9\u00a0\u00bb assign\u00e9, pourvu, bien s\u00fbr, que tous les bailleurs de fonds honorent leurs engagements. Il importe de rappeler la solennit\u00e9 des \u00ab\u00a0griffes\u00a0\u00bb appos\u00e9es par les partenaires institutionnels, relatives \u00e0 la convention-cadre sous la pr\u00e9sidence du Monarque, en f\u00e9vrier 2020.<\/p>\n<p>De m\u00eame, on ne cessera jamais de louer la dynamique \u00e9poustouflante, conduite de pied ferme par le chef de file, en \u00e9troite synchronie avec l\u2019ensemble des ma\u00eetres d\u2019ouvrage de cette imposante \u00e9dification citadine, en constante gestation. On ne le ressassera, non plus pas assez pour flagorner l\u2019int\u00e9r\u00eat notoire et, pour autant, non sans m\u00e9rite, dont jouit une ville, longtemps renvoy\u00e9e aux calendes grecques, en mati\u00e8re de gros investissements publics. Certes, il ne fait point de brin de contestation sur le blocus chronique, lamentablement exerc\u00e9 sur la cit\u00e9, durant des d\u00e9cennies, par le service central, rendu encore plus affligeant par la d\u00e9mission des d\u00e9cideurs r\u00e9gionaux aussi bien administratifs que repr\u00e9sentatifs. Il ne fait certainement pas de doute, non plus, que ce regain de cause auquel s\u2019attelle hardiment toute la ville par la Haute Sollicitude\u00a0 Royale, est transcend\u00e9 \u00e0 bras-le-corps avec brio et panache de cette symbiose locale tous azimuts. C\u2019est, \u00e0 coup s\u00fbr, la plus Haute \u00a0Gratitude que l\u2019on puisse r\u00e9server \u00e0 cette visite Royale, d\u00e9sormais en rythme r\u00e9gulier, \u00e0 la grande satisfaction de la communaut\u00e9 du Souss\u00a0! \u00a0\u00a0\u00a0\u00a0\u00a0\u00a0<\/p>\n<p>Auteur: M&rsquo;hammed rahal<br \/>\n<a href=\"http:\/\/albayane.press.ma\/agadir-a-lhonneur-royal.html\">Cliquez ici pour lire l&rsquo;article depuis sa source.<\/a><\/p>\n","protected":false},"excerpt":{"rendered":"<p>A vrai dire On croit bien savoir que le Souverain se serait incessamment mis le cap sur Agadir pour y jeter l\u2019ancre, juste apr\u00e8s les f\u00eates de la rupture du je\u00fbne. L\u2019occasion de faire le point sur l\u2019\u00e9tat d\u2019avancement inh\u00e9rent au programme de d\u00e9veloppement urbain de la ville dont l\u2019ex\u00e9cution fut amorc\u00e9e depuis d\u00e9j\u00e0 un [&hellip;]<\/p>\n","protected":false},"author":1760,"featured_media":0,"comment_status":"closed","ping_status":"closed","sticky":false,"template":"","format":"standard","meta":{"fifu_image_url":"","fifu_image_alt":"","footnotes":""},"categories":[73,54],"tags":[],"class_list":["post-116938","post","type-post","status-publish","format-standard","hentry","category-actualite","category-maroc"],"_links":{"self":[{"href":"https:\/\/linitiative.ca\/International\/wp-json\/wp\/v2\/posts\/116938","targetHints":{"allow":["GET"]}}],"collection":[{"href":"https:\/\/linitiative.ca\/International\/wp-json\/wp\/v2\/posts"}],"about":[{"href":"https:\/\/linitiative.ca\/International\/wp-json\/wp\/v2\/types\/post"}],"author":[{"embeddable":true,"href":"https:\/\/linitiative.ca\/International\/wp-json\/wp\/v2\/users\/1760"}],"replies":[{"embeddable":true,"href":"https:\/\/linitiative.ca\/International\/wp-json\/wp\/v2\/comments?post=116938"}],"version-history":[{"count":0,"href":"https:\/\/linitiative.ca\/International\/wp-json\/wp\/v2\/posts\/116938\/revisions"}],"wp:attachment":[{"href":"https:\/\/linitiative.ca\/International\/wp-json\/wp\/v2\/media?parent=116938"}],"wp:term":[{"taxonomy":"category","embeddable":true,"href":"https:\/\/linitiative.ca\/International\/wp-json\/wp\/v2\/categories?post=116938"},{"taxonomy":"post_tag","embeddable":true,"href":"https:\/\/linitiative.ca\/International\/wp-json\/wp\/v2\/tags?post=116938"}],"curies":[{"name":"wp","href":"https:\/\/api.w.org\/{rel}","templated":true}]}}