{"id":116939,"date":"2021-05-17T14:00:00","date_gmt":"2021-05-17T18:00:00","guid":{"rendered":"https:\/\/linitiative.ca\/International\/instituer-leducation-au-developpement-durable-comme-une-priorite-imperative\/"},"modified":"2021-05-17T14:00:00","modified_gmt":"2021-05-17T18:00:00","slug":"instituer-leducation-au-developpement-durable-comme-une-priorite-imperative","status":"publish","type":"post","link":"https:\/\/linitiative.ca\/International\/instituer-leducation-au-developpement-durable-comme-une-priorite-imperative\/","title":{"rendered":"Instituer l\u2019\u00e9ducation au d\u00e9veloppement durable comme une priorit\u00e9 imp\u00e9rative"},"content":{"rendered":"<p class=\"has-text-align-center has-vivid-cyan-blue-color has-text-color\"><strong>Appel de SAR la Princesse Lalla Hasnaa \u00e0 la Communaut\u00e9 internationale<\/strong><\/p>\n<p><strong>Son Altesse Royale la Princesse Lalla Hasnaa, Pr\u00e9sidente de la Fondation Mohammed VI pour la Protection de l\u2019Environnement, a appel\u00e9, lundi, la communaut\u00e9 internationale \u00e0 s\u2019engager r\u00e9solument, pendant cette d\u00e9cennie, \u00e0 instituer l\u2019\u00e9ducation au d\u00e9veloppement durable comme une priorit\u00e9 imp\u00e9rative, soulignant le caract\u00e8re urgent de cette action.<\/strong><\/p>\n<p>\u00abEngageons-nous r\u00e9solument, pendant cette d\u00e9cennie, \u00e0 instituer l\u2019\u00e9ducation au d\u00e9veloppement durable comme une priorit\u00e9 imp\u00e9rative. C\u2019est urgent. C\u2019est vital ! \u00bb, a insist\u00e9 Son altesse Royale dans un message-vid\u00e9o adress\u00e9 \u00e0 la Conf\u00e9rence mondiale de l\u2019Organisation des Nations unies pour l\u2019\u00e9ducation, la science et la culture (UNESCO) sur l\u2019\u00e9ducation au d\u00e9veloppement durable (EDD), organis\u00e9e sous forme virtuelle du 17 au 19 mai.<\/p>\n<p>Dans ce message-vid\u00e9o diffus\u00e9 lors de la grande session pl\u00e9ni\u00e8re, tenue sous la th\u00e9matique \u00abCr\u00e9er le changement dont nous avons besoin en temps de crise plan\u00e9taire \u2013 L\u2019EDD pour 2030\u00bb, SAR la Princesse Lalla Hasnaa a affirm\u00e9 que la Fondation Mohammed VI pour la Protection de l\u2019Environnement s\u2019emploie, depuis plus de deux d\u00e9cennies, \u00e0 d\u00e9velopper diff\u00e9rents programmes destin\u00e9s \u00e0 r\u00e9duire ou supprimer l\u2019impact n\u00e9gatif de l\u2019Homme sur la Nature.<\/p>\n<p>Son Altesse Royale a indiqu\u00e9, dans ce cadre, que Sa Majest\u00e9 Le Roi Mohammed VI, que Dieu L\u2019assiste, dont l\u2019int\u00e9r\u00eat pour cette th\u00e9matique remonte \u00e0 ses plus jeunes ann\u00e9es, nous a toujours incit\u00e9s \u00e0 d\u00e9velopper les approches les plus ambitieuses, ancr\u00e9es dans le pr\u00e9sent et r\u00e9solument tourn\u00e9es vers l\u2019avenir, notant que le Souverain n\u2019a de cesse de nous rappeler combien l\u2019Ecole est au c\u0153ur des enjeux de d\u00e9veloppement et, en particulier, du pari environnemental.<\/p>\n<p>\u00abCharg\u00e9e de l\u2019enseignement et de la transmission des savoirs, l\u2019Ecole est, plus largement et plus prioritairement encore, un espace d\u2019\u00e9ducation et de transmission des valeurs. Eduquer la jeunesse au respect de l\u2019environnement, c\u2019est croire \u00e0 la promesse d\u2019un monde nouveau plus harmonieux et durable\u00bb, a soutenu SAR la Princesse Lalla Hasnaa.<\/p>\n<p>\u00abL\u2019\u00e9ducation au D\u00e9veloppement Durable, th\u00e8me qui nous r\u00e9unit aujourd\u2019hui, est la cl\u00e9 de la r\u00e9ussite\u00bb, a poursuivi Son Altesse Royale, assurant que \u00abnous avons donc souhait\u00e9 que l\u2019action de notre Fondation soit centr\u00e9e sur la sensibilisation et la formation des plus jeunes \u00e0 ces probl\u00e9matiques\u00bb.<\/p>\n<p>\u00abAinsi, nous semons les graines de la conscience environnementale pour faire \u00e9clore, \u00e0 terme, une soci\u00e9t\u00e9 consciente du milieu naturel dans lequel elle vit et capable d\u2019adopter un comportement vertueux adapt\u00e9\u00bb, a ajout\u00e9 SAR la Princesse Lalla Hasnaa, exprimant sa fiert\u00e9 du partenariat liant la Fondation et l\u2019UNESCO \u00abavec qui nous \u0153uvrons de concert depuis 2020 pour que soit int\u00e9gr\u00e9e l\u2019\u00e9ducation \u00e0 l\u2019environnement, dans les curricula (scolaires), \u00e0 tous les niveaux jusqu\u2019au baccalaur\u00e9at\u00bb.<\/p>\n<p>A cet \u00e9gard, le Maroc est l\u2019un des trois pays dans le monde qui m\u00e8ne une exp\u00e9rience pilote pour le programme Global Schools de l\u2019UNESCO, a fait observer Son Altesse Royale.<\/p>\n<p>\u00abCar la mobilisation sur les sujets li\u00e9s \u00e0 l\u2019environnement ne saurait produire d\u2019effet durable que si elle devient un r\u00e9flexe acquis d\u00e8s la formation initiale : l\u2019\u00e9ducation d\u00e8s le jeune \u00e2ge est donc une essentielle priorit\u00e9\u00bb, a estim\u00e9 SAR la Princesse Lalla Hasnaa.<\/p>\n<p>\u00abUne g\u00e9n\u00e9ration nous s\u00e9pare du sommet de Rio\u00bb, a constat\u00e9 Son Altesse Royale, estimant qu\u2019il \u00e9tait imp\u00e9ratif de r\u00e9fl\u00e9chir aux motivations qui ont pu freiner l\u2019introduction de l\u2019enseignement au d\u00e9veloppement durable dans les curricula.<\/p>\n<p>Son Altesse Royale n\u2019a pas manqu\u00e9, \u00e0 cette occasion, de souligner que \u00abdans le contexte si particulier que nous vivons, il nous appartient de construire, en commun, un nouveau et n\u00e9cessaire consensus, en d\u00e9finissant les priorit\u00e9s que nous nous fixons en tant qu\u2019\u00eatres humains li\u00e9s par une communaut\u00e9 de destin\u00bb.<\/p>\n<p>\u00abLa crise du covid-19 nous rappelle en particulier l\u2019urgence de r\u00e9aliser un D\u00e9veloppement Durable global, \u00e9quitable et au service de tous\u00bb, a fait savoir SAR la Princesse, assurant que la protection de l\u2019environnement et la sauvegarde de notre plan\u00e8te, \u00abnotre maison \u00e0 tous\u00bb, constituent un des piliers fondamentaux de cette d\u00e9marche.<\/p>\n<p>Auteur: M&rsquo;hammed rahal<br \/>\n<a href=\"http:\/\/albayane.press.ma\/instituer-leducation-au-developpement-durable-comme-une-priorite-imperative.html\">Cliquez ici pour lire l&rsquo;article depuis sa source.<\/a><\/p>\n","protected":false},"excerpt":{"rendered":"<p>Appel de SAR la Princesse Lalla Hasnaa \u00e0 la Communaut\u00e9 internationale Son Altesse Royale la Princesse Lalla Hasnaa, Pr\u00e9sidente de la Fondation Mohammed VI pour la Protection de l\u2019Environnement, a appel\u00e9, lundi, la communaut\u00e9 internationale \u00e0 s\u2019engager r\u00e9solument, pendant cette d\u00e9cennie, \u00e0 instituer l\u2019\u00e9ducation au d\u00e9veloppement durable comme une priorit\u00e9 imp\u00e9rative, soulignant le caract\u00e8re urgent [&hellip;]<\/p>\n","protected":false},"author":1760,"featured_media":0,"comment_status":"closed","ping_status":"closed","sticky":false,"template":"","format":"standard","meta":{"fifu_image_url":"","fifu_image_alt":"","footnotes":""},"categories":[73,54],"tags":[],"class_list":["post-116939","post","type-post","status-publish","format-standard","hentry","category-actualite","category-maroc"],"_links":{"self":[{"href":"https:\/\/linitiative.ca\/International\/wp-json\/wp\/v2\/posts\/116939","targetHints":{"allow":["GET"]}}],"collection":[{"href":"https:\/\/linitiative.ca\/International\/wp-json\/wp\/v2\/posts"}],"about":[{"href":"https:\/\/linitiative.ca\/International\/wp-json\/wp\/v2\/types\/post"}],"author":[{"embeddable":true,"href":"https:\/\/linitiative.ca\/International\/wp-json\/wp\/v2\/users\/1760"}],"replies":[{"embeddable":true,"href":"https:\/\/linitiative.ca\/International\/wp-json\/wp\/v2\/comments?post=116939"}],"version-history":[{"count":0,"href":"https:\/\/linitiative.ca\/International\/wp-json\/wp\/v2\/posts\/116939\/revisions"}],"wp:attachment":[{"href":"https:\/\/linitiative.ca\/International\/wp-json\/wp\/v2\/media?parent=116939"}],"wp:term":[{"taxonomy":"category","embeddable":true,"href":"https:\/\/linitiative.ca\/International\/wp-json\/wp\/v2\/categories?post=116939"},{"taxonomy":"post_tag","embeddable":true,"href":"https:\/\/linitiative.ca\/International\/wp-json\/wp\/v2\/tags?post=116939"}],"curies":[{"name":"wp","href":"https:\/\/api.w.org\/{rel}","templated":true}]}}