{"id":116940,"date":"2021-05-17T14:00:00","date_gmt":"2021-05-17T18:00:00","guid":{"rendered":"https:\/\/linitiative.ca\/International\/accelerer-la-transformation-numerique-en-ces-temps-difficiles\/"},"modified":"2021-05-17T14:00:00","modified_gmt":"2021-05-17T18:00:00","slug":"accelerer-la-transformation-numerique-en-ces-temps-difficiles","status":"publish","type":"post","link":"https:\/\/linitiative.ca\/International\/accelerer-la-transformation-numerique-en-ces-temps-difficiles\/","title":{"rendered":"Acc\u00e9l\u00e9rer la transformation num\u00e9rique en ces temps difficiles"},"content":{"rendered":"<p class=\"has-text-align-center has-vivid-cyan-blue-color has-text-color\"><strong>Le 156<sup>\u00e8me<\/sup> anniversaire de l\u2019UIT<\/strong><\/p>\n<p class=\"has-text-align-right\"><strong>Dr Abdelouahed JRAIFI, Expert T\u00e9l\u00e9com<\/strong><\/p>\n<p><strong>Le 17 mai 2021\u00a0co\u00efncide avec le 156\u00e8me anniversaire de l\u2019Union Internationale des T\u00e9l\u00e9communications (UIT) et qui aura pour th\u00e8me\u00a0: Acc\u00e9l\u00e9rer la transformation num\u00e9rique en ces temps difficiles. Le choix de ce th\u00e8me est judicieux dans la mesure o\u00f9 il permettra aux diff\u00e9rents pays membres de l\u2019UIT, en particulier ceux en voie de d\u00e9veloppement, d\u2019entreprendre les mesures n\u00e9cessaires pour activer la transformation digitale en cette p\u00e9riode critique.<\/strong><\/p>\n<p>La crise li\u00e9e \u00e0 la pand\u00e9mie Covid-19 a non seulement montr\u00e9 l\u2019importance des technologies de l\u2019information et de la communication (TIC) pour les pays et qui p\u00e8se de mani\u00e8re significative dans l\u2019\u00e9conomie, elle a aussi mis en \u00e9vidence la fracture num\u00e9rique \u00e0 cause des in\u00e9galit\u00e9s flagrantes entre les pays et au sein des pays dans le domaine du num\u00e9rique.<\/p>\n<p>L\u2019acc\u00e9l\u00e9ration de la transformation num\u00e9rique est un processus qui prend du temps et qui n\u00e9cessite de l\u2019investissement dans le capital humain. Pour ne pas laisser une part importante d\u2019individus en dehors du processus de la transformation num\u00e9rique et \u00e9viter son ralentissement, \u00e0 cause de l\u2019illectronisme (digital illiteracy), il serait\u00a0salutaire pour le secteur de d\u00e9veloppement UIT (UIT-D), d\u2019adopter un programme de lutte contre l\u2019illettrisme num\u00e9rique, en \u00e9troite collaboration avec les diff\u00e9rents gouvernements, afin d\u2019acc\u00e9l\u00e9rer la transformation num\u00e9rique en ces temps difficiles.<\/p>\n<p>Auteur: M&rsquo;hammed rahal<br \/>\n<a href=\"http:\/\/albayane.press.ma\/accelerer-la-transformation-numerique-en-ces-temps-difficiles.html\">Cliquez ici pour lire l&rsquo;article depuis sa source.<\/a><\/p>\n","protected":false},"excerpt":{"rendered":"<p>Le 156\u00e8me anniversaire de l\u2019UIT Dr Abdelouahed JRAIFI, Expert T\u00e9l\u00e9com Le 17 mai 2021\u00a0co\u00efncide avec le 156\u00e8me anniversaire de l\u2019Union Internationale des T\u00e9l\u00e9communications (UIT) et qui aura pour th\u00e8me\u00a0: Acc\u00e9l\u00e9rer la transformation num\u00e9rique en ces temps difficiles. Le choix de ce th\u00e8me est judicieux dans la mesure o\u00f9 il permettra aux diff\u00e9rents pays membres de [&hellip;]<\/p>\n","protected":false},"author":1760,"featured_media":0,"comment_status":"closed","ping_status":"closed","sticky":false,"template":"","format":"standard","meta":{"fifu_image_url":"","fifu_image_alt":"","footnotes":""},"categories":[73,54],"tags":[],"class_list":["post-116940","post","type-post","status-publish","format-standard","hentry","category-actualite","category-maroc"],"_links":{"self":[{"href":"https:\/\/linitiative.ca\/International\/wp-json\/wp\/v2\/posts\/116940","targetHints":{"allow":["GET"]}}],"collection":[{"href":"https:\/\/linitiative.ca\/International\/wp-json\/wp\/v2\/posts"}],"about":[{"href":"https:\/\/linitiative.ca\/International\/wp-json\/wp\/v2\/types\/post"}],"author":[{"embeddable":true,"href":"https:\/\/linitiative.ca\/International\/wp-json\/wp\/v2\/users\/1760"}],"replies":[{"embeddable":true,"href":"https:\/\/linitiative.ca\/International\/wp-json\/wp\/v2\/comments?post=116940"}],"version-history":[{"count":0,"href":"https:\/\/linitiative.ca\/International\/wp-json\/wp\/v2\/posts\/116940\/revisions"}],"wp:attachment":[{"href":"https:\/\/linitiative.ca\/International\/wp-json\/wp\/v2\/media?parent=116940"}],"wp:term":[{"taxonomy":"category","embeddable":true,"href":"https:\/\/linitiative.ca\/International\/wp-json\/wp\/v2\/categories?post=116940"},{"taxonomy":"post_tag","embeddable":true,"href":"https:\/\/linitiative.ca\/International\/wp-json\/wp\/v2\/tags?post=116940"}],"curies":[{"name":"wp","href":"https:\/\/api.w.org\/{rel}","templated":true}]}}