{"id":116943,"date":"2021-05-18T08:29:19","date_gmt":"2021-05-18T12:29:19","guid":{"rendered":"https:\/\/linitiative.ca\/International\/ghannouchi-exhorte-les-pays-arabes-a-denoncer-les-attaques-sionistes\/"},"modified":"2021-05-18T08:29:19","modified_gmt":"2021-05-18T12:29:19","slug":"ghannouchi-exhorte-les-pays-arabes-a-denoncer-les-attaques-sionistes","status":"publish","type":"post","link":"https:\/\/linitiative.ca\/International\/ghannouchi-exhorte-les-pays-arabes-a-denoncer-les-attaques-sionistes\/","title":{"rendered":"Ghannouchi exhorte les pays arabes \u00e0 d\u00e9noncer les attaques sionistes"},"content":{"rendered":"<p>Lors de l\u2019ouverture des travaux de la s\u00e9ance pl\u00e9ni\u00e8re, ce mardi 18 mai 2021, le pr\u00e9sident de l\u2019Assembl\u00e9e des repr\u00e9sentants du Peuple, Rached Ghannouchi, a d\u00e9nonc\u00e9 l\u2019attaque sioniste contre la Palestine.<\/p>\n<p>\u00ab\u00a0Les exactions de l\u2019entit\u00e9 sioniste sont des crimes contre l\u2019humanit\u00e9\u00a0\u00bb, a d\u00e9clar\u00e9 Ghannouchi qui appelle les gouvernements et parlements arabes \u00e0 coordonner leurs efforts pour apporter le soutien n\u00e9cessaire au peuple palestinien et d\u00e9noncer les attaques sionistes.<\/p>\n<p>espacemanager<\/p>\n<div class=\"wp-post-author-wrap wp-post-author-shortcode left\">\n<h3 class=\"awpa-title\"\/>\n<div class=\"wp-post-author\">\n<div class=\"awpa-img awpa-author-block square\"><a href=\"http:\/\/lexpertjournal.net\/fr\/?author=5\"><img loading=\"lazy\" decoding=\"async\" alt=\"\" src=\"http:\/\/0.gravatar.com\/avatar\/97f8e10a1c1125ba104a76514ee07b16?s=150&amp;d=mm&amp;r=g\" srcset=\"http:\/\/0.gravatar.com\/avatar\/97f8e10a1c1125ba104a76514ee07b16?s=300&amp;d=mm&amp;r=g 2x\" class=\"avatar avatar-150 photo\" height=\"150\" width=\"150\"\/><\/a><\/div>\n<\/div>\n<\/div>\n<aside class=\"mashsb-container mashsb-main mashsb-stretched\">\n<\/aside>\n<p>Auteur: L&rsquo;expert<br \/>\n<a href=\"http:\/\/lexpertjournal.net\/fr\/?p=20072\">Cliquez ici pour lire l&rsquo;article depuis sa source.<\/a><\/p>\n","protected":false},"excerpt":{"rendered":"<p>Lors de l\u2019ouverture des travaux de la s\u00e9ance pl\u00e9ni\u00e8re, ce mardi 18 mai 2021, le pr\u00e9sident de l\u2019Assembl\u00e9e des repr\u00e9sentants du Peuple, Rached Ghannouchi, a d\u00e9nonc\u00e9 l\u2019attaque sioniste contre la Palestine. \u00ab\u00a0Les exactions de l\u2019entit\u00e9 sioniste sont des crimes contre l\u2019humanit\u00e9\u00a0\u00bb, a d\u00e9clar\u00e9 Ghannouchi qui appelle les gouvernements et parlements arabes \u00e0 coordonner leurs efforts [&hellip;]<\/p>\n","protected":false},"author":1775,"featured_media":0,"comment_status":"closed","ping_status":"closed","sticky":false,"template":"","format":"standard","meta":{"fifu_image_url":"http:\/\/0.gravatar.com\/avatar\/97f8e10a1c1125ba104a76514ee07b16?s=150&d=mm&r=g","fifu_image_alt":"Ghannouchi exhorte les pays arabes \u00e0 d\u00e9noncer les attaques sionistes","footnotes":""},"categories":[78,55],"tags":[],"class_list":["post-116943","post","type-post","status-publish","format-standard","hentry","category-economie","category-tunisie"],"_links":{"self":[{"href":"https:\/\/linitiative.ca\/International\/wp-json\/wp\/v2\/posts\/116943","targetHints":{"allow":["GET"]}}],"collection":[{"href":"https:\/\/linitiative.ca\/International\/wp-json\/wp\/v2\/posts"}],"about":[{"href":"https:\/\/linitiative.ca\/International\/wp-json\/wp\/v2\/types\/post"}],"author":[{"embeddable":true,"href":"https:\/\/linitiative.ca\/International\/wp-json\/wp\/v2\/users\/1775"}],"replies":[{"embeddable":true,"href":"https:\/\/linitiative.ca\/International\/wp-json\/wp\/v2\/comments?post=116943"}],"version-history":[{"count":0,"href":"https:\/\/linitiative.ca\/International\/wp-json\/wp\/v2\/posts\/116943\/revisions"}],"wp:attachment":[{"href":"https:\/\/linitiative.ca\/International\/wp-json\/wp\/v2\/media?parent=116943"}],"wp:term":[{"taxonomy":"category","embeddable":true,"href":"https:\/\/linitiative.ca\/International\/wp-json\/wp\/v2\/categories?post=116943"},{"taxonomy":"post_tag","embeddable":true,"href":"https:\/\/linitiative.ca\/International\/wp-json\/wp\/v2\/tags?post=116943"}],"curies":[{"name":"wp","href":"https:\/\/api.w.org\/{rel}","templated":true}]}}