{"id":116944,"date":"2021-05-18T08:33:07","date_gmt":"2021-05-18T12:33:07","guid":{"rendered":"https:\/\/linitiative.ca\/International\/habib-ammar-la-vaccination-des-professionnels-du-tourisme-devrait-etre-une-priorite\/"},"modified":"2021-05-18T08:33:07","modified_gmt":"2021-05-18T12:33:07","slug":"habib-ammar-la-vaccination-des-professionnels-du-tourisme-devrait-etre-une-priorite","status":"publish","type":"post","link":"https:\/\/linitiative.ca\/International\/habib-ammar-la-vaccination-des-professionnels-du-tourisme-devrait-etre-une-priorite\/","title":{"rendered":"Habib Ammar: \u00ab\u00a0La vaccination des professionnels du tourisme devrait \u00eatre une priorit\u00e9\u00a0\u00bb"},"content":{"rendered":"<div class=\"field field-name-body field-type-text-with-summary field-label-hidden field-items field-item even\">\n<p>Dans une d\u00e9claration ce mardi 18 mai sur Shems FM, le ministre du Tourisme et de l\u2019Artisanat, Habib Ammar, a estim\u00e9 que les agents et professionnels du tourisme devraient \u00eatre prioritaires dans la vaccination. Et ce, afin que le secteur du tourisme retrouve son lustre dans les plus brefs d\u00e9lais, ce qui peut se r\u00e9percuter positivement sur toute l\u2019\u00e9conomie nationale.<\/p>\n<p>A plusieurs reprises et depuis deux mois, nous avons demand\u00e9 que la priorit\u00e9 de la vaccination soit accord\u00e9e aussi aux employ\u00e9s et professionnels du secteur touristique et autres secteurs sensibles. Car le tourisme est le secteur qui va permettre la reprise \u00e9conomique et am\u00e9liorer les entr\u00e9es en devises au pays\u00a0\u00bb, a lanc\u00e9 le ministre.<\/p>\n<p>Et le ministre de rappeler que le pays a fait de grands sacrifices au niveau du secteur touristique car rien n\u2019est plus important que la sant\u00e9 du citoyen.<\/p>\n<p>Par ailleurs, le ministre a rappel\u00e9 que le tourisme et l\u2019artisanat sont parmi les secteurs les plus touch\u00e9s par la pand\u00e9mie: une baisse de 70% au niveau des entr\u00e9es, de 80% au niveau des nuit\u00e9es et de 64% au niveau des revenus touristiques en 2020.<\/p>\n<\/div>\n<div class=\"view view-frontpage view-id-frontpage view-display-id-block_related view-dom-id-ff223eb54d5274abb4f49deb90eca73a view-content list-group\"><strong>espacemanager<\/strong><\/div>\n<div class=\"wp-post-author-wrap wp-post-author-shortcode left\">\n<h3 class=\"awpa-title\"\/>\n<div class=\"wp-post-author\">\n<div class=\"awpa-img awpa-author-block square\"><a href=\"http:\/\/lexpertjournal.net\/fr\/?author=5\"><img loading=\"lazy\" decoding=\"async\" alt=\"\" src=\"http:\/\/0.gravatar.com\/avatar\/97f8e10a1c1125ba104a76514ee07b16?s=150&amp;d=mm&amp;r=g\" srcset=\"http:\/\/0.gravatar.com\/avatar\/97f8e10a1c1125ba104a76514ee07b16?s=300&amp;d=mm&amp;r=g 2x\" class=\"avatar avatar-150 photo\" height=\"150\" width=\"150\"\/><\/a><\/div>\n<\/div>\n<\/div>\n<aside class=\"mashsb-container mashsb-main mashsb-stretched\">\n<\/aside>\n<p>Auteur: L&rsquo;expert<br \/>\n<a href=\"http:\/\/lexpertjournal.net\/fr\/?p=20074\">Cliquez ici pour lire l&rsquo;article depuis sa source.<\/a><\/p>\n","protected":false},"excerpt":{"rendered":"<p>Dans une d\u00e9claration ce mardi 18 mai sur Shems FM, le ministre du Tourisme et de l\u2019Artisanat, Habib Ammar, a estim\u00e9 que les agents et professionnels du tourisme devraient \u00eatre prioritaires dans la vaccination. Et ce, afin que le secteur du tourisme retrouve son lustre dans les plus brefs d\u00e9lais, ce qui peut se r\u00e9percuter [&hellip;]<\/p>\n","protected":false},"author":1775,"featured_media":0,"comment_status":"closed","ping_status":"closed","sticky":false,"template":"","format":"standard","meta":{"fifu_image_url":"http:\/\/0.gravatar.com\/avatar\/97f8e10a1c1125ba104a76514ee07b16?s=150&d=mm&r=g","fifu_image_alt":"Habib Ammar: \u00ab\u00a0La vaccination des professionnels du tourisme devrait \u00eatre une priorit\u00e9\u00a0\u00bb","footnotes":""},"categories":[78,55],"tags":[],"class_list":["post-116944","post","type-post","status-publish","format-standard","hentry","category-economie","category-tunisie"],"_links":{"self":[{"href":"https:\/\/linitiative.ca\/International\/wp-json\/wp\/v2\/posts\/116944","targetHints":{"allow":["GET"]}}],"collection":[{"href":"https:\/\/linitiative.ca\/International\/wp-json\/wp\/v2\/posts"}],"about":[{"href":"https:\/\/linitiative.ca\/International\/wp-json\/wp\/v2\/types\/post"}],"author":[{"embeddable":true,"href":"https:\/\/linitiative.ca\/International\/wp-json\/wp\/v2\/users\/1775"}],"replies":[{"embeddable":true,"href":"https:\/\/linitiative.ca\/International\/wp-json\/wp\/v2\/comments?post=116944"}],"version-history":[{"count":0,"href":"https:\/\/linitiative.ca\/International\/wp-json\/wp\/v2\/posts\/116944\/revisions"}],"wp:attachment":[{"href":"https:\/\/linitiative.ca\/International\/wp-json\/wp\/v2\/media?parent=116944"}],"wp:term":[{"taxonomy":"category","embeddable":true,"href":"https:\/\/linitiative.ca\/International\/wp-json\/wp\/v2\/categories?post=116944"},{"taxonomy":"post_tag","embeddable":true,"href":"https:\/\/linitiative.ca\/International\/wp-json\/wp\/v2\/tags?post=116944"}],"curies":[{"name":"wp","href":"https:\/\/api.w.org\/{rel}","templated":true}]}}