{"id":116945,"date":"2021-05-18T05:30:00","date_gmt":"2021-05-18T09:30:00","guid":{"rendered":"https:\/\/linitiative.ca\/International\/neuf-morts-dont-trois-suppletifs-civils\/"},"modified":"2021-05-18T05:30:00","modified_gmt":"2021-05-18T09:30:00","slug":"neuf-morts-dont-trois-suppletifs-civils","status":"publish","type":"post","link":"https:\/\/linitiative.ca\/International\/neuf-morts-dont-trois-suppletifs-civils\/","title":{"rendered":"Neuf morts, dont trois suppl\u00e9tifs civils"},"content":{"rendered":"<div id=\"originalText\" readability=\"64\">\n<p>Au moins neuf personnes, dont trois suppl\u00e9tifs civils enr\u00f4l\u00e9s dans la lutte antijihadiste au Burkina Faso, ont \u00e9t\u00e9 tu\u00e9es dimanche lors d&rsquo;une attaque dans la commune de Pissila, dans le nord du pays, ont indiqu\u00e9 hier des sources s\u00e9curitaire et locale. \u201cDes \u00e9l\u00e9ments des groupes terroristes ont attaqu\u00e9 le village de Palsegu\u00e9, dans la commune de Pissila, hier (dimanche) matin, faisant neuf morts parmi les populations\u201d, a d\u00e9clar\u00e9 \u00e0 l&rsquo;AFP une source s\u00e9curitaire. \u201cOn d\u00e9nombre malheureusement trois VDP (volontaires pour la d\u00e9fense de la patrie) parmi les neuf victimes, parmi lesquelles \u00e9galement le chef du village\u201d, a pr\u00e9cis\u00e9 \u00e0 l&rsquo;AFP un responsable local, joint \u00e0 Pissila, soulignant que \u201ctrois autres personnes sont toujours port\u00e9es disparues\u201d. \u201cLa riposte qui a \u00e9t\u00e9 donn\u00e9e avec le soutien des FDS (forces de d\u00e9fense et de s\u00e9curit\u00e9) a permis de neutraliser des terroristes, de proc\u00e9der \u00e0 l&rsquo;enl\u00e8vement des corps dans un premier temps et de lancer un ratissage\u201d, a poursuivi ce responsable, sans donner de bilan pr\u00e9cis sur le nombre de jihadistes tu\u00e9s. \u201cL&rsquo;attaque a eu lieu aux environs de 9h00 au moment o\u00f9 les hommes du village et des volontaires tenaient une rencontre de concertation apr\u00e8s le constat d&rsquo;une s\u00e9rie d&rsquo;incidents et des attaques dans la zone\u201d, a-t-il expliqu\u00e9.\u00a0\u00a0<br \/>Selon un \u00e9lu local \u00e0 Pissila, situ\u00e9 \u00e0 une trentaine de kilom\u00e8tres de Kaya, chef-lieu de la province du Sanmatenga et de la r\u00e9gion du Centre-Nord, la localit\u00e9 accueille depuis plusieurs jours des centaines de d\u00e9plac\u00e9s, fuyant les attaques.\u00a0 Cr\u00e9\u00e9s en d\u00e9cembre 2019, les VDP sont des suppl\u00e9tifs civils qui interviennent aux c\u00f4t\u00e9s des forces arm\u00e9es pour des missions de surveillance, d&rsquo;information et de protection apr\u00e8s une formation militaire de 14 jours.\u00a0<br \/>Ils font \u00e9galement office de pisteurs et combattent souvent avec l&rsquo;arm\u00e9e, payant un lourd tribut, avec plus de 200 morts dans leurs rangs depuis 2020, selon un d\u00e9compte de l&rsquo;AFP. Face \u00e0 la recrudescence des violences jihadistes qui ont occasionn\u00e9 plus de 17 000 nouveaux d\u00e9plac\u00e9s en 10 jours, les forces arm\u00e9es du Burkina Faso ont lanc\u00e9 le 5 mai une op\u00e9ration antijihadiste dans les r\u00e9gions du nord et du Sahel du pays.\u00a0 Le Burkina Faso, frontalier du Mali et du Niger en proie aux attaques jihadistes, en est \u00e9galement la victime r\u00e9guli\u00e8re depuis 2015.\u00a0<br \/>Elles ont fait depuis 2015 plus de 1300 morts et plus d&rsquo;un million de d\u00e9plac\u00e9s, fuyant les zones de violences.<\/p>\n<p class=\"c6\"><strong>AFP<\/strong><\/p>\n<\/div>\n<div id=\"text_core\" readability=\"64\">\n<p>Au moins neuf personnes, dont trois suppl\u00e9tifs civils enr\u00f4l\u00e9s dans la lutte antijihadiste au Burkina Faso, ont \u00e9t\u00e9 tu\u00e9es dimanche lors d&rsquo;une attaque dans la commune de Pissila, dans le nord du pays, ont indiqu\u00e9 hier des sources s\u00e9curitaire et locale. \u201cDes \u00e9l\u00e9ments des groupes terroristes ont attaqu\u00e9 le village de Palsegu\u00e9, dans la commune de Pissila, hier (dimanche) matin, faisant neuf morts parmi les populations\u201d, a d\u00e9clar\u00e9 \u00e0 l&rsquo;AFP une source s\u00e9curitaire. \u201cOn d\u00e9nombre malheureusement trois VDP (volontaires pour la d\u00e9fense de la patrie) parmi les neuf victimes, parmi lesquelles \u00e9galement le chef du village\u201d, a pr\u00e9cis\u00e9 \u00e0 l&rsquo;AFP un responsable local, joint \u00e0 Pissila, soulignant que \u201ctrois autres personnes sont toujours port\u00e9es disparues\u201d. \u201cLa riposte qui a \u00e9t\u00e9 donn\u00e9e avec le soutien des FDS (forces de d\u00e9fense et de s\u00e9curit\u00e9) a permis de neutraliser des terroristes, de proc\u00e9der \u00e0 l&rsquo;enl\u00e8vement des corps dans un premier temps et de lancer un ratissage\u201d, a poursuivi ce responsable, sans donner de bilan pr\u00e9cis sur le nombre de jihadistes tu\u00e9s. \u201cL&rsquo;attaque a eu lieu aux environs de 9h00 au moment o\u00f9 les hommes du village et des volontaires tenaient une rencontre de concertation apr\u00e8s le constat d&rsquo;une s\u00e9rie d&rsquo;incidents et des attaques dans la zone\u201d, a-t-il expliqu\u00e9.\u00a0\u00a0<br \/>Selon un \u00e9lu local \u00e0 Pissila, situ\u00e9 \u00e0 une trentaine de kilom\u00e8tres de Kaya, chef-lieu de la province du Sanmatenga et de la r\u00e9gion du Centre-Nord, la localit\u00e9 accueille depuis plusieurs jours des centaines de d\u00e9plac\u00e9s, fuyant les attaques.\u00a0 Cr\u00e9\u00e9s en d\u00e9cembre 2019, les VDP sont des suppl\u00e9tifs civils qui interviennent aux c\u00f4t\u00e9s des forces arm\u00e9es pour des missions de surveillance, d&rsquo;information et de protection apr\u00e8s une formation militaire de 14 jours.\u00a0<br \/>Ils font \u00e9galement office de pisteurs et combattent souvent avec l&rsquo;arm\u00e9e, payant un lourd tribut, avec plus de 200 morts dans leurs rangs depuis 2020, selon un d\u00e9compte de l&rsquo;AFP. Face \u00e0 la recrudescence des violences jihadistes qui ont occasionn\u00e9 plus de 17 000 nouveaux d\u00e9plac\u00e9s en 10 jours, les forces arm\u00e9es du Burkina Faso ont lanc\u00e9 le 5 mai une op\u00e9ration antijihadiste dans les r\u00e9gions du nord et du Sahel du pays.\u00a0 Le Burkina Faso, frontalier du Mali et du Niger en proie aux attaques jihadistes, en est \u00e9galement la victime r\u00e9guli\u00e8re depuis 2015.\u00a0<br \/>Elles ont fait depuis 2015 plus de 1300 morts et plus d&rsquo;un million de d\u00e9plac\u00e9s, fuyant les zones de violences.<\/p>\n<p class=\"c6\"><strong>AFP<\/strong><\/p>\n<\/div>\n<p>Auteur:<br \/>\n<a href=\"https:\/\/www.liberte-algerie.com\/international\/neuf-morts-dont-trois-suppletifs-civils-358913\">Cliquez ici pour lire l&rsquo;article depuis sa source.<\/a><\/p>\n","protected":false},"excerpt":{"rendered":"<p>Au moins neuf personnes, dont trois suppl\u00e9tifs civils enr\u00f4l\u00e9s dans la lutte antijihadiste au Burkina Faso, ont \u00e9t\u00e9 tu\u00e9es dimanche lors d&rsquo;une attaque dans la commune de Pissila, dans le nord du pays, ont indiqu\u00e9 hier des sources s\u00e9curitaire et locale. \u201cDes \u00e9l\u00e9ments des groupes terroristes ont attaqu\u00e9 le village de Palsegu\u00e9, dans la commune [&hellip;]<\/p>\n","protected":false},"author":1742,"featured_media":0,"comment_status":"closed","ping_status":"closed","sticky":false,"template":"","format":"standard","meta":{"fifu_image_url":"","fifu_image_alt":"","footnotes":""},"categories":[73,53],"tags":[],"class_list":["post-116945","post","type-post","status-publish","format-standard","hentry","category-actualite","category-algerie"],"_links":{"self":[{"href":"https:\/\/linitiative.ca\/International\/wp-json\/wp\/v2\/posts\/116945","targetHints":{"allow":["GET"]}}],"collection":[{"href":"https:\/\/linitiative.ca\/International\/wp-json\/wp\/v2\/posts"}],"about":[{"href":"https:\/\/linitiative.ca\/International\/wp-json\/wp\/v2\/types\/post"}],"author":[{"embeddable":true,"href":"https:\/\/linitiative.ca\/International\/wp-json\/wp\/v2\/users\/1742"}],"replies":[{"embeddable":true,"href":"https:\/\/linitiative.ca\/International\/wp-json\/wp\/v2\/comments?post=116945"}],"version-history":[{"count":0,"href":"https:\/\/linitiative.ca\/International\/wp-json\/wp\/v2\/posts\/116945\/revisions"}],"wp:attachment":[{"href":"https:\/\/linitiative.ca\/International\/wp-json\/wp\/v2\/media?parent=116945"}],"wp:term":[{"taxonomy":"category","embeddable":true,"href":"https:\/\/linitiative.ca\/International\/wp-json\/wp\/v2\/categories?post=116945"},{"taxonomy":"post_tag","embeddable":true,"href":"https:\/\/linitiative.ca\/International\/wp-json\/wp\/v2\/tags?post=116945"}],"curies":[{"name":"wp","href":"https:\/\/api.w.org\/{rel}","templated":true}]}}