{"id":116946,"date":"2021-05-18T05:30:00","date_gmt":"2021-05-18T09:30:00","guid":{"rendered":"https:\/\/linitiative.ca\/International\/plus-de-80-migrants-arrivent-a-la-nage-a-ceuta\/"},"modified":"2021-05-18T05:30:00","modified_gmt":"2021-05-18T09:30:00","slug":"plus-de-80-migrants-arrivent-a-la-nage-a-ceuta","status":"publish","type":"post","link":"https:\/\/linitiative.ca\/International\/plus-de-80-migrants-arrivent-a-la-nage-a-ceuta\/","title":{"rendered":"Plus de 80 migrants arrivent \u00e0 la nage \u00e0 Ceuta"},"content":{"rendered":"<div id=\"originalText\" readability=\"58\">\n<p>Plus de 80 migrants ont rejoint hier \u00e0 la nage l&rsquo;enclave espagnole de Ceuta depuis le Maroc voisin, a indiqu\u00e9 la Garde civile espagnole.\u00a0<br \/>Les migrants, dont \u201cquelques\u201d mineurs, sont partis dans la nuit depuis des plages situ\u00e9es \u00e0 quelques kilom\u00e8tres au sud de Ceuta et ont \u00e9t\u00e9 arr\u00eat\u00e9s lorsqu&rsquo;ils sont entr\u00e9s sur le territoire espagnol, a d\u00e9clar\u00e9 un porte-parole de la Garde civile \u00e0 Ceuta. Au moins deux familles ont \u00e9galement rejoint Ceuta depuis le Maroc sur des canots pneumatiques de plage. Fin avril, une centaine de migrants avaient d\u00e9j\u00e0 rejoint \u00e0 la nage Ceuta depuis le Maroc durant un week-end, par groupes de 20 \u00e0 30. La plupart d&rsquo;entre eux ont ensuite \u00e9t\u00e9 expuls\u00e9s vers le Maroc.<\/p>\n<p>Ces arriv\u00e9es de migrants depuis le Maroc \u00e0 Ceuta interviennent dans un contexte de tensions diplomatiques entre Madrid et Rabat. Le Maroc, alli\u00e9 cl\u00e9 de Madrid dans la lutte contre l&rsquo;immigration ill\u00e9gale, a convoqu\u00e9 fin avril l&rsquo;ambassadeur espagnol \u00e0 Rabat pour exprimer son \u201cexasp\u00e9ration\u201d \u00e0 l&rsquo;\u00e9gard de l&rsquo;accueil en Espagne, pour y \u00eatre soign\u00e9, du chef des ind\u00e9pendantistes sahraouis du Front Polisario, Brahim Ghali. Le conflit au Sahara occidental, ancienne colonie espagnole class\u00e9e \u201cterritoire non autonome\u201d par les Nations unies en l&rsquo;absence d&rsquo;un r\u00e8glement d\u00e9finitif, oppose depuis plus de 45 ans le Maroc au Front Polisario, soutenu par l&rsquo;Alg\u00e9rie.\u00a0 Le Polisario r\u00e9clame un r\u00e9f\u00e9rendum d&rsquo;autod\u00e9termination alors que Rabat, qui consid\u00e8re le Sahara comme une \u201ccause nationale\u201d, propose une autonomie sous sa souverainet\u00e9.\u00a0 Des migrants tentent r\u00e9guli\u00e8rement d&rsquo;atteindre Ceuta \u00e0 la nage ou en escaladant les hautes cl\u00f4tures frontali\u00e8res qui s\u00e9parent l&rsquo;enclave du Maroc. Ceuta et Melilla, l&rsquo;autre enclave espagnole situ\u00e9e sur la c\u00f4te marocaine, constituent les seules fronti\u00e8res terrestres de l&rsquo;Union europ\u00e9enne avec l&rsquo;Afrique.\u00a0<\/p>\n<p class=\"c6\">AFP<\/p>\n<\/div>\n<div id=\"text_core\" readability=\"58\">\n<p>Plus de 80 migrants ont rejoint hier \u00e0 la nage l&rsquo;enclave espagnole de Ceuta depuis le Maroc voisin, a indiqu\u00e9 la Garde civile espagnole.\u00a0<br \/>Les migrants, dont \u201cquelques\u201d mineurs, sont partis dans la nuit depuis des plages situ\u00e9es \u00e0 quelques kilom\u00e8tres au sud de Ceuta et ont \u00e9t\u00e9 arr\u00eat\u00e9s lorsqu&rsquo;ils sont entr\u00e9s sur le territoire espagnol, a d\u00e9clar\u00e9 un porte-parole de la Garde civile \u00e0 Ceuta. Au moins deux familles ont \u00e9galement rejoint Ceuta depuis le Maroc sur des canots pneumatiques de plage. Fin avril, une centaine de migrants avaient d\u00e9j\u00e0 rejoint \u00e0 la nage Ceuta depuis le Maroc durant un week-end, par groupes de 20 \u00e0 30. La plupart d&rsquo;entre eux ont ensuite \u00e9t\u00e9 expuls\u00e9s vers le Maroc.<\/p>\n<p>Ces arriv\u00e9es de migrants depuis le Maroc \u00e0 Ceuta interviennent dans un contexte de tensions diplomatiques entre Madrid et Rabat. Le Maroc, alli\u00e9 cl\u00e9 de Madrid dans la lutte contre l&rsquo;immigration ill\u00e9gale, a convoqu\u00e9 fin avril l&rsquo;ambassadeur espagnol \u00e0 Rabat pour exprimer son \u201cexasp\u00e9ration\u201d \u00e0 l&rsquo;\u00e9gard de l&rsquo;accueil en Espagne, pour y \u00eatre soign\u00e9, du chef des ind\u00e9pendantistes sahraouis du Front Polisario, Brahim Ghali. Le conflit au Sahara occidental, ancienne colonie espagnole class\u00e9e \u201cterritoire non autonome\u201d par les Nations unies en l&rsquo;absence d&rsquo;un r\u00e8glement d\u00e9finitif, oppose depuis plus de 45 ans le Maroc au Front Polisario, soutenu par l&rsquo;Alg\u00e9rie.\u00a0 Le Polisario r\u00e9clame un r\u00e9f\u00e9rendum d&rsquo;autod\u00e9termination alors que Rabat, qui consid\u00e8re le Sahara comme une \u201ccause nationale\u201d, propose une autonomie sous sa souverainet\u00e9.\u00a0 Des migrants tentent r\u00e9guli\u00e8rement d&rsquo;atteindre Ceuta \u00e0 la nage ou en escaladant les hautes cl\u00f4tures frontali\u00e8res qui s\u00e9parent l&rsquo;enclave du Maroc. Ceuta et Melilla, l&rsquo;autre enclave espagnole situ\u00e9e sur la c\u00f4te marocaine, constituent les seules fronti\u00e8res terrestres de l&rsquo;Union europ\u00e9enne avec l&rsquo;Afrique.\u00a0<\/p>\n<p class=\"c6\">AFP<\/p>\n<\/div>\n<p>Auteur:<br \/>\n<a href=\"https:\/\/www.liberte-algerie.com\/international\/plus-de-80-migrants-arrivent-a-la-nage-a-ceuta-358912\">Cliquez ici pour lire l&rsquo;article depuis sa source.<\/a><\/p>\n","protected":false},"excerpt":{"rendered":"<p>Plus de 80 migrants ont rejoint hier \u00e0 la nage l&rsquo;enclave espagnole de Ceuta depuis le Maroc voisin, a indiqu\u00e9 la Garde civile espagnole.\u00a0Les migrants, dont \u201cquelques\u201d mineurs, sont partis dans la nuit depuis des plages situ\u00e9es \u00e0 quelques kilom\u00e8tres au sud de Ceuta et ont \u00e9t\u00e9 arr\u00eat\u00e9s lorsqu&rsquo;ils sont entr\u00e9s sur le territoire espagnol, [&hellip;]<\/p>\n","protected":false},"author":1742,"featured_media":0,"comment_status":"closed","ping_status":"closed","sticky":false,"template":"","format":"standard","meta":{"fifu_image_url":"","fifu_image_alt":"","footnotes":""},"categories":[73,53],"tags":[],"class_list":["post-116946","post","type-post","status-publish","format-standard","hentry","category-actualite","category-algerie"],"_links":{"self":[{"href":"https:\/\/linitiative.ca\/International\/wp-json\/wp\/v2\/posts\/116946","targetHints":{"allow":["GET"]}}],"collection":[{"href":"https:\/\/linitiative.ca\/International\/wp-json\/wp\/v2\/posts"}],"about":[{"href":"https:\/\/linitiative.ca\/International\/wp-json\/wp\/v2\/types\/post"}],"author":[{"embeddable":true,"href":"https:\/\/linitiative.ca\/International\/wp-json\/wp\/v2\/users\/1742"}],"replies":[{"embeddable":true,"href":"https:\/\/linitiative.ca\/International\/wp-json\/wp\/v2\/comments?post=116946"}],"version-history":[{"count":0,"href":"https:\/\/linitiative.ca\/International\/wp-json\/wp\/v2\/posts\/116946\/revisions"}],"wp:attachment":[{"href":"https:\/\/linitiative.ca\/International\/wp-json\/wp\/v2\/media?parent=116946"}],"wp:term":[{"taxonomy":"category","embeddable":true,"href":"https:\/\/linitiative.ca\/International\/wp-json\/wp\/v2\/categories?post=116946"},{"taxonomy":"post_tag","embeddable":true,"href":"https:\/\/linitiative.ca\/International\/wp-json\/wp\/v2\/tags?post=116946"}],"curies":[{"name":"wp","href":"https:\/\/api.w.org\/{rel}","templated":true}]}}