{"id":116947,"date":"2021-05-18T08:07:00","date_gmt":"2021-05-18T12:07:00","guid":{"rendered":"https:\/\/linitiative.ca\/International\/karim-younes-limoge-de-son-poste-de-mediateur-de-la-republique\/"},"modified":"2021-05-18T08:07:00","modified_gmt":"2021-05-18T12:07:00","slug":"karim-younes-limoge-de-son-poste-de-mediateur-de-la-republique","status":"publish","type":"post","link":"https:\/\/linitiative.ca\/International\/karim-younes-limoge-de-son-poste-de-mediateur-de-la-republique\/","title":{"rendered":"Karim Younes limog\u00e9 de son poste de m\u00e9diateur de la R\u00e9publique"},"content":{"rendered":"<div id=\"originalText\" readability=\"43\">\n<p>Le pr\u00e9sident Abdelmadjid Tebboune a mis fin, ce mardi, aux fonctions de Karim Younes, en sa qualit\u00e9 de m\u00e9diateur de la R\u00e9publique, un poste qu&rsquo;il occupe depuis f\u00e9vrier 2020.\u00a0<\/p>\n<p>Son rempla\u00e7ant est Ibrahim Mourad, conseiller aupr\u00e8s\u00a0du Chef de l&rsquo;Etat, charg\u00e9 des zones d&rsquo;ombre, selon un communiqu\u00e9 de la pr\u00e9sidence de la R\u00e9publique.\u00a0\u00a0<\/p>\n<p class=\"c6\"><strong>R\u00e9daction Web\u00a0<\/strong><\/p>\n<\/div>\n<div id=\"text_core\" readability=\"43\">\n<p>Le pr\u00e9sident Abdelmadjid Tebboune a mis fin, ce mardi, aux fonctions de Karim Younes, en sa qualit\u00e9 de m\u00e9diateur de la R\u00e9publique, un poste qu&rsquo;il occupe depuis f\u00e9vrier 2020.\u00a0<\/p>\n<p>Son rempla\u00e7ant est Ibrahim Mourad, conseiller aupr\u00e8s\u00a0du Chef de l&rsquo;Etat, charg\u00e9 des zones d&rsquo;ombre, selon un communiqu\u00e9 de la pr\u00e9sidence de la R\u00e9publique.\u00a0\u00a0<\/p>\n<p class=\"c6\"><strong>R\u00e9daction Web\u00a0<\/strong><\/p>\n<\/div>\n<p>Auteur:<br \/>\n<a href=\"https:\/\/www.liberte-algerie.com\/actualite\/karim-younes-limoge-de-son-poste-de-mediateur-de-la-republique-358939\">Cliquez ici pour lire l&rsquo;article depuis sa source.<\/a><\/p>\n","protected":false},"excerpt":{"rendered":"<p>Le pr\u00e9sident Abdelmadjid Tebboune a mis fin, ce mardi, aux fonctions de Karim Younes, en sa qualit\u00e9 de m\u00e9diateur de la R\u00e9publique, un poste qu&rsquo;il occupe depuis f\u00e9vrier 2020.\u00a0 Son rempla\u00e7ant est Ibrahim Mourad, conseiller aupr\u00e8s\u00a0du Chef de l&rsquo;Etat, charg\u00e9 des zones d&rsquo;ombre, selon un communiqu\u00e9 de la pr\u00e9sidence de la R\u00e9publique.\u00a0\u00a0 R\u00e9daction Web\u00a0 Le [&hellip;]<\/p>\n","protected":false},"author":1742,"featured_media":0,"comment_status":"closed","ping_status":"closed","sticky":false,"template":"","format":"standard","meta":{"fifu_image_url":"","fifu_image_alt":"","footnotes":""},"categories":[73,53],"tags":[],"class_list":["post-116947","post","type-post","status-publish","format-standard","hentry","category-actualite","category-algerie"],"_links":{"self":[{"href":"https:\/\/linitiative.ca\/International\/wp-json\/wp\/v2\/posts\/116947","targetHints":{"allow":["GET"]}}],"collection":[{"href":"https:\/\/linitiative.ca\/International\/wp-json\/wp\/v2\/posts"}],"about":[{"href":"https:\/\/linitiative.ca\/International\/wp-json\/wp\/v2\/types\/post"}],"author":[{"embeddable":true,"href":"https:\/\/linitiative.ca\/International\/wp-json\/wp\/v2\/users\/1742"}],"replies":[{"embeddable":true,"href":"https:\/\/linitiative.ca\/International\/wp-json\/wp\/v2\/comments?post=116947"}],"version-history":[{"count":0,"href":"https:\/\/linitiative.ca\/International\/wp-json\/wp\/v2\/posts\/116947\/revisions"}],"wp:attachment":[{"href":"https:\/\/linitiative.ca\/International\/wp-json\/wp\/v2\/media?parent=116947"}],"wp:term":[{"taxonomy":"category","embeddable":true,"href":"https:\/\/linitiative.ca\/International\/wp-json\/wp\/v2\/categories?post=116947"},{"taxonomy":"post_tag","embeddable":true,"href":"https:\/\/linitiative.ca\/International\/wp-json\/wp\/v2\/tags?post=116947"}],"curies":[{"name":"wp","href":"https:\/\/api.w.org\/{rel}","templated":true}]}}