{"id":116949,"date":"2021-05-18T13:08:00","date_gmt":"2021-05-18T17:08:00","guid":{"rendered":"https:\/\/linitiative.ca\/International\/la-frontiere-terrestre-demeurera-fermee-rachad-et-le-mak-classes-organisations-terroristes\/"},"modified":"2021-05-18T13:08:00","modified_gmt":"2021-05-18T17:08:00","slug":"la-frontiere-terrestre-demeurera-fermee-rachad-et-le-mak-classes-organisations-terroristes","status":"publish","type":"post","link":"https:\/\/linitiative.ca\/International\/la-frontiere-terrestre-demeurera-fermee-rachad-et-le-mak-classes-organisations-terroristes\/","title":{"rendered":"La fronti\u00e8re terrestre demeurera ferm\u00e9e, Rachad et le MAK class\u00e9s \u00a0\u00bb organisations terroristes\u00a0\u00bb"},"content":{"rendered":"<div id=\"originalText\" readability=\"74\">\n<p>\u00a0Le pr\u00e9sident de la R\u00e9publique, Abdelmadjid Tebboune, Chef supr\u00eame des forces arm\u00e9es, ministre de la D\u00e9fense nationale, a pr\u00e9sid\u00e9 mardi une r\u00e9union p\u00e9riodique du Haut Conseil de S\u00e9curit\u00e9, a indiqu\u00e9 un communiqu\u00e9 de la Pr\u00e9sidence de la R\u00e9publique.<\/p>\n<p>\u00ab\u00a0Le pr\u00e9sident de la R\u00e9publique, M. Abdelmadjid Tebboune, Chef supr\u00eame des forces arm\u00e9es, ministre de la D\u00e9fense nationale, a pr\u00e9sid\u00e9, mardi 18 mai 2021, une r\u00e9union p\u00e9riodique du Haut Conseil de S\u00e9curit\u00e9\u00a0\u00bb, a pr\u00e9cis\u00e9 le communiqu\u00e9.\u00a0<\/p>\n<p>\u00ab\u00a0Apr\u00e8s avoir \u00e9cout\u00e9 les interventions des membres du Haut Conseil de S\u00e9curit\u00e9 sur les questions inscrites \u00e0 l&rsquo;ordre du jour, le pr\u00e9sident de la R\u00e9publique a examin\u00e9 les mesures relatives \u00e0 l&rsquo;ouverture des fronti\u00e8res a\u00e9riennes et les conditions devant \u00eatre remplies par les voyageurs, avec le maintien des fronti\u00e8res terrestres ferm\u00e9es sauf en cas de n\u00e9cessit\u00e9\u00a0\u00bb, a ajout\u00e9 la m\u00eame source, soulignant que \u00ab\u00a0les mesures d\u00e9taill\u00e9es seront d\u00e9finies par un d\u00e9cret ex\u00e9cutif\u00a0\u00bb.<\/p>\n<p>\u00a0Le Haut Conseil de S\u00e9curit\u00e9 \u00ab\u00a0s&rsquo;est \u00e9galement pench\u00e9 sur les actes hostiles et subversifs commis par les mouvements dits (Rachad) et (MAK) pour d\u00e9stabiliser le pays et attenter \u00e0 sa s\u00e9curit\u00e9, et d\u00e9cid\u00e9, dans ce cadre, de les classer sur la liste des organisations terroristes et de les traiter comme telles\u00a0\u00bb, selon le communiqu\u00e9.<\/p>\n<p>Le Haut Conseil de S\u00e9curit\u00e9 a aussi abord\u00e9 \u00ab\u00a0les derniers pr\u00e9paratifs des \u00e9lections l\u00e9gislatives du 12 juin 2021\u00a0\u00bb. Le Pr\u00e9sident Tebboune \u00ab\u00a0s&rsquo;est dit satisfait des efforts consentis par les institutions de l&rsquo;Etat pour assurer le d\u00e9roulement du rendez-vous \u00e9lectoral dans de bonnes conditions\u00a0\u00bb, a conclu le communiqu\u00e9.<\/p>\n<p class=\"c6\"><strong>APS<\/strong><\/p>\n<\/div>\n<div id=\"text_core\" readability=\"74\">\n<p>\u00a0Le pr\u00e9sident de la R\u00e9publique, Abdelmadjid Tebboune, Chef supr\u00eame des forces arm\u00e9es, ministre de la D\u00e9fense nationale, a pr\u00e9sid\u00e9 mardi une r\u00e9union p\u00e9riodique du Haut Conseil de S\u00e9curit\u00e9, a indiqu\u00e9 un communiqu\u00e9 de la Pr\u00e9sidence de la R\u00e9publique.<\/p>\n<p>\u00ab\u00a0Le pr\u00e9sident de la R\u00e9publique, M. Abdelmadjid Tebboune, Chef supr\u00eame des forces arm\u00e9es, ministre de la D\u00e9fense nationale, a pr\u00e9sid\u00e9, mardi 18 mai 2021, une r\u00e9union p\u00e9riodique du Haut Conseil de S\u00e9curit\u00e9\u00a0\u00bb, a pr\u00e9cis\u00e9 le communiqu\u00e9.\u00a0<\/p>\n<p>\u00ab\u00a0Apr\u00e8s avoir \u00e9cout\u00e9 les interventions des membres du Haut Conseil de S\u00e9curit\u00e9 sur les questions inscrites \u00e0 l&rsquo;ordre du jour, le pr\u00e9sident de la R\u00e9publique a examin\u00e9 les mesures relatives \u00e0 l&rsquo;ouverture des fronti\u00e8res a\u00e9riennes et les conditions devant \u00eatre remplies par les voyageurs, avec le maintien des fronti\u00e8res terrestres ferm\u00e9es sauf en cas de n\u00e9cessit\u00e9\u00a0\u00bb, a ajout\u00e9 la m\u00eame source, soulignant que \u00ab\u00a0les mesures d\u00e9taill\u00e9es seront d\u00e9finies par un d\u00e9cret ex\u00e9cutif\u00a0\u00bb.<\/p>\n<p>\u00a0Le Haut Conseil de S\u00e9curit\u00e9 \u00ab\u00a0s&rsquo;est \u00e9galement pench\u00e9 sur les actes hostiles et subversifs commis par les mouvements dits (Rachad) et (MAK) pour d\u00e9stabiliser le pays et attenter \u00e0 sa s\u00e9curit\u00e9, et d\u00e9cid\u00e9, dans ce cadre, de les classer sur la liste des organisations terroristes et de les traiter comme telles\u00a0\u00bb, selon le communiqu\u00e9.<\/p>\n<p>Le Haut Conseil de S\u00e9curit\u00e9 a aussi abord\u00e9 \u00ab\u00a0les derniers pr\u00e9paratifs des \u00e9lections l\u00e9gislatives du 12 juin 2021\u00a0\u00bb. Le Pr\u00e9sident Tebboune \u00ab\u00a0s&rsquo;est dit satisfait des efforts consentis par les institutions de l&rsquo;Etat pour assurer le d\u00e9roulement du rendez-vous \u00e9lectoral dans de bonnes conditions\u00a0\u00bb, a conclu le communiqu\u00e9.<\/p>\n<p class=\"c6\"><strong>APS<\/strong><\/p>\n<\/div>\n<p>Auteur:<br \/>\n<a href=\"https:\/\/www.liberte-algerie.com\/actualite\/la-frontiere-terrestre-demeurera-fermee-rachad-et-le-mak-classes-organisations-terroristes-358943\">Cliquez ici pour lire l&rsquo;article depuis sa source.<\/a><\/p>\n","protected":false},"excerpt":{"rendered":"<p>\u00a0Le pr\u00e9sident de la R\u00e9publique, Abdelmadjid Tebboune, Chef supr\u00eame des forces arm\u00e9es, ministre de la D\u00e9fense nationale, a pr\u00e9sid\u00e9 mardi une r\u00e9union p\u00e9riodique du Haut Conseil de S\u00e9curit\u00e9, a indiqu\u00e9 un communiqu\u00e9 de la Pr\u00e9sidence de la R\u00e9publique. \u00ab\u00a0Le pr\u00e9sident de la R\u00e9publique, M. Abdelmadjid Tebboune, Chef supr\u00eame des forces arm\u00e9es, ministre de la D\u00e9fense [&hellip;]<\/p>\n","protected":false},"author":1742,"featured_media":0,"comment_status":"closed","ping_status":"closed","sticky":false,"template":"","format":"standard","meta":{"fifu_image_url":"","fifu_image_alt":"","footnotes":""},"categories":[73,53],"tags":[],"class_list":["post-116949","post","type-post","status-publish","format-standard","hentry","category-actualite","category-algerie"],"_links":{"self":[{"href":"https:\/\/linitiative.ca\/International\/wp-json\/wp\/v2\/posts\/116949","targetHints":{"allow":["GET"]}}],"collection":[{"href":"https:\/\/linitiative.ca\/International\/wp-json\/wp\/v2\/posts"}],"about":[{"href":"https:\/\/linitiative.ca\/International\/wp-json\/wp\/v2\/types\/post"}],"author":[{"embeddable":true,"href":"https:\/\/linitiative.ca\/International\/wp-json\/wp\/v2\/users\/1742"}],"replies":[{"embeddable":true,"href":"https:\/\/linitiative.ca\/International\/wp-json\/wp\/v2\/comments?post=116949"}],"version-history":[{"count":0,"href":"https:\/\/linitiative.ca\/International\/wp-json\/wp\/v2\/posts\/116949\/revisions"}],"wp:attachment":[{"href":"https:\/\/linitiative.ca\/International\/wp-json\/wp\/v2\/media?parent=116949"}],"wp:term":[{"taxonomy":"category","embeddable":true,"href":"https:\/\/linitiative.ca\/International\/wp-json\/wp\/v2\/categories?post=116949"},{"taxonomy":"post_tag","embeddable":true,"href":"https:\/\/linitiative.ca\/International\/wp-json\/wp\/v2\/tags?post=116949"}],"curies":[{"name":"wp","href":"https:\/\/api.w.org\/{rel}","templated":true}]}}