{"id":116950,"date":"2021-05-18T10:34:45","date_gmt":"2021-05-18T14:34:45","guid":{"rendered":"https:\/\/linitiative.ca\/International\/mascir-depistage-en-temps-reel-des-patients-negatifs-au-covid-19\/"},"modified":"2021-05-18T10:34:45","modified_gmt":"2021-05-18T14:34:45","slug":"mascir-depistage-en-temps-reel-des-patients-negatifs-au-covid-19","status":"publish","type":"post","link":"https:\/\/linitiative.ca\/International\/mascir-depistage-en-temps-reel-des-patients-negatifs-au-covid-19\/","title":{"rendered":"MAScIR: D\u00e9pistage en temps r\u00e9el des patients n\u00e9gatifs au Covid-19"},"content":{"rendered":"<div readability=\"36\">\n<p>Le centre \u00ab\u00a0Digitalisation &amp; dispositifs micro-\u00e9lectroniques intelligents\u00a0\u00bb de la Fondation MAScIR, relevant de l\u2019Universit\u00e9 Mohammed VI Polytechnique, a mis au point un dispositif pour le d\u00e9pistage en temps r\u00e9el et sans r\u00e9actifs des patients n\u00e9gatifs au Covid-19.<\/p>\n<\/div>\n<div readability=\"120\">\n<p>\u00ab\u00a0Ce dispositif portable et miniaturis\u00e9, pr\u00e9sente plusieurs avantages, notamment l\u2019absence de r\u00e9actifs ou de pr\u00e9paration sp\u00e9cifique pour la r\u00e9alisation du test et l\u2019obtention du r\u00e9sultat sur Smartphone en moins de 20 secondes\u00a0\u00bb, a indiqu\u00e9 MAScIR dans un communiqu\u00e9.<\/p>\n<p>Il s\u2019agit d\u2019un dispositif \u00e9lectronique, miniaturis\u00e9, portable et connect\u00e9 bas\u00e9 sur la technologie de la spectroscopie proche infrarouge (FT-NIR), coupl\u00e9e \u00e0 des mod\u00e8les embarqu\u00e9s d\u2019intelligence artificielle, qui permet de d\u00e9pister en moins de 20 secondes l\u2019absence du Covid-19 dans un \u00e9chantillon nasopharyng\u00e9, pr\u00e9cise la m\u00eame source.<\/p>\n<p>Une fois mis au point, le dispositif a \u00e9t\u00e9 test\u00e9 au niveau du laboratoire avec l\u2019appui de l\u2019H\u00f4pital Militaire de Rabat et l\u2019Institut Pasteur de Casablanca, rel\u00e8ve le communiqu\u00e9, notant que MAScIR a d\u00e9pos\u00e9 un brevet en septembre 2020 puis a soumis le dispositif pour validation aupr\u00e8s du Laboratoire de recherche et d\u2019analyses m\u00e9dicales de la Gendarmerie Royale (LRAM) qui en a \u00e9valu\u00e9 les performances conform\u00e9ment \u00e0 la norme NF EN ISO 15189 : 2012<strong>.<\/strong><\/p>\n<p>Cette \u00e9valuation, qui a concern\u00e9 585 \u00e9chantillons et mis en \u00e9vidence une sensibilit\u00e9 de 94% et une sp\u00e9cificit\u00e9 \u00e0 70%, a fait l\u2019objet d\u2019un rapport de v\u00e9rification des performances de la m\u00e9thode \u00ab\u00a0Rapid Covid-19 IR\u00a0\u00bb \u00e9labor\u00e9 par les experts du LRAM, a soulign\u00e9 la m\u00eame source.<\/p>\n<p>Le premier prototype du \u00ab\u00a0Rapid Covid-19 IR\u00a0\u00bb r\u00e9unit tous les crit\u00e8res de performance n\u00e9cessaires pour le d\u00e9pistage des patients n\u00e9gatifs au SARS-CoV-2 dans les \u00e9chantillons biologiques nasopharyng\u00e9s.<\/p>\n<p>La Direction du M\u00e9dicament et de la Pharmacie (DMP) a affirm\u00e9, suite \u00e0 l\u2019examen du dossier technique et du rapport d\u2019\u00e9valuation du LRAM, que ce dispositif pr\u00e9sente l\u2019avantage d\u2019\u00eatre utilis\u00e9 pour ce type de d\u00e9pistage, poursuit le communiqu\u00e9, pr\u00e9cisant que le \u00ab\u00a0Rapid Covid-19 IR\u00a0\u00bb a \u00e9t\u00e9 d\u00e9velopp\u00e9 dans une logique de screening \u00e0 grande \u00e9chelle pour aider \u00e0 augmenter la capacit\u00e9 globale de d\u00e9pistage et accompagner la reprise progressive de l\u2019activit\u00e9 \u00e9conomique.<\/p>\n<p>\u00ab\u00a0Plusieurs dispositifs ont \u00e9t\u00e9 d\u00e9ploy\u00e9s depuis deux mois au niveau des sites du Groupe Azura. Le +Rapid Covid-19 IR+ d\u00e9velopp\u00e9 par la Fondation permet \u00e0 cet acteur agricole de premier plan, de r\u00e9aliser quotidiennement un d\u00e9pistage de ses salari\u00e9s afin de garantir la s\u00e9curit\u00e9 sanitaire sur l\u2019ensemble de ses sites et d\u2019assurer la continuit\u00e9 de son activit\u00e9\u00a0\u00bb, d\u2019apr\u00e8s MAScIR.<\/p>\n<p>Le centre \u00ab\u00a0Digitalisation &amp; dispositifs micro-\u00e9lectroniques intelligents\u00a0\u00bb a entrepris, \u00e0 l\u2019instar de l\u2019ensemble des centres de la Fondation MAScIR, d\u00e8s le d\u00e9but de la crise sanitaire mondiale due au SARS-CoV-2, l\u2019\u00e9toffement de l\u2019arsenal des solutions permettant de r\u00e9duire le risque sanitaire en renfor\u00e7ant la pr\u00e9vention.<\/p>\n<p>\u00ab\u00a0Fort de son exp\u00e9rience de plus d\u2019une dizaine d\u2019ann\u00e9es dans le d\u00e9veloppement de dispositifs micro\u00e9lectroniques d\u2019analyse en temps r\u00e9el et sans r\u00e9actifs, et technologie de rupture et de pointe, ce centre a \u00e9t\u00e9 prim\u00e9 plusieurs fois \u00e0 l\u2019international\u00a0\u00bb, conclut le communiqu\u00e9.<strong><br \/><\/strong><\/p>\n<p>MAScIR\u00a0est un centre de recherche relevant de l\u2019Universit\u00e9 Mohammed VI Polytechnique, ayant le statut de fondation, qui a pour objet de promouvoir et de d\u00e9velopper au Maroc des p\u00f4les de recherche et d\u00e9veloppement r\u00e9pondant aux besoins du pays en technologies avanc\u00e9es, notamment dans le secteur de la biologie m\u00e9dicale.<\/p>\n<p>Avec une vocation et une ambition de soutenir activement l\u2019innovation au profit du tissu \u00e9conomique et industriel national et de contribuer ainsi \u00e0 la s\u00e9curit\u00e9 \u00e9nerg\u00e9tique, alimentaire et sanitaire du Maroc, la Fondation MAScIR dispose de ressources humaines qualifi\u00e9es et d\u2019\u00e9quipements \u00e0 la pointe de la technologie.<\/p>\n<p>A ce jour, MAScIR a pu d\u00e9poser pr\u00e8s de 190 brevets avec des extensions au niveau r\u00e9gional africain, produire quelques 700 articles scientifiques dans des revues de renomm\u00e9e internationale et mener plus d\u2019une centaine de projets et r\u00e9alisations aupr\u00e8s d\u2019industriels nationaux et \u00e9trangers, montrant ainsi sa maturit\u00e9 et ses capacit\u00e9s en mati\u00e8re de recherche scientifique et de recherche appliqu\u00e9e.<\/p>\n<\/div>\n<p>Auteur: Meriem IGASS<br \/>\n<a href=\"http:\/\/www.mapmarrakech.ma\/fr\/mascir-depistage-en-temps-reel-des-patients-negatifs-au-covid-19\/\">Cliquez ici pour lire l&rsquo;article depuis sa source.<\/a><\/p>\n","protected":false},"excerpt":{"rendered":"<p>Le centre \u00ab\u00a0Digitalisation &amp; dispositifs micro-\u00e9lectroniques intelligents\u00a0\u00bb de la Fondation MAScIR, relevant de l\u2019Universit\u00e9 Mohammed VI Polytechnique, a mis au point un dispositif pour le d\u00e9pistage en temps r\u00e9el et sans r\u00e9actifs des patients n\u00e9gatifs au Covid-19. \u00ab\u00a0Ce dispositif portable et miniaturis\u00e9, pr\u00e9sente plusieurs avantages, notamment l\u2019absence de r\u00e9actifs ou de pr\u00e9paration sp\u00e9cifique pour la [&hellip;]<\/p>\n","protected":false},"author":1788,"featured_media":0,"comment_status":"closed","ping_status":"closed","sticky":false,"template":"","format":"standard","meta":{"fifu_image_url":"","fifu_image_alt":"","footnotes":""},"categories":[54,76],"tags":[],"class_list":["post-116950","post","type-post","status-publish","format-standard","hentry","category-maroc","category-regions"],"_links":{"self":[{"href":"https:\/\/linitiative.ca\/International\/wp-json\/wp\/v2\/posts\/116950","targetHints":{"allow":["GET"]}}],"collection":[{"href":"https:\/\/linitiative.ca\/International\/wp-json\/wp\/v2\/posts"}],"about":[{"href":"https:\/\/linitiative.ca\/International\/wp-json\/wp\/v2\/types\/post"}],"author":[{"embeddable":true,"href":"https:\/\/linitiative.ca\/International\/wp-json\/wp\/v2\/users\/1788"}],"replies":[{"embeddable":true,"href":"https:\/\/linitiative.ca\/International\/wp-json\/wp\/v2\/comments?post=116950"}],"version-history":[{"count":0,"href":"https:\/\/linitiative.ca\/International\/wp-json\/wp\/v2\/posts\/116950\/revisions"}],"wp:attachment":[{"href":"https:\/\/linitiative.ca\/International\/wp-json\/wp\/v2\/media?parent=116950"}],"wp:term":[{"taxonomy":"category","embeddable":true,"href":"https:\/\/linitiative.ca\/International\/wp-json\/wp\/v2\/categories?post=116950"},{"taxonomy":"post_tag","embeddable":true,"href":"https:\/\/linitiative.ca\/International\/wp-json\/wp\/v2\/tags?post=116950"}],"curies":[{"name":"wp","href":"https:\/\/api.w.org\/{rel}","templated":true}]}}