{"id":116951,"date":"2021-05-18T11:59:48","date_gmt":"2021-05-18T15:59:48","guid":{"rendered":"https:\/\/linitiative.ca\/International\/la-caleche-une-composante-incontournable-du-paysage-urbain\/"},"modified":"2021-05-18T11:59:48","modified_gmt":"2021-05-18T15:59:48","slug":"la-caleche-une-composante-incontournable-du-paysage-urbain","status":"publish","type":"post","link":"https:\/\/linitiative.ca\/International\/la-caleche-une-composante-incontournable-du-paysage-urbain\/","title":{"rendered":"La cal\u00e8che, une composante incontournable du paysage urbain"},"content":{"rendered":"<p><iframe loading=\"lazy\" width=\"1170\" height=\"658\" src=\"https:\/\/www.youtube.com\/embed\/h6IlOkJDrPk?feature=oembed\" frameborder=\"0\" allow=\"accelerometer; autoplay; clipboard-write; encrypted-media; gyroscope; picture-in-picture\" allowfullscreen=\"allowfullscreen\">[embedded content]<\/iframe><\/p>\n<div class=\"post-header-inner post-header-title\">\n<p><span class=\"time\"><time class=\"post-published updated\" datetime=\"2021-05-18T15:59:48+00:00\"><strong>18 mai 2021<\/strong><\/time><\/span><\/p>\n<\/div>\n<div class=\"single-post-excerpt post-excerpt-bc\" readability=\"38\">\n<p>Embl\u00e8me par excellence de la cit\u00e9 ocre, la cal\u00e8che a su s\u2019imposer, au fil des ann\u00e9es, voire des d\u00e9cennies, commune l\u2019une des composantes incontournables qui meublent le paysage urbain de la premi\u00e8re destination touristique du Maroc.<\/p>\n<\/div>\n<p>Auteur: Meriem IGASS<br \/>\n<a href=\"http:\/\/www.mapmarrakech.ma\/fr\/la-caleche-une-composante-incontournable-du-paysage-urbain-2\/\">Cliquez ici pour lire l&rsquo;article depuis sa source.<\/a><\/p>\n","protected":false},"excerpt":{"rendered":"<p>[embedded content] 18 mai 2021 Embl\u00e8me par excellence de la cit\u00e9 ocre, la cal\u00e8che a su s\u2019imposer, au fil des ann\u00e9es, voire des d\u00e9cennies, commune l\u2019une des composantes incontournables qui meublent le paysage urbain de la premi\u00e8re destination touristique du Maroc. Auteur: Meriem IGASS Cliquez ici pour lire l&rsquo;article depuis sa source.<\/p>\n","protected":false},"author":1788,"featured_media":0,"comment_status":"closed","ping_status":"closed","sticky":false,"template":"","format":"standard","meta":{"fifu_image_url":"","fifu_image_alt":"","footnotes":""},"categories":[54,76],"tags":[],"class_list":["post-116951","post","type-post","status-publish","format-standard","hentry","category-maroc","category-regions"],"_links":{"self":[{"href":"https:\/\/linitiative.ca\/International\/wp-json\/wp\/v2\/posts\/116951","targetHints":{"allow":["GET"]}}],"collection":[{"href":"https:\/\/linitiative.ca\/International\/wp-json\/wp\/v2\/posts"}],"about":[{"href":"https:\/\/linitiative.ca\/International\/wp-json\/wp\/v2\/types\/post"}],"author":[{"embeddable":true,"href":"https:\/\/linitiative.ca\/International\/wp-json\/wp\/v2\/users\/1788"}],"replies":[{"embeddable":true,"href":"https:\/\/linitiative.ca\/International\/wp-json\/wp\/v2\/comments?post=116951"}],"version-history":[{"count":0,"href":"https:\/\/linitiative.ca\/International\/wp-json\/wp\/v2\/posts\/116951\/revisions"}],"wp:attachment":[{"href":"https:\/\/linitiative.ca\/International\/wp-json\/wp\/v2\/media?parent=116951"}],"wp:term":[{"taxonomy":"category","embeddable":true,"href":"https:\/\/linitiative.ca\/International\/wp-json\/wp\/v2\/categories?post=116951"},{"taxonomy":"post_tag","embeddable":true,"href":"https:\/\/linitiative.ca\/International\/wp-json\/wp\/v2\/tags?post=116951"}],"curies":[{"name":"wp","href":"https:\/\/api.w.org\/{rel}","templated":true}]}}