{"id":116953,"date":"2021-05-18T13:15:13","date_gmt":"2021-05-18T17:15:13","guid":{"rendered":"https:\/\/linitiative.ca\/International\/pres-de-7-millions-de-personnes-ont-recu-leur-1ere-dose-du-vaccin\/"},"modified":"2021-05-18T13:15:13","modified_gmt":"2021-05-18T17:15:13","slug":"pres-de-7-millions-de-personnes-ont-recu-leur-1ere-dose-du-vaccin","status":"publish","type":"post","link":"https:\/\/linitiative.ca\/International\/pres-de-7-millions-de-personnes-ont-recu-leur-1ere-dose-du-vaccin\/","title":{"rendered":"Pr\u00e8s de 7 millions de personnes ont re\u00e7u leur 1\u00e8re dose du vaccin"},"content":{"rendered":"<div readability=\"36\">\n<p>Un total de 397 nouveaux cas d\u2019infection au coronavirus et de 378 gu\u00e9risons a \u00e9t\u00e9 enregistr\u00e9 au Maroc au cours des derni\u00e8res 24 heures, a indiqu\u00e9 mardi le minist\u00e8re de la sant\u00e9, soulignant que le nombre de personnes ayant re\u00e7u la premi\u00e8re dose du vaccin a atteint 6.768.161.<\/p>\n<\/div>\n<div readability=\"68\">\n<p>Les personnes qui ont \u00e9t\u00e9 compl\u00e8tement vaccin\u00e9es (1\u00e8re et 2\u00e8me doses) sont au nombre de 4.581.385, a pr\u00e9cis\u00e9 le minist\u00e8re dans son bulletin quotidien sur la situation de la Covid-19.<\/p>\n<p>Ce nouveau bilan porte \u00e0 515.420 le nombre total des contaminations depuis le premier cas signal\u00e9 en mars 2020, tandis que le nombre des personnes r\u00e9tablies est pass\u00e9 \u00e0 503.861, soit un taux de gu\u00e9rison de 97,8%.<\/p>\n<p>A ce jour, le nombre total des d\u00e9c\u00e8s est de 9.105, apr\u00e8s un seul cas de d\u00e9c\u00e8s enregistr\u00e9 \u00e0 Casablanca, pr\u00e9cise le minist\u00e8re, notant que le taux de l\u00e9talit\u00e9 est de 1,8%.<\/p>\n<p>Les nouvelles contaminations ont \u00e9t\u00e9 recens\u00e9es dans les r\u00e9gions de Casablanca-Settat (256), Rabat-Sal\u00e9-K\u00e9nitra (34), Marrakech-Safi (33), Tanger-T\u00e9touan-Al Hoceima (26), Souss-Massa (17), Dara\u00e2-Tafilalet (12), Beni Mellal-Kh\u00e9nifra (8), La\u00e2youne-Sakia El Hamra (4), Guelmim-Oued Noun (3), Dakhla-Oued Eddahab (2) et l\u2019Oriental (2).<\/p>\n<p>Les cas actifs sont au nombre de 2.454, tandis que les cas s\u00e9v\u00e8res ou critiques ont atteint 199, dont 8 plac\u00e9s sous intubation et 104 cas sous ventilation non invasive.<\/p>\n<\/div>\n<p>Auteur: Meriem IGASS<br \/>\n<a href=\"http:\/\/www.mapmarrakech.ma\/fr\/pres-de-7-millions-de-personnes-ont-recu-leur-1ere-dose-du-vaccin\/\">Cliquez ici pour lire l&rsquo;article depuis sa source.<\/a><\/p>\n","protected":false},"excerpt":{"rendered":"<p>Un total de 397 nouveaux cas d\u2019infection au coronavirus et de 378 gu\u00e9risons a \u00e9t\u00e9 enregistr\u00e9 au Maroc au cours des derni\u00e8res 24 heures, a indiqu\u00e9 mardi le minist\u00e8re de la sant\u00e9, soulignant que le nombre de personnes ayant re\u00e7u la premi\u00e8re dose du vaccin a atteint 6.768.161. Les personnes qui ont \u00e9t\u00e9 compl\u00e8tement vaccin\u00e9es [&hellip;]<\/p>\n","protected":false},"author":1788,"featured_media":0,"comment_status":"closed","ping_status":"closed","sticky":false,"template":"","format":"standard","meta":{"fifu_image_url":"","fifu_image_alt":"","footnotes":""},"categories":[54,76],"tags":[],"class_list":["post-116953","post","type-post","status-publish","format-standard","hentry","category-maroc","category-regions"],"_links":{"self":[{"href":"https:\/\/linitiative.ca\/International\/wp-json\/wp\/v2\/posts\/116953","targetHints":{"allow":["GET"]}}],"collection":[{"href":"https:\/\/linitiative.ca\/International\/wp-json\/wp\/v2\/posts"}],"about":[{"href":"https:\/\/linitiative.ca\/International\/wp-json\/wp\/v2\/types\/post"}],"author":[{"embeddable":true,"href":"https:\/\/linitiative.ca\/International\/wp-json\/wp\/v2\/users\/1788"}],"replies":[{"embeddable":true,"href":"https:\/\/linitiative.ca\/International\/wp-json\/wp\/v2\/comments?post=116953"}],"version-history":[{"count":0,"href":"https:\/\/linitiative.ca\/International\/wp-json\/wp\/v2\/posts\/116953\/revisions"}],"wp:attachment":[{"href":"https:\/\/linitiative.ca\/International\/wp-json\/wp\/v2\/media?parent=116953"}],"wp:term":[{"taxonomy":"category","embeddable":true,"href":"https:\/\/linitiative.ca\/International\/wp-json\/wp\/v2\/categories?post=116953"},{"taxonomy":"post_tag","embeddable":true,"href":"https:\/\/linitiative.ca\/International\/wp-json\/wp\/v2\/tags?post=116953"}],"curies":[{"name":"wp","href":"https:\/\/api.w.org\/{rel}","templated":true}]}}