{"id":116954,"date":"2021-05-18T13:56:00","date_gmt":"2021-05-18T17:56:00","guid":{"rendered":"https:\/\/linitiative.ca\/International\/celebration-du-16e-anniversaire-de-lindh\/"},"modified":"2021-05-18T13:56:00","modified_gmt":"2021-05-18T17:56:00","slug":"celebration-du-16e-anniversaire-de-lindh","status":"publish","type":"post","link":"https:\/\/linitiative.ca\/International\/celebration-du-16e-anniversaire-de-lindh\/","title":{"rendered":"C\u00e9l\u00e9bration du 16\u00e8 anniversaire de l\u2019INDH"},"content":{"rendered":"<p>Rehauss\u00e9e par la pr\u00e9sence notamment du gouverneur de la province, M. Aziz Bouignane, \u00e9galement pr\u00e9sident du Comit\u00e9 provincial du d\u00e9veloppement humain (CPDH), des membres dudit Comit\u00e9, de chefs de services ext\u00e9rieurs, des \u00e9lus locaux ainsi que des acteurs de la soci\u00e9t\u00e9 civile, cette manifestation est plac\u00e9e sous le signe \u00ab\u00a0Covid-19 et \u00e9ducation : Bilan et perspectives pour pr\u00e9server les acquis\u00a0\u00bb.<\/p>\n<p>Le choix de cette th\u00e9matique se trouve justifi\u00e9e par de nombreux \u00e9tudes qui ont d\u00e9montr\u00e9 l\u2019impact n\u00e9gatif g\u00e9n\u00e9r\u00e9 par la pand\u00e9mie particuli\u00e8rement sur le secteur de l\u2019\u00e9ducation, malgr\u00e9 les efforts importants d\u00e9ploy\u00e9s par le d\u00e9partement de l\u2019Education Nationale.<\/p>\n<p>De fait, une \u00e9ducation de qualit\u00e9, inclusive et \u00e9quitable se place au coeur des objectifs et pr\u00e9rogatives de la phase III de l\u2019INDH comme l\u2019a appel\u00e9 le message Royal adress\u00e9 par Sa Majest\u00e9 le Roi Mohammed VI aux participants aux premi\u00e8res assises nationales de d\u00e9veloppement humain tenues en septembre 2019 \u00e0 Skhirate.<\/p>\n<p>Dans une allocution de circonstance, M. Bouignane a mis en relief \u00ab\u00a0l\u2019importance particuli\u00e8re de cet \u00e9v\u00e9nement, en termes de conscientisation des diff\u00e9rents milieux et de sensibilisation des acteurs concern\u00e9s sur l\u2019importance de l\u2019\u00e9ducation, tout en consolidant davantage l\u2019importance \u00e0 lui accorder, avec un accent mis sur son impact positif sur la construction d\u2019un avenir radieux pour les g\u00e9n\u00e9rations montantes dans notre pays\u00a0\u00bb.<\/p>\n<p>Tout en rappelant que Sa Majest\u00e9 le Roi Mohammed VI dans Son message Royal adress\u00e9 aux participants aux premi\u00e8res assises nationales du d\u00e9veloppement humain, tenues les 18 et 19 septembre 2019, avait soulign\u00e9 l\u2019importance d\u2019investir dans le capital humain, le gouverneur a mis en \u00e9vidence le r\u00f4le majeur que joue l\u2019INDH au niveau provincial, dans l\u2019att\u00e9nuation des r\u00e9percussions n\u00e9fastes de la Covid-19 sur le secteur de l\u2019\u00e9ducation.<\/p>\n<p>Dans ce sens, M. Bouignane a relev\u00e9 que la province de Rehamna a \u00e9t\u00e9 l\u2019une des premi\u00e8res \u00e0 avoir d\u00e9velopp\u00e9 des projets porteurs d\u2019une certaine cr\u00e9ativit\u00e9 et innovation, \u00e0 l\u2019instar du projet EDUCATEC d\u2019apprentissage \u00e0 distance ou encore, le projet du cartable \u00e9lectronique, sachant que dans le cadre du partenariat avec la direction provinciale de l\u2019Education Nationale et l\u2019Association EDUCATEC Rehamna, il a \u00e9t\u00e9 proc\u00e9d\u00e9 \u00e0 l\u2019enregistrement des cours de tous les niveaux scolaires (quelque 1.333 capsules).<\/p>\n<p>\u00ab\u00a0Nous nous r\u00e9jouissons de ces projets phares, surtout que le studio d\u2019EDUCATEC s\u2019est \u00e9rig\u00e9 durant les premiers mois de la propagation de la pand\u00e9mie du nouveau coronavirus, en une v\u00e9ritable plateforme d\u2019enregistrement d\u2019un nombre important de cours au profit du minist\u00e8re de l\u2019Education Nationale\u00a0\u00bb, a dit M. Bouignane.<\/p>\n<p>Il a, de m\u00eame, exprim\u00e9 ses remerciements \u00e0 l\u2019ensemble des membres du CPDH et des comit\u00e9s locaux de d\u00e9veloppement humain, aux enseignants, aux autorit\u00e9s locales, aux services s\u00e9curitaires et ext\u00e9rieurs, aux \u00e9lus, aux acteurs de la soci\u00e9t\u00e9 civile et aux m\u00e9dias pour leurs efforts consentis en vue d\u2019appuyer le syst\u00e8me \u00e9ducatif et de mieux l\u2019accompagner afin d\u2019att\u00e9nuer l\u2019impact de la pand\u00e9mie.<\/p>\n<p>Dans l\u2019optique de pr\u00e9server ces acquis, le gouverneur a exhort\u00e9 l\u2019ensemble des intervenants \u00e0 favoriser davantage de convergence et de synergie dans les interventions, tout en mettant l\u2019accent sur le d\u00e9veloppement du capital humain et la promotion des conditions des g\u00e9n\u00e9rations montantes en leur redonnant espoir, et l\u2019am\u00e9lioration de la qualit\u00e9 des prestations offertes au citoyen.<\/p>\n<p>Il s\u2019agit aussi d\u2019accompagner les g\u00e9n\u00e9rations montantes \u00e0 travers une approche proactive, et ce, conform\u00e9ment aux objectifs nobles de ce grand chantier Royal via la pr\u00e9servation de la dignit\u00e9 humaine par l\u2019am\u00e9lioration des conditions de vie des citoyens, la r\u00e9duction du d\u00e9ficit en infrastructures et services de base, l\u2019accompagnement des personnes en situation de pr\u00e9carit\u00e9, la contribution \u00e0 l\u2019am\u00e9lioration de l\u2019insertion \u00e9conomique des jeunes et le lancement d\u2019une nouvelle g\u00e9n\u00e9ration d\u2019initiatives g\u00e9n\u00e9ratrices de revenu et cr\u00e9atrices d\u2019emplois, a-t-il encha\u00een\u00e9.<\/p>\n<p>Et de conclure que \u00ab\u00a0gr\u00e2ce aux efforts d\u00e9ploy\u00e9s par l\u2019ensemble des intervenants, l\u2019INDH est devenue une r\u00e9alit\u00e9 palpable, dont les projets profitent \u00e0 de larges cat\u00e9gories sociales, tout en jouissant d\u2019une excellente notori\u00e9t\u00e9 \u00e0 l\u2019international \u00e0 m\u00eame de l\u2019\u00e9riger, d\u00e9sormais, en v\u00e9ritable mod\u00e8le \u00e0 suivre en mati\u00e8re de d\u00e9veloppement humain\u00a0\u00bb.<\/p>\n<p>Par la suite, l\u2019assistance a \u00e9t\u00e9 convi\u00e9e \u00e0 suivre un expos\u00e9 d\u00e9taill\u00e9 sur le bilan de l\u2019INDH au niveau de la province de Rehamna pour la p\u00e9riode 2019-2020, pr\u00e9sent\u00e9 par M. Mohammed Liaaychi, chef de la Division de l\u2019Action Sociale (DAS) relevant de la pr\u00e9fecture de la province de Rehamna.<\/p>\n<p>Cet expos\u00e9 a \u00e9t\u00e9 l\u2019occasion de fournir aux participants, \u00e0 cette journ\u00e9e, un aper\u00e7u d\u00e9taill\u00e9 sur nombre d\u2019indicateurs de d\u00e9veloppement, avec un focus sur la situation de pauvret\u00e9 et de pr\u00e9carit\u00e9 et d\u2019acc\u00e8s aux services sociaux de base au niveau provincial, ainsi que sur le bilan des programmes de l\u2019INDH pour la p\u00e9riode 2019-2020, et les multiples interventions de l\u2019INDH pour att\u00e9nuer les r\u00e9percussions de la pand\u00e9mie de la Covid-19.<\/p>\n<p>Cette c\u00e9r\u00e9monie a \u00e9t\u00e9 aussi marqu\u00e9e par la pr\u00e9sentation d\u2019un film-documentaire r\u00e9alis\u00e9 \u00e0 l\u2019occasion de l\u2019adh\u00e9sion de la ville de Benguerir au r\u00e9seau mondial UNESCO des \u00ab\u00a0villes apprenantes\u00a0\u00bb, mettant en valeur l\u2019engagement de la province en faveur de l\u2019\u00e9ducation, la formation, et la recherche.<\/p>\n<p>Par la m\u00eame occasion, le directeur provincial de l\u2019Education nationale, M. Moha Mohamadi, a pr\u00e9sent\u00e9 un expos\u00e9 autour du th\u00e8me \u00ab\u00a0Covid-19 et \u00e9ducation : Bilan et perspectives pour pr\u00e9server les acquis\u00a0\u00bb dans lequel, chiffre \u00e0 l\u2019appui, il a mis l\u2019accent sur l\u2019impact n\u00e9gatif de la pand\u00e9mie sur l\u2019\u00e9ducation et l\u2019apprentissage au niveau provincial.<\/p>\n<p>En outre, il a pass\u00e9 en revue une panoplie de mesures prises au niveau provincial en vue de promouvoir l\u2019op\u00e9ration \u00e9ducative et p\u00e9dagogique et lutter efficacement contre le nouveau coronavirus en milieu scolaire.<\/p>\n<p>Quant aux autres intervenants, ils ont \u00e9t\u00e9 unanimes \u00e0 souligner l\u2019imp\u00e9ratif de capitaliser sur les acquis, de f\u00e9d\u00e9rer les efforts de tous, et d\u2019agir en vue de lutter efficacement contre la Covid-19, tout en veillant \u00e0 tirer vers le haut la qualit\u00e9 de l\u2019\u00e9ducation et de l\u2019enseignement en tant que l\u2019un des piliers majeurs du d\u00e9veloppement humain.<\/p>\n<p>Ils ont, de m\u00eame, lou\u00e9 l\u2019ensemble des efforts d\u00e9ploy\u00e9s ainsi que les grandes r\u00e9alisations accomplies par le Maroc, sous la conduite \u00e9clair\u00e9e de Sa Majest\u00e9 le Roi Mohammed VI, comme en t\u00e9moigne l\u2019excellente gestion de la pand\u00e9mie de la Covid-19 et la pr\u00e9servation de la sant\u00e9 des citoyens.<\/p>\n<p>Cette rencontre a \u00e9t\u00e9 sanctionn\u00e9e par une s\u00e9rie de recommandations soulignant l\u2019imp\u00e9ratif de capitaliser sur les acquis, de tirer profit des enseignements engendr\u00e9s par la crise sanitaire et par l\u00e0, de proposer une s\u00e9rie d\u2019actions futures susceptibles d\u2019am\u00e9liorer la mise en oeuvre des programmes de l\u2019INDH.<\/p>\n<p>Auteur: Meriem IGASS<br \/>\n<a href=\"http:\/\/www.mapmarrakech.ma\/fr\/celebration-du-16e-anniversaire-de-lindh\/\">Cliquez ici pour lire l&rsquo;article depuis sa source.<\/a><\/p>\n","protected":false},"excerpt":{"rendered":"<p>Rehauss\u00e9e par la pr\u00e9sence notamment du gouverneur de la province, M. Aziz Bouignane, \u00e9galement pr\u00e9sident du Comit\u00e9 provincial du d\u00e9veloppement humain (CPDH), des membres dudit Comit\u00e9, de chefs de services ext\u00e9rieurs, des \u00e9lus locaux ainsi que des acteurs de la soci\u00e9t\u00e9 civile, cette manifestation est plac\u00e9e sous le signe \u00ab\u00a0Covid-19 et \u00e9ducation : Bilan et [&hellip;]<\/p>\n","protected":false},"author":1788,"featured_media":0,"comment_status":"closed","ping_status":"closed","sticky":false,"template":"","format":"standard","meta":{"fifu_image_url":"","fifu_image_alt":"","footnotes":""},"categories":[54,76],"tags":[],"class_list":["post-116954","post","type-post","status-publish","format-standard","hentry","category-maroc","category-regions"],"_links":{"self":[{"href":"https:\/\/linitiative.ca\/International\/wp-json\/wp\/v2\/posts\/116954","targetHints":{"allow":["GET"]}}],"collection":[{"href":"https:\/\/linitiative.ca\/International\/wp-json\/wp\/v2\/posts"}],"about":[{"href":"https:\/\/linitiative.ca\/International\/wp-json\/wp\/v2\/types\/post"}],"author":[{"embeddable":true,"href":"https:\/\/linitiative.ca\/International\/wp-json\/wp\/v2\/users\/1788"}],"replies":[{"embeddable":true,"href":"https:\/\/linitiative.ca\/International\/wp-json\/wp\/v2\/comments?post=116954"}],"version-history":[{"count":0,"href":"https:\/\/linitiative.ca\/International\/wp-json\/wp\/v2\/posts\/116954\/revisions"}],"wp:attachment":[{"href":"https:\/\/linitiative.ca\/International\/wp-json\/wp\/v2\/media?parent=116954"}],"wp:term":[{"taxonomy":"category","embeddable":true,"href":"https:\/\/linitiative.ca\/International\/wp-json\/wp\/v2\/categories?post=116954"},{"taxonomy":"post_tag","embeddable":true,"href":"https:\/\/linitiative.ca\/International\/wp-json\/wp\/v2\/tags?post=116954"}],"curies":[{"name":"wp","href":"https:\/\/api.w.org\/{rel}","templated":true}]}}