{"id":116955,"date":"2021-05-18T12:00:42","date_gmt":"2021-05-18T16:00:42","guid":{"rendered":"https:\/\/linitiative.ca\/International\/lespace-de-la-memoire-de-la-resistance-doujda-temoin-dune-glorieuse-histoire-au-service-de-la-patrie\/"},"modified":"2021-05-18T12:00:42","modified_gmt":"2021-05-18T16:00:42","slug":"lespace-de-la-memoire-de-la-resistance-doujda-temoin-dune-glorieuse-histoire-au-service-de-la-patrie","status":"publish","type":"post","link":"https:\/\/linitiative.ca\/International\/lespace-de-la-memoire-de-la-resistance-doujda-temoin-dune-glorieuse-histoire-au-service-de-la-patrie\/","title":{"rendered":"L\u2019Espace de la m\u00e9moire de la r\u00e9sistance d\u2019Oujda, t\u00e9moin d\u2019une glorieuse histoire au service de la patrie"},"content":{"rendered":"<p class=\"c4\">Non loin de la porte Bab El Gharbi, \u00e0 l\u2019int\u00e9rieur de la m\u00e9dina d\u2019Oujda, se dresse un b\u00e2timent historique qui rec\u00e8le entre ses murs les t\u00e9moignages de pages glorieuses de l\u2019histoire du Maroc, celles \u00e9crites par la famille des r\u00e9sistants et anciens membres de l\u2019Arm\u00e9e de lib\u00e9ration.<\/p>\n<p class=\"c4\">L\u2019Espace de la m\u00e9moire historique de la r\u00e9sistance et de la lib\u00e9ration, am\u00e9nag\u00e9 au sein de ce b\u00e2timent historique et ouvert au public en 2011, propose un voyage dans le temps vers une p\u00e9riode pleine de faits h\u00e9ro\u00efques et de sacrifices consentis par les hommes et les femmes de la r\u00e9sistance contre l\u2019occupation \u00e9trang\u00e8re dans la ville d\u2019Oujda et l\u2019ensemble de la r\u00e9gion de l\u2019Oriental.<\/p>\n<p class=\"c4\">Des photos et portraits d\u2019anciens r\u00e9sistants et martyrs, des armes et mat\u00e9riels utilis\u00e9s par les r\u00e9sistants, des habits et uniformes de l\u2019\u00e9poque, des cartes g\u00e9ographiques retra\u00e7ant les itin\u00e9raires et les hauts lieux de la r\u00e9sistance dans la r\u00e9gion de l\u2019Oriental, des documents divers et bien d\u2019autres objets de grande importance sont expos\u00e9s dans cet espace mus\u00e9al, v\u00e9ritable livre d\u2019histoire d\u00e9di\u00e9 \u00e0 une p\u00e9riode fondamentale dans la construction du Maroc moderne.<\/p>\n<p class=\"c4\">La b\u00e2tisse est en elle-m\u00eame un t\u00e9moignage historique. Premi\u00e8re succursale de la Banque d\u2019Etat du Maroc, sous administration fran\u00e7aise, elle a \u00e9t\u00e9 con\u00e7ue par les architectes Flahault et Coignard et inaugur\u00e9e en septembre 1911.<\/p>\n<p class=\"c4\">Dans les ann\u00e9es 20, ce premier bastion financier de l\u2019occupation fran\u00e7aise deviendra le si\u00e8ge de l\u2019Etat-Major fran\u00e7ais, tout en abritant le si\u00e8ge de la subdivision militaire et une \u00e9cole f\u00e9minine de couture.<\/p>\n<p class=\"c4\">La transformation de ce b\u00e2timent, ancienne forteresse de l\u2019occupation \u00e9trang\u00e8re, en un mus\u00e9e r\u00e9gional de la r\u00e9sistance et de l\u2019arm\u00e9e de lib\u00e9ration, rec\u00e8le une forte symbolique, et constitue en outre un exemple r\u00e9ussi en mati\u00e8re de pr\u00e9servation des monuments historiques en leur donnant une nouvelle vie et une nouvelle fonctionnalit\u00e9.<\/p>\n<p class=\"c4\">En effet, le Haut-commissariat aux anciens r\u00e9sistants et anciens membres de l\u2019arm\u00e9e de lib\u00e9ration avait pris l\u2019initiative et associ\u00e9 plusieurs acteurs et parties au niveau central et local pour mener \u00e0 bien les travaux de reconversion de ce b\u00e2timent historique, pour un montant de 5,5 millions de dirhams (MDH).<\/p>\n<p class=\"c4\">Cet espace mus\u00e9al comprend des salles d\u2019exposition d\u00e9di\u00e9es, respectivement, aux portraits des souverains de la glorieuse dynastie alaouite, aux faits et \u00e9v\u00e8nements li\u00e9s au mouvement national et \u00e0 la r\u00e9sistance dans la r\u00e9gion de l\u2019Oriental, \u00e0 l\u2019histoire et aux faits d\u2019armes de l\u2019Arm\u00e9e de lib\u00e9ration dans la r\u00e9gion et \u00e0 la lutte maghr\u00e9bine commune pour la lib\u00e9ration, en plus d\u2019une salle consacr\u00e9e \u00e0 la m\u00e9moire commune maroco-fran\u00e7aise li\u00e9e \u00e0 la participation des combattants marocains \u00e0 la premi\u00e8re et la deuxi\u00e8me Guerre mondiale.<\/p>\n<p><img class=\"wp-image-29028 aligncenter\" data-src=\"http:\/\/www.mapoujda.ma\/map\/uploads\/2021\/05\/vue-de-lint\u00e9rieur-de-lEspace-de-la-m\u00e9moire-de-la-r\u00e9sistance-d\u2019Oujda-750\u00d7430-MAP.jpg\" alt=\"\" width=\"576\" height=\"330\" srcset=\"http:\/\/www.mapoujda.ma\/map\/uploads\/2021\/05\/vue-de-lint\u00e9rieur-de-lEspace-de-la-m\u00e9moire-de-la-r\u00e9sistance-d\u2019Oujda-750\u00d7430-MAP.jpg 750w, http:\/\/www.mapoujda.ma\/map\/uploads\/2021\/05\/vue-de-lint\u00e9rieur-de-lEspace-de-la-m\u00e9moire-de-la-r\u00e9sistance-d\u2019Oujda-750\u00d7430-MAP-300x172.jpg 300w\" sizes=\"(max-width: 576px) 100vw, 576px\"\/><\/p>\n<p class=\"c4\">Cet \u00e9difice est aussi dot\u00e9 d\u2019une biblioth\u00e8que, d\u2019une salle multim\u00e9dias, d\u2019une salle de conf\u00e9rences et d\u2019un espace de formation, ouverts aux chercheurs et \u00e9tudiants d\u00e9sireux d\u2019\u00e9tudier ou d\u2019en savoir plus sur cette p\u00e9riode h\u00e9ro\u00efque dans l\u2019histoire du Maroc.<\/p>\n<p class=\"c4\">Dans une d\u00e9claration \u00e0 la cha\u00eene d\u2019information M24, le d\u00e9l\u00e9gu\u00e9 r\u00e9gional de l\u2019Oriental du Haut-commissariat des anciens r\u00e9sistants et anciens membres de l\u2019Arm\u00e9e de lib\u00e9ration, Noureddine Azelmat, a indiqu\u00e9 que la r\u00e9novation et l\u2019am\u00e9nagement du b\u00e2timent en tant qu\u2019espace de la m\u00e9moire de la r\u00e9sistance r\u00e9pondait \u00e0 la n\u00e9cessit\u00e9 de pr\u00e9server la m\u00e9moire historique de la r\u00e9sistance d\u2019Oujda et la perp\u00e9tuer aupr\u00e8s des g\u00e9n\u00e9rations montantes.<\/p>\n<p class=\"c4\">Cet espace mus\u00e9al constitue un pont entre le pass\u00e9 et le pr\u00e9sent et un t\u00e9moignage concret sur une p\u00e9riode primordiale de l\u2019histoire du Maroc, de m\u00eame qu\u2019il \u0153uvre pour promouvoir ce patrimoine aupr\u00e8s des jeunes g\u00e9n\u00e9rations, en vue de les \u00e9duquer aux valeurs du patriotisme et de la citoyennet\u00e9 active, a-t-il soulign\u00e9.<\/p>\n<p class=\"c4\">Il joue aussi des r\u00f4les en tant que centre de recherche sur l\u2019histoire de la r\u00e9sistance \u00e0 Oujda et dans la r\u00e9gion de l\u2019Oriental, en plus des r\u00f4les de communication et de sensibilisation notamment au profit des g\u00e9n\u00e9rations montantes, y compris \u00e0 travers l\u2019organisation de visites pour les \u00e9l\u00e8ves et les \u00e9tudiants, qui peuvent ainsi prendre la mesure des grands sacrifices fournis par les nationaux et les r\u00e9sistants, a relev\u00e9 M. Azelmat.<\/p>\n<p class=\"c4\">Mustafa Benalla, universitaire et chercheur en histoire, est revenu quant \u00e0 lui sur les faits et \u00e9v\u00e8nements historiques qui ont contribu\u00e9 \u00e0 l\u2019enracinement et le renforcement de l\u2019esprit national chez les habitants d\u2019Oujda et du Maroc oriental, en particulier la visite royale effectu\u00e9e en 1934 par feu SM Mohammed V \u00e0 Oujda et d\u2019autres villes de la r\u00e9gion.<\/p>\n<p class=\"c4\">Il a aussi mis l\u2019accent sur le r\u00e9sultat le plus marquant de cette mont\u00e9e de l\u2019esprit patriotique dans la r\u00e9gion sous le protectorat, \u00e0 savoir le soul\u00e8vement du 16 ao\u00fbt 1953 \u00e0 Oujda puis du 17 ao\u00fbt 1953 \u00e0 Tafoughalt, deux jalons importants dans la lutte pour la libert\u00e9 et l\u2019ind\u00e9pendance nationale.<\/p>\n<p class=\"c4\">Ces deux soul\u00e8vements constituent les premi\u00e8res \u00e9tincelles de la r\u00e9volution du Roi et du peuple, en r\u00e9ponse \u00e0 la d\u00e9cision des autorit\u00e9s fran\u00e7aises de contraindre SM. Mohammed V, le Sultan l\u00e9gitime, ainsi que la Famille Royale, \u00e0 l\u2019exil en Corse (puis \u00e0 Madagascar \u00e0 partir de 1954), afin de renforcer l\u2019autorit\u00e9 de Ben Arafa et de mettre \u00e0 mal l\u2019ardeur de la r\u00e9sistance nationale, a-t-il not\u00e9.<\/p>\n<p class=\"c4\">L\u2019historien a tenu aussi \u00e0 rappeler le r\u00f4le primordial jou\u00e9 par les r\u00e9sistants de la r\u00e9gion de l\u2019Oriental dans les mouvements de lib\u00e9ration des autres pays du Maghreb, puisqu\u2019ils \u00e9taient notamment charg\u00e9s d\u2019acheminer les armes en direction de l\u2019Alg\u00e9rie et de la Tunisie, en plus de la contribution de la r\u00e9gion de l\u2019Oriental dans la cr\u00e9ation en 1955 de l\u2019Arm\u00e9e de lib\u00e9ration.<\/p>\n<p class=\"c4\">Autant d\u2019\u00e9pop\u00e9es qui font la fiert\u00e9 de la r\u00e9gion et qui sont amplement document\u00e9es et mises en avant au sein de l\u2019Espace de la m\u00e9moire historique de la r\u00e9sistance d\u2019Oujda.<\/p>\n<p>Auteur: Soufiane ELAHMAR<br \/>\n<a href=\"http:\/\/www.mapoujda.ma\/fr\/lespace-de-la-memoire-de-la-resistance-doujda-temoin-dune-glorieuse-histoire-au-service-de-la-patrie\/\">Cliquez ici pour lire l&rsquo;article depuis sa source.<\/a><\/p>\n","protected":false},"excerpt":{"rendered":"<p>Non loin de la porte Bab El Gharbi, \u00e0 l\u2019int\u00e9rieur de la m\u00e9dina d\u2019Oujda, se dresse un b\u00e2timent historique qui rec\u00e8le entre ses murs les t\u00e9moignages de pages glorieuses de l\u2019histoire du Maroc, celles \u00e9crites par la famille des r\u00e9sistants et anciens membres de l\u2019Arm\u00e9e de lib\u00e9ration. L\u2019Espace de la m\u00e9moire historique de la r\u00e9sistance [&hellip;]<\/p>\n","protected":false},"author":1788,"featured_media":0,"comment_status":"closed","ping_status":"closed","sticky":false,"template":"","format":"standard","meta":{"fifu_image_url":"http:\/\/www.mapoujda.ma\/map\/uploads\/2021\/05\/vue-de-lint\u00e9rieur-de-lEspace-de-la-m\u00e9moire-de-la-r\u00e9sistance-d\u2019Oujda-750\u00d7430-MAP.jpg","fifu_image_alt":"L\u2019Espace de la m\u00e9moire de la r\u00e9sistance d\u2019Oujda, t\u00e9moin d\u2019une glorieuse histoire au service de la patrie","footnotes":""},"categories":[54,76],"tags":[],"class_list":["post-116955","post","type-post","status-publish","format-standard","hentry","category-maroc","category-regions"],"_links":{"self":[{"href":"https:\/\/linitiative.ca\/International\/wp-json\/wp\/v2\/posts\/116955","targetHints":{"allow":["GET"]}}],"collection":[{"href":"https:\/\/linitiative.ca\/International\/wp-json\/wp\/v2\/posts"}],"about":[{"href":"https:\/\/linitiative.ca\/International\/wp-json\/wp\/v2\/types\/post"}],"author":[{"embeddable":true,"href":"https:\/\/linitiative.ca\/International\/wp-json\/wp\/v2\/users\/1788"}],"replies":[{"embeddable":true,"href":"https:\/\/linitiative.ca\/International\/wp-json\/wp\/v2\/comments?post=116955"}],"version-history":[{"count":0,"href":"https:\/\/linitiative.ca\/International\/wp-json\/wp\/v2\/posts\/116955\/revisions"}],"wp:attachment":[{"href":"https:\/\/linitiative.ca\/International\/wp-json\/wp\/v2\/media?parent=116955"}],"wp:term":[{"taxonomy":"category","embeddable":true,"href":"https:\/\/linitiative.ca\/International\/wp-json\/wp\/v2\/categories?post=116955"},{"taxonomy":"post_tag","embeddable":true,"href":"https:\/\/linitiative.ca\/International\/wp-json\/wp\/v2\/tags?post=116955"}],"curies":[{"name":"wp","href":"https:\/\/api.w.org\/{rel}","templated":true}]}}